{"id":9714,"date":"2022-03-09T10:00:00","date_gmt":"2022-03-09T13:00:00","guid":{"rendered":"https:\/\/www.agenciainfra.com\/blog\/?p=9714"},"modified":"2022-03-08T11:44:46","modified_gmt":"2022-03-08T14:44:46","slug":"infradebate-a-inadiavel-mudanca-de-rumo-na-concessao-do-aeroporto-de-jacarepagua","status":"publish","type":"post","link":"https:\/\/agenciainfra.com\/blog\/infradebate-a-inadiavel-mudanca-de-rumo-na-concessao-do-aeroporto-de-jacarepagua\/","title":{"rendered":"iNFRADebate: A inadi\u00e1vel mudan\u00e7a de rumo na concess\u00e3o do Aeroporto de Jacarepagu\u00e1"},"content":{"rendered":"\n<p class=\"has-text-align-right\"><strong>Delmo Pinho*<\/strong><\/p>\n\n\n\n<p>S\u00e3o dignas de registro as modifica\u00e7\u00f5es ocorridas na concess\u00e3o do Aeroporto Santos Dumont nos \u00faltimos 30 dias. Passamos de um bloco disforme de aeroportos (Santos Dumont, Jacarepagu\u00e1, Uberaba, Uberl\u00e2ndia e Montes Claros), onde o modelo de concess\u00e3o \u201cn\u00e3o lembrava da exist\u00eancia do Gale\u00e3o\u201d, a um novo bloco Santos Dumont e Gale\u00e3o, potente o bastante para imprimir concorr\u00eancia entre hubs a\u00e9reos no pa\u00eds. Muito bom para o Rio de Janeiro e para o Brasil. E serviu para demonstrar que, unida num objetivo, a sociedade fluminense \u00e9 de fato poderosa.<\/p>\n\n\n\n<p>Todos os problemas da modelagem do Santos Dumont tiveram como raiz a falta de di\u00e1logo da ANAC (Ag\u00eancia Nacional de Avia\u00e7\u00e3o Civil) e da SAC (Secretaria Nacional de Avia\u00e7\u00e3o Civil) em conduzir quest\u00f5es sens\u00edveis para a sociedade, notadamente numa concess\u00e3o de servi\u00e7o p\u00fablico. Felizmente, o Minfra (Minist\u00e9rio da Infraestrutura), com a habilidade do ministro Tarc\u00edsio e equipe, contornou a quest\u00e3o.<\/p>\n\n\n\n<p>Todavia, repentinamente, a ANAC aprovou em 23 de fevereiro a concess\u00e3o de um novo bloco, composto pelos aeroportos Campo de Marte (SP) e Jacarepagu\u00e1 (RJ), no que seria a maior concess\u00e3o de aeroportos executivos da Am\u00e9rica Latina. O que isto representa? Na pr\u00e1tica muito pouco para a avia\u00e7\u00e3o civil, visto que se restringiria em promover investimentos nos dois aeroportos, e significativos valores de outorga financeira para o Tesouro Nacional, ou seja, nada de estrutural.<\/p>\n\n\n\n<p>Todavia a SAC e a ANAC se esquecem de conversar com os moradores da Barra da Tijuca e cercanias, onde est\u00e1 localizado o Aeroporto de Jacarepagu\u00e1. Com os investimentos previstos, o j\u00e1 intenso movimento de grandes helic\u00f3pteros sobre resid\u00eancias, hospitais etc. dever\u00e1 aumentar consideravelmente, gerando ainda maiores inc\u00f4modos e reclama\u00e7\u00f5es. Todavia se a decis\u00e3o fosse mais racional, parte do excesso de voos de Jacarepagu\u00e1 poderia ser redistribu\u00edda para outros aer\u00f3dromos do estado (Nova Igua\u00e7u e Maric\u00e1), tal como planejado h\u00e1 20 anos. \u201cEsqueceram\u201d novamente que o Rio de Janeiro tem uma rede complementar de aer\u00f3dromos p\u00fablicos com boas pistas pavimentadas, v\u00e1rios deles de propriedade da Uni\u00e3o, cedidos para prefeituras, que por sua vez t\u00eam enormes dificuldades em mant\u00ea-los.<\/p>\n\n\n\n<p>Neste aspecto, um estado tur\u00edstico como Rio, que precisa dinamizar atividades empresariais no interior, n\u00e3o pode sistematicamente ter opera\u00e7\u00f5es de helic\u00f3pteros usando campos de futebol, pra\u00e7as etc., e contar com uma rede de aer\u00f3dromos em sofr\u00edvel estado de manuten\u00e7\u00e3o. O Rio precisa e pode ter uma rede aerovi\u00e1ria complementar aos grandes aeroportos, de boa qualidade, bem mantida e segura, com bons aeroportos e heliportos, que n\u00e3o onere os cofres p\u00fablicos. Vamos contar com a a\u00e7\u00e3o do Minfra, redirecionando tal quest\u00e3o, viabilizando um bloco de concess\u00e3o Rio, com Jacarepagu\u00e1 \u00e0 frente da citada rede complementar de aer\u00f3dromos e heliportos.<\/p>\n\n\n\n<p>Certo \u00e9 que desde 2019, o estado do Rio vem solicitando \u00e0 SAC que o Aeroporto de Jacarepagu\u00e1 fosse transferido ao estado e concessionado conjuntamente com os aer\u00f3dromos de Resende e Itaperuna \u2013 operacionais, Nova Igua\u00e7u \u2013 inoperante, que s\u00e3o pr\u00f3prios federias, todos com pistas asfaltadas de 1.200m de comprimento, ou seja, quase da mesma extens\u00e3o que as pistas do Santos Dumont, al\u00e9m da pequena pista asfaltada de Paraty. Essa nova concess\u00e3o tamb\u00e9m englobaria a constru\u00e7\u00e3o e opera\u00e7\u00e3o de cinco bons heliportos em Petr\u00f3polis, Teres\u00f3polis, Friburgo, Mau\u00e1 (Resende) e Ilha Grande (Angra), que fazem muita falta, seja no incremento de atividades tur\u00edsticas e empresariais, mas tamb\u00e9m em emerg\u00eancias, tal como recentemente em Petr\u00f3polis.<\/p>\n\n\n\n<p>Vale lembrar que, no decorrer de 2021, o Minfra retirou da 7\u00aa Rodada de Concess\u00f5es os aeroportos de S\u00e3o Jos\u00e9 dos Campos (SP) e Pampulha (MG), e os repassou aos poderes locais para os concessionarem. A mesma decis\u00e3o deveria ser adotada no Rio de Janeiro. N\u00e3o h\u00e1 tempo a perder, visto que na semana passada a SAC encaminhou a modelagem da concess\u00e3o para aprova\u00e7\u00e3o pelo TCU (Tribunal de Contas da Uni\u00e3o)!<\/p>\n\n\n\n<h6 class=\"wp-block-heading\" id=\"block-aa9ff8cf-f9c2-435f-85ff-56a599c37bc9\"><strong>*<strong>Delmo Pinho \u00e9 assessor da presid\u00eancia da Fecom\u00e9rcio RJ e ex-secret\u00e1rio estadual de Transportes do RJ<\/strong>.<\/strong><\/h6>\n\n\n\n<h5 class=\"wp-block-heading\" id=\"block-d67878ff-7627-4f15-b175-8f58269174ff\">O iNFRADebate \u00e9 o espa\u00e7o de artigos da Ag\u00eancia iNFRA com opini\u00f5es de seus atores que n\u00e3o refletem necessariamente o pensamento da Ag\u00eancia iNFRA, sendo de total responsabilidade do autor as informa\u00e7\u00f5es, ju\u00edzos de valor e conceitos descritos no texto.<\/h5>\n","protected":false},"excerpt":{"rendered":"<p>Delmo Pinho* S\u00e3o dignas de registro as modifica\u00e7\u00f5es ocorridas na concess\u00e3o do Aeroporto Santos Dumont nos \u00faltimos 30 dias. Passamos de um bloco disforme de aeroportos (Santos Dumont, Jacarepagu\u00e1, Uberaba, Uberl\u00e2ndia e Montes Claros), onde o modelo de concess\u00e3o \u201cn\u00e3o lembrava da exist\u00eancia do Gale\u00e3o\u201d, a um novo bloco Santos Dumont e Gale\u00e3o, potente o [&hellip;]<\/p>\n","protected":false},"author":1,"featured_media":9716,"comment_status":"closed","ping_status":"closed","sticky":false,"template":"","format":"standard","meta":{"_monsterinsights_skip_tracking":false,"_monsterinsights_sitenote_active":false,"_monsterinsights_sitenote_note":"","_monsterinsights_sitenote_category":0,"footnotes":""},"categories":[1,11],"tags":[5298,107,242,2684,3050,775,1654,682,743,70],"class_list":["post-9714","post","type-post","status-publish","format-standard","has-post-thumbnail","hentry","category-geral","category-infradebate","tag-aeroporto-de-jacarepagua","tag-aeroportos","tag-anac","tag-concessoes-aeroportuarias","tag-galeao","tag-ministerio-da-infraestrutura","tag-rio-de-janeiro","tag-sac","tag-santos-dumont","tag-transportes"],"yoast_head":"<!-- This site is optimized with the Yoast SEO Premium plugin v25.4 (Yoast SEO v26.0) - https:\/\/yoast.com\/wordpress\/plugins\/seo\/ -->\n<title>iNFRADebate: A inadi\u00e1vel mudan\u00e7a de rumo na concess\u00e3o do Aeroporto de Jacarepagu\u00e1 - Ag\u00eancia iNFRA<\/title>\n<meta name=\"robots\" content=\"index, follow, max-snippet:-1, max-image-preview:large, max-video-preview:-1\" \/>\n<link rel=\"canonical\" href=\"https:\/\/agenciainfra.com\/blog\/infradebate-a-inadiavel-mudanca-de-rumo-na-concessao-do-aeroporto-de-jacarepagua\/\" \/>\n<meta property=\"og:locale\" content=\"pt_BR\" \/>\n<meta property=\"og:type\" content=\"article\" \/>\n<meta property=\"og:title\" content=\"iNFRADebate: A inadi\u00e1vel mudan\u00e7a de rumo na concess\u00e3o do Aeroporto de Jacarepagu\u00e1\" \/>\n<meta property=\"og:description\" content=\"Delmo Pinho* S\u00e3o dignas de registro as modifica\u00e7\u00f5es ocorridas na concess\u00e3o do Aeroporto Santos Dumont nos \u00faltimos 30 dias. Passamos de um bloco disforme de aeroportos (Santos Dumont, Jacarepagu\u00e1, Uberaba, Uberl\u00e2ndia e Montes Claros), onde o modelo de concess\u00e3o \u201cn\u00e3o lembrava da exist\u00eancia do Gale\u00e3o\u201d, a um novo bloco Santos Dumont e Gale\u00e3o, potente o [&hellip;]\" \/>\n<meta property=\"og:url\" content=\"https:\/\/agenciainfra.com\/blog\/infradebate-a-inadiavel-mudanca-de-rumo-na-concessao-do-aeroporto-de-jacarepagua\/\" \/>\n<meta property=\"og:site_name\" content=\"Ag\u00eancia iNFRA\" \/>\n<meta property=\"article:publisher\" content=\"https:\/\/www.facebook.com\/ageninfra\" \/>\n<meta property=\"article:published_time\" content=\"2022-03-09T13:00:00+00:00\" \/>\n<meta property=\"og:image\" content=\"https:\/\/agenciainfra.com\/blog\/wp-content\/uploads\/2022\/03\/aeroporto-de-jacarepagua-foto-infraero.jpg\" \/>\n\t<meta property=\"og:image:width\" content=\"1279\" \/>\n\t<meta property=\"og:image:height\" content=\"689\" \/>\n\t<meta property=\"og:image:type\" content=\"image\/jpeg\" \/>\n<meta name=\"author\" content=\"Ag\u00eancia iNFRA\" \/>\n<meta name=\"twitter:card\" content=\"summary_large_image\" \/>\n<meta name=\"twitter:creator\" content=\"@agencia_infra\" \/>\n<meta name=\"twitter:site\" content=\"@agencia_infra\" \/>\n<meta name=\"twitter:label1\" content=\"Escrito por\" \/>\n\t<meta name=\"twitter:data1\" content=\"Ag\u00eancia iNFRA\" \/>\n\t<meta name=\"twitter:label2\" content=\"Est. tempo de leitura\" \/>\n\t<meta name=\"twitter:data2\" content=\"4 minutos\" \/>\n<script type=\"application\/ld+json\" class=\"yoast-schema-graph\">{\"@context\":\"https:\/\/schema.org\",\"@graph\":[{\"@type\":\"Article\",\"@id\":\"https:\/\/agenciainfra.com\/blog\/infradebate-a-inadiavel-mudanca-de-rumo-na-concessao-do-aeroporto-de-jacarepagua\/#article\",\"isPartOf\":{\"@id\":\"https:\/\/agenciainfra.com\/blog\/infradebate-a-inadiavel-mudanca-de-rumo-na-concessao-do-aeroporto-de-jacarepagua\/\"},\"author\":{\"name\":\"Ag\u00eancia iNFRA\",\"@id\":\"https:\/\/agenciainfra.com\/blog\/#\/schema\/person\/34af08dff6adea4cb22b06612ba7acfa\"},\"headline\":\"iNFRADebate: A inadi\u00e1vel mudan\u00e7a de rumo na concess\u00e3o do Aeroporto de Jacarepagu\u00e1\",\"datePublished\":\"2022-03-09T13:00:00+00:00\",\"mainEntityOfPage\":{\"@id\":\"https:\/\/agenciainfra.com\/blog\/infradebate-a-inadiavel-mudanca-de-rumo-na-concessao-do-aeroporto-de-jacarepagua\/\"},\"wordCount\":772,\"publisher\":{\"@id\":\"https:\/\/agenciainfra.com\/blog\/#organization\"},\"image\":{\"@id\":\"https:\/\/agenciainfra.com\/blog\/infradebate-a-inadiavel-mudanca-de-rumo-na-concessao-do-aeroporto-de-jacarepagua\/#primaryimage\"},\"thumbnailUrl\":\"https:\/\/agenciainfra.com\/blog\/wp-content\/uploads\/2022\/03\/aeroporto-de-jacarepagua-foto-infraero.jpg\",\"keywords\":[\"Aeroporto de Jacarepagu\u00e1\",\"aeroportos\",\"ANAC\",\"concess\u00f5es aeroportu\u00e1rias\",\"Gale\u00e3o\",\"Minist\u00e9rio da Infraestrutura\",\"Rio de Janeiro\",\"SAC\",\"Santos Dumont\",\"transportes\"],\"articleSection\":[\"Geral\",\"iNFRADebate\"],\"inLanguage\":\"pt-BR\",\"copyrightYear\":\"2022\",\"copyrightHolder\":{\"@id\":\"https:\/\/agenciainfra.com\/blog\/#organization\"}},{\"@type\":\"WebPage\",\"@id\":\"https:\/\/agenciainfra.com\/blog\/infradebate-a-inadiavel-mudanca-de-rumo-na-concessao-do-aeroporto-de-jacarepagua\/\",\"url\":\"https:\/\/agenciainfra.com\/blog\/infradebate-a-inadiavel-mudanca-de-rumo-na-concessao-do-aeroporto-de-jacarepagua\/\",\"name\":\"iNFRADebate: A inadi\u00e1vel mudan\u00e7a de rumo na concess\u00e3o do Aeroporto de Jacarepagu\u00e1 - Ag\u00eancia iNFRA\",\"isPartOf\":{\"@id\":\"https:\/\/agenciainfra.com\/blog\/#website\"},\"primaryImageOfPage\":{\"@id\":\"https:\/\/agenciainfra.com\/blog\/infradebate-a-inadiavel-mudanca-de-rumo-na-concessao-do-aeroporto-de-jacarepagua\/#primaryimage\"},\"image\":{\"@id\":\"https:\/\/agenciainfra.com\/blog\/infradebate-a-inadiavel-mudanca-de-rumo-na-concessao-do-aeroporto-de-jacarepagua\/#primaryimage\"},\"thumbnailUrl\":\"https:\/\/agenciainfra.com\/blog\/wp-content\/uploads\/2022\/03\/aeroporto-de-jacarepagua-foto-infraero.jpg\",\"datePublished\":\"2022-03-09T13:00:00+00:00\",\"breadcrumb\":{\"@id\":\"https:\/\/agenciainfra.com\/blog\/infradebate-a-inadiavel-mudanca-de-rumo-na-concessao-do-aeroporto-de-jacarepagua\/#breadcrumb\"},\"inLanguage\":\"pt-BR\",\"potentialAction\":[{\"@type\":\"ReadAction\",\"target\":[\"https:\/\/agenciainfra.com\/blog\/infradebate-a-inadiavel-mudanca-de-rumo-na-concessao-do-aeroporto-de-jacarepagua\/\"]}]},{\"@type\":\"ImageObject\",\"inLanguage\":\"pt-BR\",\"@id\":\"https:\/\/agenciainfra.com\/blog\/infradebate-a-inadiavel-mudanca-de-rumo-na-concessao-do-aeroporto-de-jacarepagua\/#primaryimage\",\"url\":\"https:\/\/agenciainfra.com\/blog\/wp-content\/uploads\/2022\/03\/aeroporto-de-jacarepagua-foto-infraero.jpg\",\"contentUrl\":\"https:\/\/agenciainfra.com\/blog\/wp-content\/uploads\/2022\/03\/aeroporto-de-jacarepagua-foto-infraero.jpg\",\"width\":1279,\"height\":689,\"caption\":\"Foto: Infraero\/Divulga\u00e7\u00e3o\"},{\"@type\":\"BreadcrumbList\",\"@id\":\"https:\/\/agenciainfra.com\/blog\/infradebate-a-inadiavel-mudanca-de-rumo-na-concessao-do-aeroporto-de-jacarepagua\/#breadcrumb\",\"itemListElement\":[{\"@type\":\"ListItem\",\"position\":1,\"name\":\"In\u00edcio\",\"item\":\"https:\/\/agenciainfra.com\/blog\/\"},{\"@type\":\"ListItem\",\"position\":2,\"name\":\"iNFRADebate: A inadi\u00e1vel mudan\u00e7a de rumo na concess\u00e3o do Aeroporto de Jacarepagu\u00e1\"}]},{\"@type\":\"WebSite\",\"@id\":\"https:\/\/agenciainfra.com\/blog\/#website\",\"url\":\"https:\/\/agenciainfra.com\/blog\/\",\"name\":\"Ag\u00eancia iNFRA\",\"description\":\"Multiplataforma de informa\u00e7\u00e3o jornal\u00edstica refer\u00eancia na \u00e1rea de infraestrutura no Brasil!\",\"publisher\":{\"@id\":\"https:\/\/agenciainfra.com\/blog\/#organization\"},\"potentialAction\":[{\"@type\":\"SearchAction\",\"target\":{\"@type\":\"EntryPoint\",\"urlTemplate\":\"https:\/\/agenciainfra.com\/blog\/?s={search_term_string}\"},\"query-input\":{\"@type\":\"PropertyValueSpecification\",\"valueRequired\":true,\"valueName\":\"search_term_string\"}}],\"inLanguage\":\"pt-BR\"},{\"@type\":\"Organization\",\"@id\":\"https:\/\/agenciainfra.com\/blog\/#organization\",\"name\":\"Ag\u00eancia iNFRA\",\"url\":\"https:\/\/agenciainfra.com\/blog\/\",\"logo\":{\"@type\":\"ImageObject\",\"inLanguage\":\"pt-BR\",\"@id\":\"https:\/\/agenciainfra.com\/blog\/#\/schema\/logo\/image\/\",\"url\":\"https:\/\/agenciainfra.com\/blog\/wp-content\/uploads\/2023\/09\/iNFRA_5-e1761735885940.png\",\"contentUrl\":\"https:\/\/agenciainfra.com\/blog\/wp-content\/uploads\/2023\/09\/iNFRA_5-e1761735885940.png\",\"width\":1672,\"height\":454,\"caption\":\"Ag\u00eancia iNFRA\"},\"image\":{\"@id\":\"https:\/\/agenciainfra.com\/blog\/#\/schema\/logo\/image\/\"},\"sameAs\":[\"https:\/\/www.facebook.com\/ageninfra\",\"https:\/\/x.com\/agencia_infra\",\"https:\/\/www.linkedin.com\/company\/ag\u00eanciainfra\/\",\"https:\/\/www.instagram.com\/agenciainfra\/\"]},{\"@type\":\"Person\",\"@id\":\"https:\/\/agenciainfra.com\/blog\/#\/schema\/person\/34af08dff6adea4cb22b06612ba7acfa\",\"name\":\"Ag\u00eancia iNFRA\",\"image\":{\"@type\":\"ImageObject\",\"inLanguage\":\"pt-BR\",\"@id\":\"https:\/\/agenciainfra.com\/blog\/#\/schema\/person\/image\/\",\"url\":\"https:\/\/secure.gravatar.com\/avatar\/d189e01678f06d8eb84d4e01f08eb848b3fffe3f8443818d3c356c66892f5be8?s=96&d=mm&r=g\",\"contentUrl\":\"https:\/\/secure.gravatar.com\/avatar\/d189e01678f06d8eb84d4e01f08eb848b3fffe3f8443818d3c356c66892f5be8?s=96&d=mm&r=g\",\"caption\":\"Ag\u00eancia iNFRA\"},\"url\":\"https:\/\/agenciainfra.com\/blog\/author\/admin\/\"}]}<\/script>\n<!-- \/ Yoast SEO Premium plugin. -->","yoast_head_json":{"title":"iNFRADebate: A inadi\u00e1vel mudan\u00e7a de rumo na concess\u00e3o do Aeroporto de Jacarepagu\u00e1 - Ag\u00eancia iNFRA","robots":{"index":"index","follow":"follow","max-snippet":"max-snippet:-1","max-image-preview":"max-image-preview:large","max-video-preview":"max-video-preview:-1"},"canonical":"https:\/\/agenciainfra.com\/blog\/infradebate-a-inadiavel-mudanca-de-rumo-na-concessao-do-aeroporto-de-jacarepagua\/","og_locale":"pt_BR","og_type":"article","og_title":"iNFRADebate: A inadi\u00e1vel mudan\u00e7a de rumo na concess\u00e3o do Aeroporto de Jacarepagu\u00e1","og_description":"Delmo Pinho* S\u00e3o dignas de registro as modifica\u00e7\u00f5es ocorridas na concess\u00e3o do Aeroporto Santos Dumont nos \u00faltimos 30 dias. Passamos de um bloco disforme de aeroportos (Santos Dumont, Jacarepagu\u00e1, Uberaba, Uberl\u00e2ndia e Montes Claros), onde o modelo de concess\u00e3o \u201cn\u00e3o lembrava da exist\u00eancia do Gale\u00e3o\u201d, a um novo bloco Santos Dumont e Gale\u00e3o, potente o [&hellip;]","og_url":"https:\/\/agenciainfra.com\/blog\/infradebate-a-inadiavel-mudanca-de-rumo-na-concessao-do-aeroporto-de-jacarepagua\/","og_site_name":"Ag\u00eancia iNFRA","article_publisher":"https:\/\/www.facebook.com\/ageninfra","article_published_time":"2022-03-09T13:00:00+00:00","og_image":[{"width":1279,"height":689,"url":"https:\/\/agenciainfra.com\/blog\/wp-content\/uploads\/2022\/03\/aeroporto-de-jacarepagua-foto-infraero.jpg","type":"image\/jpeg"}],"author":"Ag\u00eancia iNFRA","twitter_card":"summary_large_image","twitter_creator":"@agencia_infra","twitter_site":"@agencia_infra","twitter_misc":{"Escrito por":"Ag\u00eancia iNFRA","Est. tempo de leitura":"4 minutos"},"schema":{"@context":"https:\/\/schema.org","@graph":[{"@type":"Article","@id":"https:\/\/agenciainfra.com\/blog\/infradebate-a-inadiavel-mudanca-de-rumo-na-concessao-do-aeroporto-de-jacarepagua\/#article","isPartOf":{"@id":"https:\/\/agenciainfra.com\/blog\/infradebate-a-inadiavel-mudanca-de-rumo-na-concessao-do-aeroporto-de-jacarepagua\/"},"author":{"name":"Ag\u00eancia iNFRA","@id":"https:\/\/agenciainfra.com\/blog\/#\/schema\/person\/34af08dff6adea4cb22b06612ba7acfa"},"headline":"iNFRADebate: A inadi\u00e1vel mudan\u00e7a de rumo na concess\u00e3o do Aeroporto de Jacarepagu\u00e1","datePublished":"2022-03-09T13:00:00+00:00","mainEntityOfPage":{"@id":"https:\/\/agenciainfra.com\/blog\/infradebate-a-inadiavel-mudanca-de-rumo-na-concessao-do-aeroporto-de-jacarepagua\/"},"wordCount":772,"publisher":{"@id":"https:\/\/agenciainfra.com\/blog\/#organization"},"image":{"@id":"https:\/\/agenciainfra.com\/blog\/infradebate-a-inadiavel-mudanca-de-rumo-na-concessao-do-aeroporto-de-jacarepagua\/#primaryimage"},"thumbnailUrl":"https:\/\/agenciainfra.com\/blog\/wp-content\/uploads\/2022\/03\/aeroporto-de-jacarepagua-foto-infraero.jpg","keywords":["Aeroporto de Jacarepagu\u00e1","aeroportos","ANAC","concess\u00f5es aeroportu\u00e1rias","Gale\u00e3o","Minist\u00e9rio da Infraestrutura","Rio de Janeiro","SAC","Santos Dumont","transportes"],"articleSection":["Geral","iNFRADebate"],"inLanguage":"pt-BR","copyrightYear":"2022","copyrightHolder":{"@id":"https:\/\/agenciainfra.com\/blog\/#organization"}},{"@type":"WebPage","@id":"https:\/\/agenciainfra.com\/blog\/infradebate-a-inadiavel-mudanca-de-rumo-na-concessao-do-aeroporto-de-jacarepagua\/","url":"https:\/\/agenciainfra.com\/blog\/infradebate-a-inadiavel-mudanca-de-rumo-na-concessao-do-aeroporto-de-jacarepagua\/","name":"iNFRADebate: A inadi\u00e1vel mudan\u00e7a de rumo na concess\u00e3o do Aeroporto de Jacarepagu\u00e1 - Ag\u00eancia iNFRA","isPartOf":{"@id":"https:\/\/agenciainfra.com\/blog\/#website"},"primaryImageOfPage":{"@id":"https:\/\/agenciainfra.com\/blog\/infradebate-a-inadiavel-mudanca-de-rumo-na-concessao-do-aeroporto-de-jacarepagua\/#primaryimage"},"image":{"@id":"https:\/\/agenciainfra.com\/blog\/infradebate-a-inadiavel-mudanca-de-rumo-na-concessao-do-aeroporto-de-jacarepagua\/#primaryimage"},"thumbnailUrl":"https:\/\/agenciainfra.com\/blog\/wp-content\/uploads\/2022\/03\/aeroporto-de-jacarepagua-foto-infraero.jpg","datePublished":"2022-03-09T13:00:00+00:00","breadcrumb":{"@id":"https:\/\/agenciainfra.com\/blog\/infradebate-a-inadiavel-mudanca-de-rumo-na-concessao-do-aeroporto-de-jacarepagua\/#breadcrumb"},"inLanguage":"pt-BR","potentialAction":[{"@type":"ReadAction","target":["https:\/\/agenciainfra.com\/blog\/infradebate-a-inadiavel-mudanca-de-rumo-na-concessao-do-aeroporto-de-jacarepagua\/"]}]},{"@type":"ImageObject","inLanguage":"pt-BR","@id":"https:\/\/agenciainfra.com\/blog\/infradebate-a-inadiavel-mudanca-de-rumo-na-concessao-do-aeroporto-de-jacarepagua\/#primaryimage","url":"https:\/\/agenciainfra.com\/blog\/wp-content\/uploads\/2022\/03\/aeroporto-de-jacarepagua-foto-infraero.jpg","contentUrl":"https:\/\/agenciainfra.com\/blog\/wp-content\/uploads\/2022\/03\/aeroporto-de-jacarepagua-foto-infraero.jpg","width":1279,"height":689,"caption":"Foto: Infraero\/Divulga\u00e7\u00e3o"},{"@type":"BreadcrumbList","@id":"https:\/\/agenciainfra.com\/blog\/infradebate-a-inadiavel-mudanca-de-rumo-na-concessao-do-aeroporto-de-jacarepagua\/#breadcrumb","itemListElement":[{"@type":"ListItem","position":1,"name":"In\u00edcio","item":"https:\/\/agenciainfra.com\/blog\/"},{"@type":"ListItem","position":2,"name":"iNFRADebate: A inadi\u00e1vel mudan\u00e7a de rumo na concess\u00e3o do Aeroporto de Jacarepagu\u00e1"}]},{"@type":"WebSite","@id":"https:\/\/agenciainfra.com\/blog\/#website","url":"https:\/\/agenciainfra.com\/blog\/","name":"Ag\u00eancia iNFRA","description":"Multiplataforma de informa\u00e7\u00e3o jornal\u00edstica refer\u00eancia na \u00e1rea de infraestrutura no Brasil!","publisher":{"@id":"https:\/\/agenciainfra.com\/blog\/#organization"},"potentialAction":[{"@type":"SearchAction","target":{"@type":"EntryPoint","urlTemplate":"https:\/\/agenciainfra.com\/blog\/?s={search_term_string}"},"query-input":{"@type":"PropertyValueSpecification","valueRequired":true,"valueName":"search_term_string"}}],"inLanguage":"pt-BR"},{"@type":"Organization","@id":"https:\/\/agenciainfra.com\/blog\/#organization","name":"Ag\u00eancia iNFRA","url":"https:\/\/agenciainfra.com\/blog\/","logo":{"@type":"ImageObject","inLanguage":"pt-BR","@id":"https:\/\/agenciainfra.com\/blog\/#\/schema\/logo\/image\/","url":"https:\/\/agenciainfra.com\/blog\/wp-content\/uploads\/2023\/09\/iNFRA_5-e1761735885940.png","contentUrl":"https:\/\/agenciainfra.com\/blog\/wp-content\/uploads\/2023\/09\/iNFRA_5-e1761735885940.png","width":1672,"height":454,"caption":"Ag\u00eancia iNFRA"},"image":{"@id":"https:\/\/agenciainfra.com\/blog\/#\/schema\/logo\/image\/"},"sameAs":["https:\/\/www.facebook.com\/ageninfra","https:\/\/x.com\/agencia_infra","https:\/\/www.linkedin.com\/company\/ag\u00eanciainfra\/","https:\/\/www.instagram.com\/agenciainfra\/"]},{"@type":"Person","@id":"https:\/\/agenciainfra.com\/blog\/#\/schema\/person\/34af08dff6adea4cb22b06612ba7acfa","name":"Ag\u00eancia iNFRA","image":{"@type":"ImageObject","inLanguage":"pt-BR","@id":"https:\/\/agenciainfra.com\/blog\/#\/schema\/person\/image\/","url":"https:\/\/secure.gravatar.com\/avatar\/d189e01678f06d8eb84d4e01f08eb848b3fffe3f8443818d3c356c66892f5be8?s=96&d=mm&r=g","contentUrl":"https:\/\/secure.gravatar.com\/avatar\/d189e01678f06d8eb84d4e01f08eb848b3fffe3f8443818d3c356c66892f5be8?s=96&d=mm&r=g","caption":"Ag\u00eancia iNFRA"},"url":"https:\/\/agenciainfra.com\/blog\/author\/admin\/"}]}},"_links":{"self":[{"href":"https:\/\/agenciainfra.com\/blog\/wp-json\/wp\/v2\/posts\/9714","targetHints":{"allow":["GET"]}}],"collection":[{"href":"https:\/\/agenciainfra.com\/blog\/wp-json\/wp\/v2\/posts"}],"about":[{"href":"https:\/\/agenciainfra.com\/blog\/wp-json\/wp\/v2\/types\/post"}],"author":[{"embeddable":true,"href":"https:\/\/agenciainfra.com\/blog\/wp-json\/wp\/v2\/users\/1"}],"replies":[{"embeddable":true,"href":"https:\/\/agenciainfra.com\/blog\/wp-json\/wp\/v2\/comments?post=9714"}],"version-history":[{"count":0,"href":"https:\/\/agenciainfra.com\/blog\/wp-json\/wp\/v2\/posts\/9714\/revisions"}],"wp:featuredmedia":[{"embeddable":true,"href":"https:\/\/agenciainfra.com\/blog\/wp-json\/wp\/v2\/media\/9716"}],"wp:attachment":[{"href":"https:\/\/agenciainfra.com\/blog\/wp-json\/wp\/v2\/media?parent=9714"}],"wp:term":[{"taxonomy":"category","embeddable":true,"href":"https:\/\/agenciainfra.com\/blog\/wp-json\/wp\/v2\/categories?post=9714"},{"taxonomy":"post_tag","embeddable":true,"href":"https:\/\/agenciainfra.com\/blog\/wp-json\/wp\/v2\/tags?post=9714"}],"curies":[{"name":"wp","href":"https:\/\/api.w.org\/{rel}","templated":true}]}}