{"id":9744,"date":"2022-03-14T10:00:00","date_gmt":"2022-03-14T13:00:00","guid":{"rendered":"https:\/\/www.agenciainfra.com\/blog\/?p=9744"},"modified":"2022-03-11T10:11:03","modified_gmt":"2022-03-11T13:11:03","slug":"infradebate-as-renovacoes-das-concessoes-e-a-malha-do-seculo-xix","status":"publish","type":"post","link":"https:\/\/agenciainfra.com\/blog\/infradebate-as-renovacoes-das-concessoes-e-a-malha-do-seculo-xix\/","title":{"rendered":"iNFRADebate: As renova\u00e7\u00f5es das concess\u00f5es e a malha do s\u00e9culo XIX"},"content":{"rendered":"\n<p class=\"has-text-align-right\"><strong>Bernardo Figueiredo*<\/strong><\/p>\n\n\n\n<p><em>Proposta de renova\u00e7\u00e3o da Ferrovia Centro-Atl\u00e2ntica ignora moderniza\u00e7\u00e3o e \u00e9 contra o interesse p\u00fablico do desenvolvimento da infraestrutura nacional.<\/em><\/p>\n\n\n\n<p>No momento em que se discute a realiza\u00e7\u00e3o de investimentos na constru\u00e7\u00e3o de novas ferrovias, causa preocupa\u00e7\u00e3o o descaso com que s\u00e3o tratados os trechos mais antigos da malha ferrovi\u00e1ria existente, que se encontram abandonados e mant\u00eam padr\u00f5es t\u00e9cnicos e operacionais observados no final do s\u00e9culo XIX e in\u00edcio do s\u00e9culo XX.<\/p>\n\n\n\n<p>V\u00e1rios desses trechos se constituem em liga\u00e7\u00f5es estruturais entre a regi\u00e3o Sudeste e as regi\u00f5es Nordeste e Sul. A recupera\u00e7\u00e3o e moderniza\u00e7\u00e3o dessas vias s\u00e3o requisitos essenciais para que a ferrovia desempenhe um papel mais estrat\u00e9gico no atendimento de segmentos importantes da demanda de transportes, como por exemplo, a carga geral e a carga de gran\u00e9is l\u00edquidos, hoje ref\u00e9ns do transporte rodovi\u00e1rio e que representam mais de 60% do total movimentado no pa\u00eds.<\/p>\n\n\n\n<p>O governo federal j\u00e1 promoveu a renova\u00e7\u00e3o das concess\u00f5es ferrovi\u00e1rias que operam as ferrovias mais modernas e eficientes do pa\u00eds \u2013 Caraj\u00e1s, Vit\u00f3ria-Minas e Malha Paulista \u2013, e est\u00e1 com o processo de renova\u00e7\u00e3o da MRS em sua fase final.<\/p>\n\n\n\n<p>E agora come\u00e7a a discutir a renova\u00e7\u00e3o da FCA (Ferrovia Centro-Atl\u00e2ntica), que opera uma malha ferrovi\u00e1ria antiga e que se encontra, na sua maior parte, abandonada e subutilizada. A Uni\u00e3o tamb\u00e9m j\u00e1 iniciou os estudos para a renova\u00e7\u00e3o da Rumo Malha Sul, que opera uma via em situa\u00e7\u00e3o semelhante.<\/p>\n\n\n\n<p>Apresentada em audi\u00eancia p\u00fablica, a proposta do governo para a renova\u00e7\u00e3o da FCA indica que chegaremos ao final do s\u00e9culo XXI com grande parte da malha operando como se ainda estiv\u00e9ssemos no s\u00e9culo XIX.<\/p>\n\n\n\n<p>Era muito claro que a FCA n\u00e3o tem interesse em explorar adequadamente a malha a ela concedida, haja vista o abandono que promoveu na maior parte dos trechos ferrovi\u00e1rios que deveria operar. A grande novidade \u00e9 que o governo n\u00e3o tem a menor preocupa\u00e7\u00e3o com isso.<\/p>\n\n\n\n<p>Ao justificar a falta de investimento no Corredor Centro-Leste, que liga os principais polos econ\u00f4micos de Minas e Goi\u00e1s \u00e0 infraestrutura portu\u00e1ria do Esp\u00edrito Santo, atrav\u00e9s da moderna ferrovia Vit\u00f3ria-Minas, a Uni\u00e3o alegou que esse corredor concorre com outro j\u00e1 explorado pela concession\u00e1ria e que liga esses polos ao Porto de Santos, onde a mesma empresa tem um grande terminal portu\u00e1rio. Por isso, n\u00e3o h\u00e1 atrativos para se fazer investimentos na malha da FCA.<\/p>\n\n\n\n<p>Isso seria compreens\u00edvel se fosse uma argumenta\u00e7\u00e3o da concession\u00e1ria, que tem todo o direito de escolher onde quer investir. Mas \u00e9 inadmiss\u00edvel que a companhia conte com a cumplicidade do governo federal para realizar seus desejos em detrimento do interesse p\u00fablico.<\/p>\n\n\n\n<p>Se a FCA n\u00e3o quer investir na moderniza\u00e7\u00e3o e na amplia\u00e7\u00e3o de capacidade de um trecho ferrovi\u00e1rio porque concorre com outra ferrovia que alimenta seus ativos portu\u00e1rios, que ela devolva esse trecho para que outros investidores fa\u00e7am esses investimentos e criem uma alternativa ferrovi\u00e1ria para atender os setores produtivos e gerar impactos como redu\u00e7\u00e3o dos custos log\u00edsticos e competitividade dos produtos nacionais no mercado internacional e no mercado interno.<\/p>\n\n\n\n<p>A devolu\u00e7\u00e3o dos trechos ferrovi\u00e1rios que a FCA n\u00e3o tem interesse em explorar seria uma provid\u00eancia aderente ao interesse p\u00fablico e \u00e0s pol\u00edticas p\u00fablicas definidas pelo pr\u00f3prio governo.<\/p>\n\n\n\n<p>A FCA tem v\u00e1rias liga\u00e7\u00f5es ferrovi\u00e1rias que representam oportunidades atrativas de investimento e que est\u00e3o sendo abandonadas ou subexploradas pela concession\u00e1ria e para as quais n\u00e3o existem, na proposta de renova\u00e7\u00e3o da concess\u00e3o, previs\u00e3o de investimentos na sua moderniza\u00e7\u00e3o e amplia\u00e7\u00e3o da capacidade.<\/p>\n\n\n\n<p>Os trechos que n\u00e3o fazem parte da estrat\u00e9gia de neg\u00f3cios da FCA e que poderiam ser colocados \u00e0 disposi\u00e7\u00e3o de investidores interessados, no modelo de concess\u00e3o ou de autoriza\u00e7\u00e3o, s\u00e3o liga\u00e7\u00f5es ferrovi\u00e1rias estruturantes da malha ferrovi\u00e1ria brasileira e importantes na constru\u00e7\u00e3o de solu\u00e7\u00f5es log\u00edsticas sustent\u00e1veis para o pa\u00eds. S\u00e3o eles:<\/p>\n\n\n\n<p>Liga\u00e7\u00e3o Ferrovi\u00e1ria do Araguari a Belo Horizonte: tradicional corredor de exporta\u00e7\u00e3o de gran\u00e9is agr\u00edcolas pelo Porto de Vit\u00f3ria e que deveria ser colocado em condi\u00e7\u00f5es compat\u00edveis com o corredor que se articula, a EFVM (Estrada de Ferro Vit\u00f3ria a Minas), uma das ferrovias mais eficientes do pa\u00eds.<\/p>\n\n\n\n<p>Liga\u00e7\u00e3o Ferrovi\u00e1ria de Belo Horizonte a Salvador, Juazeiro e Aracaju: \u00fanica liga\u00e7\u00e3o ferrovi\u00e1ria entre as regi\u00f5es Nordeste e Sudeste, servida pelas modernas linhas da MRS, com grande potencial de transporte de cargas industriais e minerais, cuja revitaliza\u00e7\u00e3o retiraria grande parte dos caminh\u00f5es que hoje congestionam e comprometem a seguran\u00e7a das rodovias BR-116 e BR-101.<\/p>\n\n\n\n<p>Liga\u00e7\u00e3o Ferrovi\u00e1ria de Rio de Janeiro a Vit\u00f3ria: corredor litor\u00e2neo que interliga portos com grande capacidade e elevados padr\u00f5es operacionais, e onde se projeta uma forte expans\u00e3o de instala\u00e7\u00f5es portu\u00e1rias que se conectam com corredores ferrovi\u00e1rios modernos e eficientes (MRS e EFVM).<\/p>\n\n\n\n<p>Na perspectiva de encaminhar os investimentos na remodela\u00e7\u00e3o e moderniza\u00e7\u00e3o destes trechos ferrovi\u00e1rios, inclusive na compatibiliza\u00e7\u00e3o das bitolas para garantir sua articula\u00e7\u00e3o com a malha concedida \u00e0 MRS, e com o objetivo de garantir a atratividade desses investimentos para a iniciativa privada, as indeniza\u00e7\u00f5es devidas pela FCA, relativas \u00e0 deteriora\u00e7\u00e3o do patrim\u00f4nio p\u00fablico, deveriam ser revertidas para a estrutura\u00e7\u00e3o financeira das outorgas.<\/p>\n\n\n\n<p>Assim, o governo federal estaria sendo coerente com as pol\u00edticas p\u00fablicas e os objetivos que ele pr\u00f3prio enuncia, que s\u00e3o: criar um ambiente competitivo e aumentar a participa\u00e7\u00e3o das ferrovias na matriz de transporte, com evidentes ganhos para a redu\u00e7\u00e3o dos fretes ferrovi\u00e1rios e, por consequ\u00eancia, reduzir os custos log\u00edsticos do setor produtivo brasileiro.<\/p>\n\n\n\n<h6 class=\"wp-block-heading\" id=\"block-aa9ff8cf-f9c2-435f-85ff-56a599c37bc9\"><strong>*<strong>Bernardo Figueiredo \u00e9 economista de forma\u00e7\u00e3o, j\u00e1 atuou como diretor-geral da ANTT (Ag\u00eancia Nacional de Transportes Terrestres); diretor administrativo e financeiro da Valec &#8211; Engenharia, Constru\u00e7\u00f5es e Ferrovias S\/A; diretor-executivo da ANTF (Associa\u00e7\u00e3o Nacional dos Transportes Ferrovi\u00e1rios); e presidente da estatal EPL, a Empresa de Planejamento e Log\u00edstica S\/A.<\/strong><\/strong><\/h6>\n\n\n\n<h5 class=\"wp-block-heading\" id=\"block-d67878ff-7627-4f15-b175-8f58269174ff\">O iNFRADebate \u00e9 o espa\u00e7o de artigos da Ag\u00eancia iNFRA com opini\u00f5es de seus atores que n\u00e3o refletem necessariamente o pensamento da Ag\u00eancia iNFRA, sendo de total responsabilidade do autor as informa\u00e7\u00f5es, ju\u00edzos de valor e conceitos descritos no texto.<\/h5>\n","protected":false},"excerpt":{"rendered":"<p>Bernardo Figueiredo* Proposta de renova\u00e7\u00e3o da Ferrovia Centro-Atl\u00e2ntica ignora moderniza\u00e7\u00e3o e \u00e9 contra o interesse p\u00fablico do desenvolvimento da infraestrutura nacional. No momento em que se discute a realiza\u00e7\u00e3o de investimentos na constru\u00e7\u00e3o de novas ferrovias, causa preocupa\u00e7\u00e3o o descaso com que s\u00e3o tratados os trechos mais antigos da malha ferrovi\u00e1ria existente, que se encontram [&hellip;]<\/p>\n","protected":false},"author":9,"featured_media":0,"comment_status":"closed","ping_status":"closed","sticky":false,"template":"","format":"standard","meta":{"_monsterinsights_skip_tracking":false,"_monsterinsights_sitenote_active":false,"_monsterinsights_sitenote_note":"","_monsterinsights_sitenote_category":0,"footnotes":""},"categories":[1,11],"tags":[78,3839,754,120,34,32,66,2648,81,70],"class_list":["post-9744","post","type-post","status-publish","format-standard","hentry","category-geral","category-infradebate","tag-concessoes","tag-corredor-centro-leste","tag-ferrovia-centro-atlantica","tag-ferrovias","tag-infraestrutura","tag-investimentos","tag-logistica","tag-modernizacao","tag-mrs","tag-transportes"],"yoast_head":"<!-- This site is optimized with the Yoast SEO Premium plugin v25.4 (Yoast SEO v26.0) - https:\/\/yoast.com\/wordpress\/plugins\/seo\/ -->\n<title>iNFRADebate: As renova\u00e7\u00f5es das concess\u00f5es e a malha do s\u00e9culo XIX - Ag\u00eancia iNFRA<\/title>\n<meta name=\"robots\" content=\"index, follow, max-snippet:-1, max-image-preview:large, max-video-preview:-1\" \/>\n<link rel=\"canonical\" href=\"https:\/\/agenciainfra.com\/blog\/infradebate-as-renovacoes-das-concessoes-e-a-malha-do-seculo-xix\/\" \/>\n<meta property=\"og:locale\" content=\"pt_BR\" \/>\n<meta property=\"og:type\" content=\"article\" \/>\n<meta property=\"og:title\" content=\"iNFRADebate: As renova\u00e7\u00f5es das concess\u00f5es e a malha do s\u00e9culo XIX\" \/>\n<meta property=\"og:description\" content=\"Bernardo Figueiredo* Proposta de renova\u00e7\u00e3o da Ferrovia Centro-Atl\u00e2ntica ignora moderniza\u00e7\u00e3o e \u00e9 contra o interesse p\u00fablico do desenvolvimento da infraestrutura nacional. No momento em que se discute a realiza\u00e7\u00e3o de investimentos na constru\u00e7\u00e3o de novas ferrovias, causa preocupa\u00e7\u00e3o o descaso com que s\u00e3o tratados os trechos mais antigos da malha ferrovi\u00e1ria existente, que se encontram [&hellip;]\" \/>\n<meta property=\"og:url\" content=\"https:\/\/agenciainfra.com\/blog\/infradebate-as-renovacoes-das-concessoes-e-a-malha-do-seculo-xix\/\" \/>\n<meta property=\"og:site_name\" content=\"Ag\u00eancia iNFRA\" \/>\n<meta property=\"article:publisher\" content=\"https:\/\/www.facebook.com\/ageninfra\" \/>\n<meta property=\"article:published_time\" content=\"2022-03-14T13:00:00+00:00\" \/>\n<meta property=\"og:image\" content=\"https:\/\/agenciainfra.com\/blog\/wp-content\/uploads\/2021\/01\/FCA-foto-Gustavo-Andrade-VLI.jpg\" \/>\n\t<meta property=\"og:image:width\" content=\"1280\" \/>\n\t<meta property=\"og:image:height\" content=\"854\" \/>\n\t<meta property=\"og:image:type\" content=\"image\/jpeg\" \/>\n<meta name=\"author\" content=\"Rodrigo Zuquim\" \/>\n<meta name=\"twitter:card\" content=\"summary_large_image\" \/>\n<meta name=\"twitter:creator\" content=\"@agencia_infra\" \/>\n<meta name=\"twitter:site\" content=\"@agencia_infra\" \/>\n<meta name=\"twitter:label1\" content=\"Escrito por\" \/>\n\t<meta name=\"twitter:data1\" content=\"Rodrigo Zuquim\" \/>\n\t<meta name=\"twitter:label2\" content=\"Est. tempo de leitura\" \/>\n\t<meta name=\"twitter:data2\" content=\"6 minutos\" \/>\n<script type=\"application\/ld+json\" class=\"yoast-schema-graph\">{\"@context\":\"https:\/\/schema.org\",\"@graph\":[{\"@type\":\"Article\",\"@id\":\"https:\/\/agenciainfra.com\/blog\/infradebate-as-renovacoes-das-concessoes-e-a-malha-do-seculo-xix\/#article\",\"isPartOf\":{\"@id\":\"https:\/\/agenciainfra.com\/blog\/infradebate-as-renovacoes-das-concessoes-e-a-malha-do-seculo-xix\/\"},\"author\":{\"name\":\"Rodrigo Zuquim\",\"@id\":\"https:\/\/agenciainfra.com\/blog\/#\/schema\/person\/04dbb79bd6d8951f063da71f3e4c1eb1\"},\"headline\":\"iNFRADebate: As renova\u00e7\u00f5es das concess\u00f5es e a malha do s\u00e9culo XIX\",\"datePublished\":\"2022-03-14T13:00:00+00:00\",\"mainEntityOfPage\":{\"@id\":\"https:\/\/agenciainfra.com\/blog\/infradebate-as-renovacoes-das-concessoes-e-a-malha-do-seculo-xix\/\"},\"wordCount\":1143,\"publisher\":{\"@id\":\"https:\/\/agenciainfra.com\/blog\/#organization\"},\"keywords\":[\"concess\u00f5es\",\"Corredor Centro-Leste\",\"Ferrovia Centro-Atl\u00e2ntica\",\"Ferrovias\",\"Infraestrutura\",\"Investimentos\",\"log\u00edstica\",\"moderniza\u00e7\u00e3o\",\"MRS\",\"transportes\"],\"articleSection\":[\"Geral\",\"iNFRADebate\"],\"inLanguage\":\"pt-BR\",\"copyrightYear\":\"2022\",\"copyrightHolder\":{\"@id\":\"https:\/\/agenciainfra.com\/blog\/#organization\"}},{\"@type\":\"WebPage\",\"@id\":\"https:\/\/agenciainfra.com\/blog\/infradebate-as-renovacoes-das-concessoes-e-a-malha-do-seculo-xix\/\",\"url\":\"https:\/\/agenciainfra.com\/blog\/infradebate-as-renovacoes-das-concessoes-e-a-malha-do-seculo-xix\/\",\"name\":\"iNFRADebate: As renova\u00e7\u00f5es das concess\u00f5es e a malha do s\u00e9culo XIX - Ag\u00eancia iNFRA\",\"isPartOf\":{\"@id\":\"https:\/\/agenciainfra.com\/blog\/#website\"},\"datePublished\":\"2022-03-14T13:00:00+00:00\",\"breadcrumb\":{\"@id\":\"https:\/\/agenciainfra.com\/blog\/infradebate-as-renovacoes-das-concessoes-e-a-malha-do-seculo-xix\/#breadcrumb\"},\"inLanguage\":\"pt-BR\",\"potentialAction\":[{\"@type\":\"ReadAction\",\"target\":[\"https:\/\/agenciainfra.com\/blog\/infradebate-as-renovacoes-das-concessoes-e-a-malha-do-seculo-xix\/\"]}]},{\"@type\":\"BreadcrumbList\",\"@id\":\"https:\/\/agenciainfra.com\/blog\/infradebate-as-renovacoes-das-concessoes-e-a-malha-do-seculo-xix\/#breadcrumb\",\"itemListElement\":[{\"@type\":\"ListItem\",\"position\":1,\"name\":\"In\u00edcio\",\"item\":\"https:\/\/agenciainfra.com\/blog\/\"},{\"@type\":\"ListItem\",\"position\":2,\"name\":\"iNFRADebate: As renova\u00e7\u00f5es das concess\u00f5es e a malha do s\u00e9culo XIX\"}]},{\"@type\":\"WebSite\",\"@id\":\"https:\/\/agenciainfra.com\/blog\/#website\",\"url\":\"https:\/\/agenciainfra.com\/blog\/\",\"name\":\"Ag\u00eancia iNFRA\",\"description\":\"Multiplataforma de informa\u00e7\u00e3o jornal\u00edstica refer\u00eancia na \u00e1rea de infraestrutura no Brasil!\",\"publisher\":{\"@id\":\"https:\/\/agenciainfra.com\/blog\/#organization\"},\"potentialAction\":[{\"@type\":\"SearchAction\",\"target\":{\"@type\":\"EntryPoint\",\"urlTemplate\":\"https:\/\/agenciainfra.com\/blog\/?s={search_term_string}\"},\"query-input\":{\"@type\":\"PropertyValueSpecification\",\"valueRequired\":true,\"valueName\":\"search_term_string\"}}],\"inLanguage\":\"pt-BR\"},{\"@type\":\"Organization\",\"@id\":\"https:\/\/agenciainfra.com\/blog\/#organization\",\"name\":\"Ag\u00eancia iNFRA\",\"url\":\"https:\/\/agenciainfra.com\/blog\/\",\"logo\":{\"@type\":\"ImageObject\",\"inLanguage\":\"pt-BR\",\"@id\":\"https:\/\/agenciainfra.com\/blog\/#\/schema\/logo\/image\/\",\"url\":\"https:\/\/agenciainfra.com\/blog\/wp-content\/uploads\/2023\/09\/iNFRA_5-e1761735885940.png\",\"contentUrl\":\"https:\/\/agenciainfra.com\/blog\/wp-content\/uploads\/2023\/09\/iNFRA_5-e1761735885940.png\",\"width\":1672,\"height\":454,\"caption\":\"Ag\u00eancia iNFRA\"},\"image\":{\"@id\":\"https:\/\/agenciainfra.com\/blog\/#\/schema\/logo\/image\/\"},\"sameAs\":[\"https:\/\/www.facebook.com\/ageninfra\",\"https:\/\/x.com\/agencia_infra\",\"https:\/\/www.linkedin.com\/company\/ag\u00eanciainfra\/\",\"https:\/\/www.instagram.com\/agenciainfra\/\"]},{\"@type\":\"Person\",\"@id\":\"https:\/\/agenciainfra.com\/blog\/#\/schema\/person\/04dbb79bd6d8951f063da71f3e4c1eb1\",\"name\":\"Rodrigo Zuquim\",\"image\":{\"@type\":\"ImageObject\",\"inLanguage\":\"pt-BR\",\"@id\":\"https:\/\/agenciainfra.com\/blog\/#\/schema\/person\/image\/\",\"url\":\"https:\/\/secure.gravatar.com\/avatar\/594abfe82761d620726242ff34ca472a705a4b97f16c790053a6b4c4035274d0?s=96&d=mm&r=g\",\"contentUrl\":\"https:\/\/secure.gravatar.com\/avatar\/594abfe82761d620726242ff34ca472a705a4b97f16c790053a6b4c4035274d0?s=96&d=mm&r=g\",\"caption\":\"Rodrigo Zuquim\"},\"url\":\"https:\/\/agenciainfra.com\/blog\/author\/rodrigo-zuquim\/\"}]}<\/script>\n<!-- \/ Yoast SEO Premium plugin. -->","yoast_head_json":{"title":"iNFRADebate: As renova\u00e7\u00f5es das concess\u00f5es e a malha do s\u00e9culo XIX - Ag\u00eancia iNFRA","robots":{"index":"index","follow":"follow","max-snippet":"max-snippet:-1","max-image-preview":"max-image-preview:large","max-video-preview":"max-video-preview:-1"},"canonical":"https:\/\/agenciainfra.com\/blog\/infradebate-as-renovacoes-das-concessoes-e-a-malha-do-seculo-xix\/","og_locale":"pt_BR","og_type":"article","og_title":"iNFRADebate: As renova\u00e7\u00f5es das concess\u00f5es e a malha do s\u00e9culo XIX","og_description":"Bernardo Figueiredo* Proposta de renova\u00e7\u00e3o da Ferrovia Centro-Atl\u00e2ntica ignora moderniza\u00e7\u00e3o e \u00e9 contra o interesse p\u00fablico do desenvolvimento da infraestrutura nacional. No momento em que se discute a realiza\u00e7\u00e3o de investimentos na constru\u00e7\u00e3o de novas ferrovias, causa preocupa\u00e7\u00e3o o descaso com que s\u00e3o tratados os trechos mais antigos da malha ferrovi\u00e1ria existente, que se encontram [&hellip;]","og_url":"https:\/\/agenciainfra.com\/blog\/infradebate-as-renovacoes-das-concessoes-e-a-malha-do-seculo-xix\/","og_site_name":"Ag\u00eancia iNFRA","article_publisher":"https:\/\/www.facebook.com\/ageninfra","article_published_time":"2022-03-14T13:00:00+00:00","og_image":[{"width":1280,"height":854,"url":"https:\/\/agenciainfra.com\/blog\/wp-content\/uploads\/2021\/01\/FCA-foto-Gustavo-Andrade-VLI.jpg","type":"image\/jpeg"}],"author":"Rodrigo Zuquim","twitter_card":"summary_large_image","twitter_creator":"@agencia_infra","twitter_site":"@agencia_infra","twitter_misc":{"Escrito por":"Rodrigo Zuquim","Est. tempo de leitura":"6 minutos"},"schema":{"@context":"https:\/\/schema.org","@graph":[{"@type":"Article","@id":"https:\/\/agenciainfra.com\/blog\/infradebate-as-renovacoes-das-concessoes-e-a-malha-do-seculo-xix\/#article","isPartOf":{"@id":"https:\/\/agenciainfra.com\/blog\/infradebate-as-renovacoes-das-concessoes-e-a-malha-do-seculo-xix\/"},"author":{"name":"Rodrigo Zuquim","@id":"https:\/\/agenciainfra.com\/blog\/#\/schema\/person\/04dbb79bd6d8951f063da71f3e4c1eb1"},"headline":"iNFRADebate: As renova\u00e7\u00f5es das concess\u00f5es e a malha do s\u00e9culo XIX","datePublished":"2022-03-14T13:00:00+00:00","mainEntityOfPage":{"@id":"https:\/\/agenciainfra.com\/blog\/infradebate-as-renovacoes-das-concessoes-e-a-malha-do-seculo-xix\/"},"wordCount":1143,"publisher":{"@id":"https:\/\/agenciainfra.com\/blog\/#organization"},"keywords":["concess\u00f5es","Corredor Centro-Leste","Ferrovia Centro-Atl\u00e2ntica","Ferrovias","Infraestrutura","Investimentos","log\u00edstica","moderniza\u00e7\u00e3o","MRS","transportes"],"articleSection":["Geral","iNFRADebate"],"inLanguage":"pt-BR","copyrightYear":"2022","copyrightHolder":{"@id":"https:\/\/agenciainfra.com\/blog\/#organization"}},{"@type":"WebPage","@id":"https:\/\/agenciainfra.com\/blog\/infradebate-as-renovacoes-das-concessoes-e-a-malha-do-seculo-xix\/","url":"https:\/\/agenciainfra.com\/blog\/infradebate-as-renovacoes-das-concessoes-e-a-malha-do-seculo-xix\/","name":"iNFRADebate: As renova\u00e7\u00f5es das concess\u00f5es e a malha do s\u00e9culo XIX - Ag\u00eancia iNFRA","isPartOf":{"@id":"https:\/\/agenciainfra.com\/blog\/#website"},"datePublished":"2022-03-14T13:00:00+00:00","breadcrumb":{"@id":"https:\/\/agenciainfra.com\/blog\/infradebate-as-renovacoes-das-concessoes-e-a-malha-do-seculo-xix\/#breadcrumb"},"inLanguage":"pt-BR","potentialAction":[{"@type":"ReadAction","target":["https:\/\/agenciainfra.com\/blog\/infradebate-as-renovacoes-das-concessoes-e-a-malha-do-seculo-xix\/"]}]},{"@type":"BreadcrumbList","@id":"https:\/\/agenciainfra.com\/blog\/infradebate-as-renovacoes-das-concessoes-e-a-malha-do-seculo-xix\/#breadcrumb","itemListElement":[{"@type":"ListItem","position":1,"name":"In\u00edcio","item":"https:\/\/agenciainfra.com\/blog\/"},{"@type":"ListItem","position":2,"name":"iNFRADebate: As renova\u00e7\u00f5es das concess\u00f5es e a malha do s\u00e9culo XIX"}]},{"@type":"WebSite","@id":"https:\/\/agenciainfra.com\/blog\/#website","url":"https:\/\/agenciainfra.com\/blog\/","name":"Ag\u00eancia iNFRA","description":"Multiplataforma de informa\u00e7\u00e3o jornal\u00edstica refer\u00eancia na \u00e1rea de infraestrutura no Brasil!","publisher":{"@id":"https:\/\/agenciainfra.com\/blog\/#organization"},"potentialAction":[{"@type":"SearchAction","target":{"@type":"EntryPoint","urlTemplate":"https:\/\/agenciainfra.com\/blog\/?s={search_term_string}"},"query-input":{"@type":"PropertyValueSpecification","valueRequired":true,"valueName":"search_term_string"}}],"inLanguage":"pt-BR"},{"@type":"Organization","@id":"https:\/\/agenciainfra.com\/blog\/#organization","name":"Ag\u00eancia iNFRA","url":"https:\/\/agenciainfra.com\/blog\/","logo":{"@type":"ImageObject","inLanguage":"pt-BR","@id":"https:\/\/agenciainfra.com\/blog\/#\/schema\/logo\/image\/","url":"https:\/\/agenciainfra.com\/blog\/wp-content\/uploads\/2023\/09\/iNFRA_5-e1761735885940.png","contentUrl":"https:\/\/agenciainfra.com\/blog\/wp-content\/uploads\/2023\/09\/iNFRA_5-e1761735885940.png","width":1672,"height":454,"caption":"Ag\u00eancia iNFRA"},"image":{"@id":"https:\/\/agenciainfra.com\/blog\/#\/schema\/logo\/image\/"},"sameAs":["https:\/\/www.facebook.com\/ageninfra","https:\/\/x.com\/agencia_infra","https:\/\/www.linkedin.com\/company\/ag\u00eanciainfra\/","https:\/\/www.instagram.com\/agenciainfra\/"]},{"@type":"Person","@id":"https:\/\/agenciainfra.com\/blog\/#\/schema\/person\/04dbb79bd6d8951f063da71f3e4c1eb1","name":"Rodrigo Zuquim","image":{"@type":"ImageObject","inLanguage":"pt-BR","@id":"https:\/\/agenciainfra.com\/blog\/#\/schema\/person\/image\/","url":"https:\/\/secure.gravatar.com\/avatar\/594abfe82761d620726242ff34ca472a705a4b97f16c790053a6b4c4035274d0?s=96&d=mm&r=g","contentUrl":"https:\/\/secure.gravatar.com\/avatar\/594abfe82761d620726242ff34ca472a705a4b97f16c790053a6b4c4035274d0?s=96&d=mm&r=g","caption":"Rodrigo Zuquim"},"url":"https:\/\/agenciainfra.com\/blog\/author\/rodrigo-zuquim\/"}]}},"_links":{"self":[{"href":"https:\/\/agenciainfra.com\/blog\/wp-json\/wp\/v2\/posts\/9744","targetHints":{"allow":["GET"]}}],"collection":[{"href":"https:\/\/agenciainfra.com\/blog\/wp-json\/wp\/v2\/posts"}],"about":[{"href":"https:\/\/agenciainfra.com\/blog\/wp-json\/wp\/v2\/types\/post"}],"author":[{"embeddable":true,"href":"https:\/\/agenciainfra.com\/blog\/wp-json\/wp\/v2\/users\/9"}],"replies":[{"embeddable":true,"href":"https:\/\/agenciainfra.com\/blog\/wp-json\/wp\/v2\/comments?post=9744"}],"version-history":[{"count":0,"href":"https:\/\/agenciainfra.com\/blog\/wp-json\/wp\/v2\/posts\/9744\/revisions"}],"wp:attachment":[{"href":"https:\/\/agenciainfra.com\/blog\/wp-json\/wp\/v2\/media?parent=9744"}],"wp:term":[{"taxonomy":"category","embeddable":true,"href":"https:\/\/agenciainfra.com\/blog\/wp-json\/wp\/v2\/categories?post=9744"},{"taxonomy":"post_tag","embeddable":true,"href":"https:\/\/agenciainfra.com\/blog\/wp-json\/wp\/v2\/tags?post=9744"}],"curies":[{"name":"wp","href":"https:\/\/api.w.org\/{rel}","templated":true}]}}