{"id":9760,"date":"2022-03-15T10:00:00","date_gmt":"2022-03-15T13:00:00","guid":{"rendered":"https:\/\/www.agenciainfra.com\/blog\/?p=9760"},"modified":"2022-03-15T11:30:13","modified_gmt":"2022-03-15T14:30:13","slug":"espaco-e-nova-fronteira-de-negocios-da-humanidade","status":"publish","type":"post","link":"https:\/\/agenciainfra.com\/blog\/espaco-e-nova-fronteira-de-negocios-da-humanidade\/","title":{"rendered":"\u201cEspa\u00e7o \u00e9 nova fronteira de neg\u00f3cios da humanidade\u201d"},"content":{"rendered":"\n<p class=\"has-text-align-right\"><strong>Geocracia<\/strong><\/p>\n\n\n\n<p class=\"has-text-align-left\">Em entrevista exclusiva que marca as comemora\u00e7\u00f5es de um ano do portal Geocracia, o presidente da AEB\u00a0(<a href=\"https:\/\/www.gov.br\/aeb\/pt-br\"><strong>Ag\u00eancia Espacial Brasileira<\/strong><\/a>), coronel engenheiro Carlos Augusto de Moura, disse que o Brasil tem trabalhado fortemente para integrar suas capacidades nas cadeias mundiais de valor e participar da nova explora\u00e7\u00e3o do espa\u00e7o \u2013 a \u201cnova fronteira que alavanca neg\u00f3cios para a humanidade\u201d. Apesar de o Brasil ter uma \u201cparticipa\u00e7\u00e3o, em termos de mercado, ainda muito t\u00edmida\u201d, Moura revela que a ideia \u00e9 repetir no setor geoespacial \u201co sucesso que alcan\u00e7amos na ind\u00fastria aeron\u00e1utica\u201d.<\/p>\n\n\n\n<p>Engenheiro aeron\u00e1utico e Mestre em Ci\u00eancias pelo ITA (Instituto Tecnol\u00f3gico da Aeron\u00e1utica), ele reconhece que o pa\u00eds precisa aprimorar a organiza\u00e7\u00e3o e a explora\u00e7\u00e3o dos instrumentos estrat\u00e9gicos de geoinforma\u00e7\u00e3o, \u201cessenciais para a sociedade brasileira\u201d.<\/p>\n\n\n\n<p>Sobre a necessidade de cria\u00e7\u00e3o uma ag\u00eancia reguladora para a infraestrutura de dados espaciais, o presidente da AEB cita o grupo t\u00e9cnico voltado para estudar o assunto, criado h\u00e1 algumas semanas, no \u00e2mbito do Comit\u00ea para o Desenvolvimento do Programa Espacial Brasileiro: \u201cNessa vastid\u00e3o de demandas nacionais e de potenciais tecnol\u00f3gicos que temos, n\u00e3o seria razo\u00e1vel que desperdi\u00e7\u00e1ssemos recursos valiosos em atividades desconexas. Temos que buscar sinergias\u201d<\/p>\n\n\n\n<p>Acompanhe, abaixo, a entrevista na \u00edntegra.<\/p>\n\n\n\n<p><strong>O mundo vive, atualmente, uma nova corrida espacial, n\u00e3o s\u00f3 para chegar a novos destinos, como Marte, por exemplo, mas pela melhor observa\u00e7\u00e3o da pr\u00f3pria Terra. Como o Brasil est\u00e1 posicionado nesse mercado que tem atra\u00eddo cada vez mais empresas privadas?<\/strong><\/p>\n\n\n\n<p>O espa\u00e7o, sem d\u00favida, \u00e9 uma nova fronteira que alavanca neg\u00f3cios para a humanidade. N\u00e3o se trata mais apenas de pesquisa.&nbsp;N\u00e3o se trata apenas de investimentos governamentais. Mundo afora, investidores e empreendedores privados somam-se \u00e0s \u00e1reas cient\u00edficas e tecnol\u00f3gicas para explorar n\u00e3o apenas as \u00f3rbitas terrestres, mas toda a vastid\u00e3o do espa\u00e7o profundo.<\/p>\n\n\n\n<p>Para al\u00e9m da curiosidade natural do ser humano, h\u00e1 objetivos de neg\u00f3cios: materiais raros, energia, novos assentamentos, posicionamentos estrat\u00e9gicos para servi\u00e7os e desafios que ainda temos dificuldades de aquilatar.&nbsp;\u00c9 o \u201cnew space\u201d valendo-se da miniaturiza\u00e7\u00e3o de equipamentos, dos avan\u00e7os em materiais, de tudo que a tecnologia permite, promovendo novos arranjos para a explora\u00e7\u00e3o espacial.<\/p>\n\n\n\n<p>A AEB vem, nesses tr\u00eas \u00faltimos anos, trabalhando fortemente para integrar as capacidades brasileiras nas cadeias de valor mundiais. Nossa participa\u00e7\u00e3o, em termos de mercado, ainda \u00e9 muito t\u00edmida. Por diversos canais, temos disseminado a imprescindibilidade de nos inserirmos melhor, repetindo o sucesso que alcan\u00e7amos na ind\u00fastria aeron\u00e1utica.<\/p>\n\n\n\n<p>Do olhar para as startups espaciais no atendimento \u00e0s nossas demandas nacionais at\u00e9 a nossa participa\u00e7\u00e3o no Programa Artemis (a volta da humanidade \u00e0 Lua, liderada pela NASA), h\u00e1 diversas possibilidades para que o setor espacial brasileiro cres\u00e7a e flores\u00e7a. Alguns reflexos j\u00e1 se podem observar: empresa brasileira exportando pain\u00e9is solares e abrindo filial no exterior. Startup fazendo um&nbsp;<em>pocket sat<\/em>&nbsp;e viabilizando o lan\u00e7amento com recursos pr\u00f3prios. Dez projetos de nanossat\u00e9lites em andamento no Brasil, alguns com potencial de emprego comercial. A Constela\u00e7\u00e3o Catarina, inicialmente criada com foco em aplica\u00e7\u00f5es de Defesa Civil, e agora atraindo interesse de outros setores, como o de energia. \u00c9 uma nova era no setor espacial brasileiro!<\/p>\n\n\n\n<p><strong>Na recente cerim\u00f4nia de anivers\u00e1rio de 28 anos da AEB,&nbsp;<\/strong><a href=\"https:\/\/geocracia.com\/aeb-comemora-28-anos-e-mira-corrida-espacial\/\"><strong>disse que o Brasil n\u00e3o pode se tornar um mero espectador da qualidade dos projetos geospaciais estrangeiros<\/strong><\/a><strong>. No entanto, lan\u00e7amentos importantes como o Amazonia 1 foram lan\u00e7ados de bases estrangeiras. Como est\u00e3o os projetos de uso da Base de Alc\u00e2ntara por n\u00f3s e por outros pa\u00edses, tendo em vista a grande vantagem competitiva do Centro de Lan\u00e7amento de Alc\u00e2ntara (CLA) por seu posicionamento geogr\u00e1fico?<\/strong><\/p>\n\n\n\n<p>Nosso Ministro de Ci\u00eancia, Tecnologia e Inova\u00e7\u00f5es, o Astronauta Marcos Pontes, tem enfatizado que a realiza\u00e7\u00e3o mais relevante nesses \u00faltimos anos ser\u00e1 a inser\u00e7\u00e3o do Espa\u00e7oporto de Alc\u00e2ntara no mercado de transporte espacial.<\/p>\n\n\n\n<p>De fato, diversas a\u00e7\u00f5es foram tomadas os \u00faltimos anos, destacando: a celebra\u00e7\u00e3o do Acordo de Salvaguardas Tecnol\u00f3gicas com os EUA; a melhoria dos meios operacionais e log\u00edsticos do Centro de Lan\u00e7amento (p. ex., a transforma\u00e7\u00e3o do aer\u00f3dromo em aeroporto com capacidade para opera\u00e7\u00f5es internacionais e a instala\u00e7\u00e3o da micro-rede para incorpora\u00e7\u00e3o de energias renov\u00e1veis); a parceria da AEB com a&nbsp;FAA (<em>Federal Aviation Administration<\/em>), entidade que mais licencia atividades espaciais comerciais no mundo; a coordena\u00e7\u00e3o interministerial para as melhorias das condi\u00e7\u00f5es do munic\u00edpio e da regi\u00e3o, via o Programa de Desenvolvimento Integrado para o Centro Espacial de Alc\u00e2ntara (PDI-CEA).<\/p>\n\n\n\n<p>Hoje, h\u00e1 empresas licenciadas pela AEB discutindo os contratos de presta\u00e7\u00e3o de servi\u00e7os com a Aeron\u00e1utica. Temos a expectativa de que, em breve, teremos a defini\u00e7\u00e3o das primeiras empresas a, efetivamente, lan\u00e7arem sat\u00e9lites a partir de Alc\u00e2ntara. Temos, portanto, condi\u00e7\u00f5es de nos inserirmos no mercado internacional, principalmente a partir do nicho de nanossat\u00e9lites, \u00f3rbita baixa e lan\u00e7amentos dedicados.<\/p>\n\n\n\n<p><strong>Uma das principais repercuss\u00f5es da explora\u00e7\u00e3o espacial \u00e9 a obten\u00e7\u00e3o de dados para cidades inteligentes, controle de inc\u00eandios, carros aut\u00f4nomos e outros. Como \u00e9 poss\u00edvel estimular startups tecnol\u00f3gicas no Brasil, tendo em vista o enorme&nbsp;<\/strong><strong><em>boom&nbsp;<\/em><\/strong><strong>que se v\u00ea l\u00e1 fora na ind\u00fastria espacial? Alc\u00e2ntara n\u00e3o poderia sediar um hub tecnol\u00f3gico para esse fim?<\/strong><\/p>\n\n\n\n<p>Somos, sem d\u00favida, um dos poucos pa\u00edses que podem atuar em todos os segmentos do setor espacial. Para al\u00e9m do segmento de transporte, temos como projetar e produzir ve\u00edculos lan\u00e7adores, sat\u00e9lites, infraestrutura de solo, aplica\u00e7\u00f5es. E temos um enorme mercado, tanto em n\u00edvel individual, como de grandes setores econ\u00f4micos.<\/p>\n\n\n\n<p>O Espa\u00e7oporto de Alc\u00e2ntara tem voca\u00e7\u00e3o n\u00e3o apenas para lan\u00e7amentos espaciais, mas [para] ensaios de motores e componentes; produ\u00e7\u00e3o de artefatos espaciais; turismo espacial, entre outros.<\/p>\n\n\n\n<p>O mercado espacial global tem crescido a taxas elevadas e de forma consistente. Prev\u00ea-se que passe da casa do trilh\u00e3o de d\u00f3lares a partir da virada desta d\u00e9cada. A grande fatia desse mercado est\u00e1 no chamado&nbsp;<em>downstream<\/em>, ou seja, o que se faz com os dados e informa\u00e7\u00f5es que obtemos a partir de sistemas espaciais. No campo ou na cidade, na imensid\u00e3o de nossas florestas e fronteiras, ou de nossos mares e seu potencial e\u00f3lico, h\u00e1 muito espa\u00e7o para a produ\u00e7\u00e3o de servi\u00e7os inovadores. As startups s\u00e3o, sem d\u00favida, um rico manancial de ideias e de poss\u00edveis resultados vencedores.<\/p>\n\n\n\n<p>Em articula\u00e7\u00e3o com diversas entidades, como MCTI (Minist\u00e9rio da Ci\u00eancia, Tecnologia e Inova\u00e7\u00f5es), Finep (Financiadora de Estudos e Projetos), Fapesp (Funda\u00e7\u00e3o de Amparo \u00e0 Pesquisa do Estado de S\u00e3o Paulo), Parque Tecnol\u00f3gico de S. Jos\u00e9 dos Campos, Institutos Senai de Inova\u00e7\u00e3o e Federa\u00e7\u00e3o das Ind\u00fastrias do Maranh\u00e3o, apenas para citar algumas, temos discutido formas de apresentar desafios e incentivar nossos empreendedores.<\/p>\n\n\n\n<p>Acabamos de apoiar o lan\u00e7amento de um edital para foguetes de capacita\u00e7\u00e3o. Em breve, esperamos lan\u00e7ar outras oportunidades de apoio. H\u00e1, portanto, perspectiva de fazermos crescer e consolidar o mercado espacial brasileiro, seja nos polos tradicionais, como no Vale do Para\u00edba ou no sul do Pa\u00eds, seja no Maranh\u00e3o. Sabemos do poder indutor das atividades espaciais, e queremos repetir o sucesso da regi\u00e3o do Kennedy Space Center e do Centro Espacial Guian\u00eas.<\/p>\n\n\n\n<p>O Espa\u00e7oporto de Alc\u00e2ntara tem voca\u00e7\u00e3o n\u00e3o apenas para lan\u00e7amentos espaciais. Como resultado de uma avalia\u00e7\u00e3o internacional, temos identificadas outras possibilidades interessantes no cen\u00e1rio internacional: ensaios de motores e componentes; produ\u00e7\u00e3o de artefatos espaciais; turismo espacial, entre outros.<\/p>\n\n\n\n<p>Em 2021, tivemos dois eventos marcantes relacionados ao segmento de transporte: o primeiro ensaio a quente do motor a propuls\u00e3o s\u00f3lida S-50 (o maior j\u00e1 projetado e constru\u00eddo no Brasil); e o lan\u00e7amento de um experimento de hipervelocidade. S\u00e3o desenvolvimentos centrados no Vale do Para\u00edba, SP, mas que repercutem no futuro da utiliza\u00e7\u00e3o em Alc\u00e2ntara, no MA. Com os desdobramentos positivos que j\u00e1 vemos na regi\u00e3o \u2013 cito, engajamento do setor industrial e das Universidades e do Instituto Federal \u2013, poderemos formar profissionais de alta qualifica\u00e7\u00e3o e desenvolver neg\u00f3cios entrela\u00e7ados com todo o potencial log\u00edstico do Arco Norte brasileiro, centrado entre Alc\u00e2ntara e S\u00e3o Lu\u00eds.<\/p>\n\n\n\n<p><strong>Nesse sentido, como se insere o&nbsp;<\/strong><a href=\"https:\/\/geocracia.com\/aeb-e-amazon-firmam-acordo-para-desenvolver-setor-aeroespacial-brasileiro\/\"><strong>recente acordo entre a AEB e a Amazon<\/strong><\/a><strong>, que prev\u00ea iniciativas educacionais, econ\u00f4micas e pol\u00edticas para desenvolver o setor aeroespacial brasileiro, inclusive a disponibiliza\u00e7\u00e3o de cr\u00e9ditos, treinamento t\u00e9cnico e suporte comercial a startups brasileiras de tecnologia?<\/strong><\/p>\n\n\n\n<p>A Amazon Web Services (AWS) \u00e9 uma gigante de servi\u00e7os de computa\u00e7\u00e3o em nuvem. J\u00e1 de algum tempo, esses recursos t\u00eam permitido novas formas de se montar estruturas profissionais para desenvolvimento de neg\u00f3cios. A parceria com a AWS vai permitir que desde jovens empreendedores at\u00e9 estruturas governamentais possam se inserir nessa nova din\u00e2mica, conhecendo os ferramentais disponibilizados pela AWS.<\/p>\n\n\n\n<p>A partir do instrumento guarda-chuva que assinamos, poderemos lan\u00e7ar iniciativas bem estruturadas para apoiar nichos como startups que queiram desenvolver solu\u00e7\u00f5es utilizando computa\u00e7\u00e3o em nuvem e ferramentas de intelig\u00eancia artificial, sem necessariamente, terem de investir fortemente nessa infraestrutura. Poderemos apoiar iniciativas referentes a dados abertos, algo que, de certa forma, j\u00e1 praticamos com nossos imageadores orbitais.<\/p>\n\n\n\n<p>Cabe, portanto, \u00e0 AEB e \u00e0 AWS, definirem, nos pr\u00f3ximos meses, as iniciativas pioneiras que poder\u00e3o facilitar o ingresso e o crescimento dessa promissora fatia do&nbsp;<em>downstream<\/em>&nbsp;do mercado espacial brasileiro.<\/p>\n\n\n\n<p><strong>A Indon\u00e9sia conseguiu elevar o pre\u00e7o de suas commodities no mercado internacional por ter conseguido padronizar sua pol\u00edtica espacial e geoinformacional, de maneira a reverter, com argumenta\u00e7\u00e3o baseada em dados, a press\u00e3o internacional para proteger suas florestas. Como o Brasil, com toda a quest\u00e3o da Amaz\u00f4nia e a import\u00e2ncia estrat\u00e9gica do agroneg\u00f3cio, poderia apostar na ind\u00fastria geoespacial para usar a mesma t\u00e1tica?<\/strong><\/p>\n\n\n\n<p>Na AEB, temos procurado mapear nossos projetos e iniciativas com os Objetivos de Desenvolvimento Sustent\u00e1vel da ONU. Observamos, tamb\u00e9m, que a busca de sustentabilidade, dentro da t\u00f4nica ESG (tradu\u00e7\u00e3o do ingl\u00eas dos termos ambiental, social e governan\u00e7a), tem sido marcante para diversos setores e atores econ\u00f4micos. H\u00e1, de certo, uma oportunidade forte para que o Brasil se valha de seus potenciais naturais de forma sustent\u00e1vel. Empregando os melhores recursos tecnol\u00f3gicos, como os providos por sistemas espaciais, podemos ser mais eficientes, respeitando limites da natureza e entregando resultados positivos:&nbsp; nossa matriz energ\u00e9tica, por exemplo, \u00e9 das mais renov\u00e1veis. Podemos avan\u00e7ar mais em termos de produ\u00e7\u00e3o de energias renov\u00e1veis, de \u00f3leo e g\u00e1s, de agricultura, manejo h\u00eddrico, preven\u00e7\u00e3o de desastres naturais. Nossa rec\u00e9m lan\u00e7ada Constela\u00e7\u00e3o Catarina vai nessa dire\u00e7\u00e3o.<\/p>\n\n\n\n<p>As aplica\u00e7\u00f5es em produ\u00e7\u00e3o de alimentos s\u00e3o muito marcantes:&nbsp; h\u00e1 como aumentar a produtividade fazendo uso mais racional \u2013 com base nas informa\u00e7\u00f5es do solo, do tempo, do clima, da sa\u00fade das planta\u00e7\u00f5es \u2013 de todos os insumos empregados, tais como \u00e1gua, fertilizantes e defensivos. E esse tipo de abordagem demanda, por sua vez, m\u00e3o de obra mais qualificada. Temos, assim, uma espiral positiva de desenvolvimento.<\/p>\n\n\n\n<p>Ou seja, sistemas espaciais s\u00e3o uma infraestrutura que pode permear diversas atividades do ser humano, alcan\u00e7ando resultados seguros e eficientes, com desdobramentos positivos para qualidade de vida de forma mais ampla.<\/p>\n\n\n\n<p><strong>Desde a Constitui\u00e7\u00e3o de 1988 espera-se a regulamenta\u00e7\u00e3o do artigo 21, inciso XV, que trata da Geografia e da Cartografia oficial no pa\u00eds. Recentemente, o Zimb\u00e1bue anunciou a cria\u00e7\u00e3o da sua ag\u00eancia espacial dentro de um modelo que verticaliza a ind\u00fastria espacial e sua produ\u00e7\u00e3o de geoinforma\u00e7\u00e3o. Essa sa\u00edda poderia ser adotada pelo Brasil, fazendo a AEB funcionar como a ag\u00eancia reguladora para a Infraestrutura de Dados Espaciais?<\/strong><\/p>\n\n\n\n<p>\u00c9 fato que precisamos aprimorar como organizar e explorar, da forma mais eficiente e segura, esses instrumentos estrat\u00e9gicos, essenciais para a sociedade brasileira. Recentemente, foi criado um Grupo T\u00e9cnico, no \u00e2mbito do Comit\u00ea para o Desenvolvimento do Programa Espacial Brasileiro, focado nessa quest\u00e3o. Nessa vastid\u00e3o de demandas nacionais e de potenciais tecnol\u00f3gicos que temos, n\u00e3o seria razo\u00e1vel que desperdi\u00e7\u00e1ssemos recursos valiosos em atividades desconexas. Temos que buscar sinergias.<\/p>\n\n\n\n<p>A AEB, como coordenadora da pol\u00edtica e do programa espacial, vem empregando seus melhores conhecimentos e capacidade de articula\u00e7\u00e3o para que, no \u00e2mbito federal, possamos atuar de forma sist\u00eamica. H\u00e1 pouco tempo, fizemos um estudo pioneiro de levantamento de demandas nacionais. Essas informa\u00e7\u00f5es t\u00eam sido atualizadas e s\u00e3o insumo essencial para que possamos direcionar nossos investimentos, principalmente em prol de pol\u00edticas p\u00fablicas mais eficientes.<\/p>\n\n\n\n<p>Em paralelo, temos todo um mercado privado que pode e deve seguir desenvolvendo tecnologias e servi\u00e7os atualizados, competitivos. Isso \u00e9 bom para nossa economia e imprescind\u00edvel para que possamos atuar internacionalmente. \u00c9 por isso que declarei, na cerim\u00f4nia dos 28 anos da AEB: n\u00e3o podemos nos acomodar sendo meros consumidores de produtos e servi\u00e7os vindos de fora do Pa\u00eds. Primeiro, porque se trata de elevada vulnerabilidade estrat\u00e9gica. Segundo, porque deixar\u00edamos de fomentar neg\u00f3cios e empregos de alto valor agregado aqui, algo t\u00e3o necess\u00e1rio para esta e futuras gera\u00e7\u00f5es de brasileiros.<\/p>\n\n\n\n<p><strong>As opini\u00f5es dos autores n\u00e3o refletem necessariamente o pensamento da Ag\u00eancia iNFRA, sendo de total responsabilidade do autor as informa\u00e7\u00f5es, ju\u00edzos de valor e conceitos descritos no texto.<\/strong><\/p>\n","protected":false},"excerpt":{"rendered":"<p>Geocracia Em entrevista exclusiva que marca as comemora\u00e7\u00f5es de um ano do portal Geocracia, o presidente da AEB\u00a0(Ag\u00eancia Espacial Brasileira), coronel engenheiro Carlos Augusto de Moura, disse que o Brasil tem trabalhado fortemente para integrar suas capacidades nas cadeias mundiais de valor e participar da nova explora\u00e7\u00e3o do espa\u00e7o \u2013 a \u201cnova fronteira que alavanca [&hellip;]<\/p>\n","protected":false},"author":1,"featured_media":9761,"comment_status":"closed","ping_status":"closed","sticky":false,"template":"","format":"standard","meta":{"_monsterinsights_skip_tracking":false,"_monsterinsights_sitenote_active":false,"_monsterinsights_sitenote_note":"","_monsterinsights_sitenote_category":0,"footnotes":""},"categories":[1],"tags":[5307,1747,5092,2805,142,34,5310,5308,5309,1568],"class_list":["post-9760","post","type-post","status-publish","format-standard","has-post-thumbnail","hentry","category-geral","tag-aeb","tag-agencia-espacial-brasileira","tag-dados-espaciais","tag-esg","tag-geoinformacao","tag-infraestrutura","tag-ita","tag-mcti","tag-mercado-espacial-brasileiro","tag-tecnologia"],"yoast_head":"<!-- This site is optimized with the Yoast SEO Premium plugin v25.4 (Yoast SEO v26.0) - https:\/\/yoast.com\/wordpress\/plugins\/seo\/ -->\n<title>\u201cEspa\u00e7o \u00e9 nova fronteira de neg\u00f3cios da humanidade\u201d - Ag\u00eancia iNFRA<\/title>\n<meta name=\"robots\" content=\"index, follow, max-snippet:-1, max-image-preview:large, max-video-preview:-1\" \/>\n<link rel=\"canonical\" href=\"https:\/\/agenciainfra.com\/blog\/espaco-e-nova-fronteira-de-negocios-da-humanidade\/\" \/>\n<meta property=\"og:locale\" content=\"pt_BR\" \/>\n<meta property=\"og:type\" content=\"article\" \/>\n<meta property=\"og:title\" content=\"\u201cEspa\u00e7o \u00e9 nova fronteira de neg\u00f3cios da humanidade\u201d\" \/>\n<meta property=\"og:description\" content=\"Geocracia Em entrevista exclusiva que marca as comemora\u00e7\u00f5es de um ano do portal Geocracia, o presidente da AEB\u00a0(Ag\u00eancia Espacial Brasileira), coronel engenheiro Carlos Augusto de Moura, disse que o Brasil tem trabalhado fortemente para integrar suas capacidades nas cadeias mundiais de valor e participar da nova explora\u00e7\u00e3o do espa\u00e7o \u2013 a \u201cnova fronteira que alavanca [&hellip;]\" \/>\n<meta property=\"og:url\" content=\"https:\/\/agenciainfra.com\/blog\/espaco-e-nova-fronteira-de-negocios-da-humanidade\/\" \/>\n<meta property=\"og:site_name\" content=\"Ag\u00eancia iNFRA\" \/>\n<meta property=\"article:publisher\" content=\"https:\/\/www.facebook.com\/ageninfra\" \/>\n<meta property=\"article:published_time\" content=\"2022-03-15T13:00:00+00:00\" \/>\n<meta property=\"article:modified_time\" content=\"2022-03-15T14:30:13+00:00\" \/>\n<meta property=\"og:image\" content=\"https:\/\/agenciainfra.com\/blog\/wp-content\/uploads\/2022\/03\/carlos-moura-foto-aeb-e1647353628315-1024x630.png\" \/>\n\t<meta property=\"og:image:width\" content=\"1024\" \/>\n\t<meta property=\"og:image:height\" content=\"630\" \/>\n\t<meta property=\"og:image:type\" content=\"image\/png\" \/>\n<meta name=\"author\" content=\"Ag\u00eancia iNFRA\" \/>\n<meta name=\"twitter:card\" content=\"summary_large_image\" \/>\n<meta name=\"twitter:creator\" content=\"@agencia_infra\" \/>\n<meta name=\"twitter:site\" content=\"@agencia_infra\" \/>\n<meta name=\"twitter:label1\" content=\"Escrito por\" \/>\n\t<meta name=\"twitter:data1\" content=\"Ag\u00eancia iNFRA\" \/>\n\t<meta name=\"twitter:label2\" content=\"Est. tempo de leitura\" \/>\n\t<meta name=\"twitter:data2\" content=\"12 minutos\" \/>\n<script type=\"application\/ld+json\" class=\"yoast-schema-graph\">{\"@context\":\"https:\/\/schema.org\",\"@graph\":[{\"@type\":\"Article\",\"@id\":\"https:\/\/agenciainfra.com\/blog\/espaco-e-nova-fronteira-de-negocios-da-humanidade\/#article\",\"isPartOf\":{\"@id\":\"https:\/\/agenciainfra.com\/blog\/espaco-e-nova-fronteira-de-negocios-da-humanidade\/\"},\"author\":{\"name\":\"Ag\u00eancia iNFRA\",\"@id\":\"https:\/\/agenciainfra.com\/blog\/#\/schema\/person\/34af08dff6adea4cb22b06612ba7acfa\"},\"headline\":\"\u201cEspa\u00e7o \u00e9 nova fronteira de neg\u00f3cios da humanidade\u201d\",\"datePublished\":\"2022-03-15T13:00:00+00:00\",\"dateModified\":\"2022-03-15T14:30:13+00:00\",\"mainEntityOfPage\":{\"@id\":\"https:\/\/agenciainfra.com\/blog\/espaco-e-nova-fronteira-de-negocios-da-humanidade\/\"},\"wordCount\":2356,\"publisher\":{\"@id\":\"https:\/\/agenciainfra.com\/blog\/#organization\"},\"image\":{\"@id\":\"https:\/\/agenciainfra.com\/blog\/espaco-e-nova-fronteira-de-negocios-da-humanidade\/#primaryimage\"},\"thumbnailUrl\":\"https:\/\/agenciainfra.com\/blog\/wp-content\/uploads\/2022\/03\/carlos-moura-foto-aeb-e1647353628315.png\",\"keywords\":[\"AEB\",\"Ag\u00eancia Espacial Brasileira\",\"dados espaciais\",\"ESG\",\"geoinforma\u00e7\u00e3o\",\"Infraestrutura\",\"ITA\",\"MCTI\",\"mercado espacial brasileiro\",\"tecnologia\"],\"articleSection\":[\"Geral\"],\"inLanguage\":\"pt-BR\",\"copyrightYear\":\"2022\",\"copyrightHolder\":{\"@id\":\"https:\/\/agenciainfra.com\/blog\/#organization\"}},{\"@type\":\"WebPage\",\"@id\":\"https:\/\/agenciainfra.com\/blog\/espaco-e-nova-fronteira-de-negocios-da-humanidade\/\",\"url\":\"https:\/\/agenciainfra.com\/blog\/espaco-e-nova-fronteira-de-negocios-da-humanidade\/\",\"name\":\"\u201cEspa\u00e7o \u00e9 nova fronteira de neg\u00f3cios da humanidade\u201d - Ag\u00eancia iNFRA\",\"isPartOf\":{\"@id\":\"https:\/\/agenciainfra.com\/blog\/#website\"},\"primaryImageOfPage\":{\"@id\":\"https:\/\/agenciainfra.com\/blog\/espaco-e-nova-fronteira-de-negocios-da-humanidade\/#primaryimage\"},\"image\":{\"@id\":\"https:\/\/agenciainfra.com\/blog\/espaco-e-nova-fronteira-de-negocios-da-humanidade\/#primaryimage\"},\"thumbnailUrl\":\"https:\/\/agenciainfra.com\/blog\/wp-content\/uploads\/2022\/03\/carlos-moura-foto-aeb-e1647353628315.png\",\"datePublished\":\"2022-03-15T13:00:00+00:00\",\"dateModified\":\"2022-03-15T14:30:13+00:00\",\"breadcrumb\":{\"@id\":\"https:\/\/agenciainfra.com\/blog\/espaco-e-nova-fronteira-de-negocios-da-humanidade\/#breadcrumb\"},\"inLanguage\":\"pt-BR\",\"potentialAction\":[{\"@type\":\"ReadAction\",\"target\":[\"https:\/\/agenciainfra.com\/blog\/espaco-e-nova-fronteira-de-negocios-da-humanidade\/\"]}]},{\"@type\":\"ImageObject\",\"inLanguage\":\"pt-BR\",\"@id\":\"https:\/\/agenciainfra.com\/blog\/espaco-e-nova-fronteira-de-negocios-da-humanidade\/#primaryimage\",\"url\":\"https:\/\/agenciainfra.com\/blog\/wp-content\/uploads\/2022\/03\/carlos-moura-foto-aeb-e1647353628315.png\",\"contentUrl\":\"https:\/\/agenciainfra.com\/blog\/wp-content\/uploads\/2022\/03\/carlos-moura-foto-aeb-e1647353628315.png\",\"width\":2305,\"height\":1417},{\"@type\":\"BreadcrumbList\",\"@id\":\"https:\/\/agenciainfra.com\/blog\/espaco-e-nova-fronteira-de-negocios-da-humanidade\/#breadcrumb\",\"itemListElement\":[{\"@type\":\"ListItem\",\"position\":1,\"name\":\"In\u00edcio\",\"item\":\"https:\/\/agenciainfra.com\/blog\/\"},{\"@type\":\"ListItem\",\"position\":2,\"name\":\"\u201cEspa\u00e7o \u00e9 nova fronteira de neg\u00f3cios da humanidade\u201d\"}]},{\"@type\":\"WebSite\",\"@id\":\"https:\/\/agenciainfra.com\/blog\/#website\",\"url\":\"https:\/\/agenciainfra.com\/blog\/\",\"name\":\"Ag\u00eancia iNFRA\",\"description\":\"Multiplataforma de informa\u00e7\u00e3o jornal\u00edstica refer\u00eancia na \u00e1rea de infraestrutura no Brasil!\",\"publisher\":{\"@id\":\"https:\/\/agenciainfra.com\/blog\/#organization\"},\"potentialAction\":[{\"@type\":\"SearchAction\",\"target\":{\"@type\":\"EntryPoint\",\"urlTemplate\":\"https:\/\/agenciainfra.com\/blog\/?s={search_term_string}\"},\"query-input\":{\"@type\":\"PropertyValueSpecification\",\"valueRequired\":true,\"valueName\":\"search_term_string\"}}],\"inLanguage\":\"pt-BR\"},{\"@type\":\"Organization\",\"@id\":\"https:\/\/agenciainfra.com\/blog\/#organization\",\"name\":\"Ag\u00eancia iNFRA\",\"url\":\"https:\/\/agenciainfra.com\/blog\/\",\"logo\":{\"@type\":\"ImageObject\",\"inLanguage\":\"pt-BR\",\"@id\":\"https:\/\/agenciainfra.com\/blog\/#\/schema\/logo\/image\/\",\"url\":\"https:\/\/agenciainfra.com\/blog\/wp-content\/uploads\/2023\/09\/iNFRA_5-e1761735885940.png\",\"contentUrl\":\"https:\/\/agenciainfra.com\/blog\/wp-content\/uploads\/2023\/09\/iNFRA_5-e1761735885940.png\",\"width\":1672,\"height\":454,\"caption\":\"Ag\u00eancia iNFRA\"},\"image\":{\"@id\":\"https:\/\/agenciainfra.com\/blog\/#\/schema\/logo\/image\/\"},\"sameAs\":[\"https:\/\/www.facebook.com\/ageninfra\",\"https:\/\/x.com\/agencia_infra\",\"https:\/\/www.linkedin.com\/company\/ag\u00eanciainfra\/\",\"https:\/\/www.instagram.com\/agenciainfra\/\"]},{\"@type\":\"Person\",\"@id\":\"https:\/\/agenciainfra.com\/blog\/#\/schema\/person\/34af08dff6adea4cb22b06612ba7acfa\",\"name\":\"Ag\u00eancia iNFRA\",\"image\":{\"@type\":\"ImageObject\",\"inLanguage\":\"pt-BR\",\"@id\":\"https:\/\/agenciainfra.com\/blog\/#\/schema\/person\/image\/\",\"url\":\"https:\/\/secure.gravatar.com\/avatar\/d189e01678f06d8eb84d4e01f08eb848b3fffe3f8443818d3c356c66892f5be8?s=96&d=mm&r=g\",\"contentUrl\":\"https:\/\/secure.gravatar.com\/avatar\/d189e01678f06d8eb84d4e01f08eb848b3fffe3f8443818d3c356c66892f5be8?s=96&d=mm&r=g\",\"caption\":\"Ag\u00eancia iNFRA\"},\"url\":\"https:\/\/agenciainfra.com\/blog\/author\/admin\/\"}]}<\/script>\n<!-- \/ Yoast SEO Premium plugin. -->","yoast_head_json":{"title":"\u201cEspa\u00e7o \u00e9 nova fronteira de neg\u00f3cios da humanidade\u201d - Ag\u00eancia iNFRA","robots":{"index":"index","follow":"follow","max-snippet":"max-snippet:-1","max-image-preview":"max-image-preview:large","max-video-preview":"max-video-preview:-1"},"canonical":"https:\/\/agenciainfra.com\/blog\/espaco-e-nova-fronteira-de-negocios-da-humanidade\/","og_locale":"pt_BR","og_type":"article","og_title":"\u201cEspa\u00e7o \u00e9 nova fronteira de neg\u00f3cios da humanidade\u201d","og_description":"Geocracia Em entrevista exclusiva que marca as comemora\u00e7\u00f5es de um ano do portal Geocracia, o presidente da AEB\u00a0(Ag\u00eancia Espacial Brasileira), coronel engenheiro Carlos Augusto de Moura, disse que o Brasil tem trabalhado fortemente para integrar suas capacidades nas cadeias mundiais de valor e participar da nova explora\u00e7\u00e3o do espa\u00e7o \u2013 a \u201cnova fronteira que alavanca [&hellip;]","og_url":"https:\/\/agenciainfra.com\/blog\/espaco-e-nova-fronteira-de-negocios-da-humanidade\/","og_site_name":"Ag\u00eancia iNFRA","article_publisher":"https:\/\/www.facebook.com\/ageninfra","article_published_time":"2022-03-15T13:00:00+00:00","article_modified_time":"2022-03-15T14:30:13+00:00","og_image":[{"width":1024,"height":630,"url":"https:\/\/agenciainfra.com\/blog\/wp-content\/uploads\/2022\/03\/carlos-moura-foto-aeb-e1647353628315-1024x630.png","type":"image\/png"}],"author":"Ag\u00eancia iNFRA","twitter_card":"summary_large_image","twitter_creator":"@agencia_infra","twitter_site":"@agencia_infra","twitter_misc":{"Escrito por":"Ag\u00eancia iNFRA","Est. tempo de leitura":"12 minutos"},"schema":{"@context":"https:\/\/schema.org","@graph":[{"@type":"Article","@id":"https:\/\/agenciainfra.com\/blog\/espaco-e-nova-fronteira-de-negocios-da-humanidade\/#article","isPartOf":{"@id":"https:\/\/agenciainfra.com\/blog\/espaco-e-nova-fronteira-de-negocios-da-humanidade\/"},"author":{"name":"Ag\u00eancia iNFRA","@id":"https:\/\/agenciainfra.com\/blog\/#\/schema\/person\/34af08dff6adea4cb22b06612ba7acfa"},"headline":"\u201cEspa\u00e7o \u00e9 nova fronteira de neg\u00f3cios da humanidade\u201d","datePublished":"2022-03-15T13:00:00+00:00","dateModified":"2022-03-15T14:30:13+00:00","mainEntityOfPage":{"@id":"https:\/\/agenciainfra.com\/blog\/espaco-e-nova-fronteira-de-negocios-da-humanidade\/"},"wordCount":2356,"publisher":{"@id":"https:\/\/agenciainfra.com\/blog\/#organization"},"image":{"@id":"https:\/\/agenciainfra.com\/blog\/espaco-e-nova-fronteira-de-negocios-da-humanidade\/#primaryimage"},"thumbnailUrl":"https:\/\/agenciainfra.com\/blog\/wp-content\/uploads\/2022\/03\/carlos-moura-foto-aeb-e1647353628315.png","keywords":["AEB","Ag\u00eancia Espacial Brasileira","dados espaciais","ESG","geoinforma\u00e7\u00e3o","Infraestrutura","ITA","MCTI","mercado espacial brasileiro","tecnologia"],"articleSection":["Geral"],"inLanguage":"pt-BR","copyrightYear":"2022","copyrightHolder":{"@id":"https:\/\/agenciainfra.com\/blog\/#organization"}},{"@type":"WebPage","@id":"https:\/\/agenciainfra.com\/blog\/espaco-e-nova-fronteira-de-negocios-da-humanidade\/","url":"https:\/\/agenciainfra.com\/blog\/espaco-e-nova-fronteira-de-negocios-da-humanidade\/","name":"\u201cEspa\u00e7o \u00e9 nova fronteira de neg\u00f3cios da humanidade\u201d - Ag\u00eancia iNFRA","isPartOf":{"@id":"https:\/\/agenciainfra.com\/blog\/#website"},"primaryImageOfPage":{"@id":"https:\/\/agenciainfra.com\/blog\/espaco-e-nova-fronteira-de-negocios-da-humanidade\/#primaryimage"},"image":{"@id":"https:\/\/agenciainfra.com\/blog\/espaco-e-nova-fronteira-de-negocios-da-humanidade\/#primaryimage"},"thumbnailUrl":"https:\/\/agenciainfra.com\/blog\/wp-content\/uploads\/2022\/03\/carlos-moura-foto-aeb-e1647353628315.png","datePublished":"2022-03-15T13:00:00+00:00","dateModified":"2022-03-15T14:30:13+00:00","breadcrumb":{"@id":"https:\/\/agenciainfra.com\/blog\/espaco-e-nova-fronteira-de-negocios-da-humanidade\/#breadcrumb"},"inLanguage":"pt-BR","potentialAction":[{"@type":"ReadAction","target":["https:\/\/agenciainfra.com\/blog\/espaco-e-nova-fronteira-de-negocios-da-humanidade\/"]}]},{"@type":"ImageObject","inLanguage":"pt-BR","@id":"https:\/\/agenciainfra.com\/blog\/espaco-e-nova-fronteira-de-negocios-da-humanidade\/#primaryimage","url":"https:\/\/agenciainfra.com\/blog\/wp-content\/uploads\/2022\/03\/carlos-moura-foto-aeb-e1647353628315.png","contentUrl":"https:\/\/agenciainfra.com\/blog\/wp-content\/uploads\/2022\/03\/carlos-moura-foto-aeb-e1647353628315.png","width":2305,"height":1417},{"@type":"BreadcrumbList","@id":"https:\/\/agenciainfra.com\/blog\/espaco-e-nova-fronteira-de-negocios-da-humanidade\/#breadcrumb","itemListElement":[{"@type":"ListItem","position":1,"name":"In\u00edcio","item":"https:\/\/agenciainfra.com\/blog\/"},{"@type":"ListItem","position":2,"name":"\u201cEspa\u00e7o \u00e9 nova fronteira de neg\u00f3cios da humanidade\u201d"}]},{"@type":"WebSite","@id":"https:\/\/agenciainfra.com\/blog\/#website","url":"https:\/\/agenciainfra.com\/blog\/","name":"Ag\u00eancia iNFRA","description":"Multiplataforma de informa\u00e7\u00e3o jornal\u00edstica refer\u00eancia na \u00e1rea de infraestrutura no Brasil!","publisher":{"@id":"https:\/\/agenciainfra.com\/blog\/#organization"},"potentialAction":[{"@type":"SearchAction","target":{"@type":"EntryPoint","urlTemplate":"https:\/\/agenciainfra.com\/blog\/?s={search_term_string}"},"query-input":{"@type":"PropertyValueSpecification","valueRequired":true,"valueName":"search_term_string"}}],"inLanguage":"pt-BR"},{"@type":"Organization","@id":"https:\/\/agenciainfra.com\/blog\/#organization","name":"Ag\u00eancia iNFRA","url":"https:\/\/agenciainfra.com\/blog\/","logo":{"@type":"ImageObject","inLanguage":"pt-BR","@id":"https:\/\/agenciainfra.com\/blog\/#\/schema\/logo\/image\/","url":"https:\/\/agenciainfra.com\/blog\/wp-content\/uploads\/2023\/09\/iNFRA_5-e1761735885940.png","contentUrl":"https:\/\/agenciainfra.com\/blog\/wp-content\/uploads\/2023\/09\/iNFRA_5-e1761735885940.png","width":1672,"height":454,"caption":"Ag\u00eancia iNFRA"},"image":{"@id":"https:\/\/agenciainfra.com\/blog\/#\/schema\/logo\/image\/"},"sameAs":["https:\/\/www.facebook.com\/ageninfra","https:\/\/x.com\/agencia_infra","https:\/\/www.linkedin.com\/company\/ag\u00eanciainfra\/","https:\/\/www.instagram.com\/agenciainfra\/"]},{"@type":"Person","@id":"https:\/\/agenciainfra.com\/blog\/#\/schema\/person\/34af08dff6adea4cb22b06612ba7acfa","name":"Ag\u00eancia iNFRA","image":{"@type":"ImageObject","inLanguage":"pt-BR","@id":"https:\/\/agenciainfra.com\/blog\/#\/schema\/person\/image\/","url":"https:\/\/secure.gravatar.com\/avatar\/d189e01678f06d8eb84d4e01f08eb848b3fffe3f8443818d3c356c66892f5be8?s=96&d=mm&r=g","contentUrl":"https:\/\/secure.gravatar.com\/avatar\/d189e01678f06d8eb84d4e01f08eb848b3fffe3f8443818d3c356c66892f5be8?s=96&d=mm&r=g","caption":"Ag\u00eancia iNFRA"},"url":"https:\/\/agenciainfra.com\/blog\/author\/admin\/"}]}},"_links":{"self":[{"href":"https:\/\/agenciainfra.com\/blog\/wp-json\/wp\/v2\/posts\/9760","targetHints":{"allow":["GET"]}}],"collection":[{"href":"https:\/\/agenciainfra.com\/blog\/wp-json\/wp\/v2\/posts"}],"about":[{"href":"https:\/\/agenciainfra.com\/blog\/wp-json\/wp\/v2\/types\/post"}],"author":[{"embeddable":true,"href":"https:\/\/agenciainfra.com\/blog\/wp-json\/wp\/v2\/users\/1"}],"replies":[{"embeddable":true,"href":"https:\/\/agenciainfra.com\/blog\/wp-json\/wp\/v2\/comments?post=9760"}],"version-history":[{"count":0,"href":"https:\/\/agenciainfra.com\/blog\/wp-json\/wp\/v2\/posts\/9760\/revisions"}],"wp:featuredmedia":[{"embeddable":true,"href":"https:\/\/agenciainfra.com\/blog\/wp-json\/wp\/v2\/media\/9761"}],"wp:attachment":[{"href":"https:\/\/agenciainfra.com\/blog\/wp-json\/wp\/v2\/media?parent=9760"}],"wp:term":[{"taxonomy":"category","embeddable":true,"href":"https:\/\/agenciainfra.com\/blog\/wp-json\/wp\/v2\/categories?post=9760"},{"taxonomy":"post_tag","embeddable":true,"href":"https:\/\/agenciainfra.com\/blog\/wp-json\/wp\/v2\/tags?post=9760"}],"curies":[{"name":"wp","href":"https:\/\/api.w.org\/{rel}","templated":true}]}}