{"id":9765,"date":"2022-03-17T08:00:00","date_gmt":"2022-03-17T11:00:00","guid":{"rendered":"https:\/\/www.agenciainfra.com\/blog\/?p=9765"},"modified":"2022-03-15T09:57:53","modified_gmt":"2022-03-15T12:57:53","slug":"nova-ferroeste-deve-ir-a-leilao-neste-semestre-para-tornar-parana-hub-logistico-da-america-do-sul","status":"publish","type":"post","link":"https:\/\/agenciainfra.com\/blog\/nova-ferroeste-deve-ir-a-leilao-neste-semestre-para-tornar-parana-hub-logistico-da-america-do-sul\/","title":{"rendered":"Nova Ferroeste deve ir a leil\u00e3o neste semestre para tornar Paran\u00e1 hub log\u00edstico da Am\u00e9rica do Sul"},"content":{"rendered":"\n<p class=\"has-text-align-right\"><strong>Danilo Fariello, para a Ag\u00eancia iNFRA<\/strong><\/p>\n\n\n\n<p>O projeto mais avan\u00e7ado entre as ferrovias autorizadas pela Medida Provis\u00f3ria 1.065\/2021 deve ir a leil\u00e3o ainda neste semestre, com boa parte dos trechos j\u00e1 com licen\u00e7a pr\u00e9via ambiental pelo Ibama. \u00c9 o que esperam os respons\u00e1veis pela Nova Ferroeste, um conjunto de ferrovias entre os estados de Santa Catarina, Paran\u00e1 e Mato Grosso.<\/p>\n\n\n\n<p>A meta do governo do Paran\u00e1, controlador da empresa, \u00e9 em abril promover audi\u00eancias p\u00fablicas ambientais e publicar um edital para leiloar a Nova Ferroeste, com quase 1.600 quil\u00f4metros, passando pelos tr\u00eas estados.<\/p>\n\n\n\n<p>No leil\u00e3o, previsto para junho, o investidor ganhar\u00e1 o direito a usar o ramal j\u00e1 pronto, de Cascavel e Guarapuava (PR), e construir e operar outros quatro novos ramais que j\u00e1 possuem contrato de autoriza\u00e7\u00e3o assinados com o governo federal.<\/p>\n\n\n\n<p>Ap\u00f3s a publica\u00e7\u00e3o do edital, previsto para o fim de abril, dever\u00e1 ocorrer um road show em S\u00e3o Paulo (SP) com potenciais investidores. Confirmadas as expectativas, o leil\u00e3o dever\u00e1 ocorrer em junho, com o vencedor escolhido entre quem der a maior outorga, a partir do m\u00ednimo previsto para R$ 160 milh\u00f5es. Em toda a malha, o governo do Paran\u00e1 prev\u00ea investimentos de R$ 29,4 bilh\u00f5es (em valores de janeiro de 2021)&nbsp;e um prazo de contrato de 70 anos. A TIR (Taxa Interna de Retorno) do projeto foi fixada em 11% ao ano.<\/p>\n\n\n\n<p>A expans\u00e3o da Ferroeste \u00e9 um projeto antigo, que foi acelerado agora com a MP das Autoriza\u00e7\u00f5es Ferrovi\u00e1rias. O governo do Paran\u00e1 avalia que, no raio de mil quil\u00f4metros ao redor do estado, gravitam 70% do PIB da Am\u00e9rica do Sul. Assim, a Nova Ferroeste refor\u00e7a a log\u00edstica do eixo sul do pa\u00eds e se contrap\u00f5e \u00e0 tend\u00eancia recente de investimentos maci\u00e7os no Arco Norte, de escoamento de exporta\u00e7\u00f5es pelo norte do pa\u00eds.<\/p>\n\n\n\n<p>&#8220;O potencial de transformar o Paran\u00e1 num hub log\u00edstico da Am\u00e9rica Latina \u00e9 tremendo e \u00e9 a ferrovia que vai promover esse salto para o futuro&#8221;,&nbsp;diz Luiz Henrique Fagundes, coordenador do Plano Estadual Ferrovi\u00e1rio do Paran\u00e1.<br><br><strong>Plano agressivo<\/strong><br>A Nova Ferroeste faz parte desse plano agressivo do estado para se tornar o segundo maior corredor de cargas do pa\u00eds, perdendo apenas para o caminho que inclui a Malha Paulista e o Porto de Santos (SP). Esse plano inclui investimentos em rodovias e no Porto de Paranagu\u00e1 (PR). Segundo Fagundes, essa ser\u00e1 uma solu\u00e7\u00e3o log\u00edstica nacional e internacional de cargas, uma vez que haver\u00e1 um ramal de Cascavel chegando \u00e0 Foz do Igua\u00e7u, na tr\u00edplice fronteira com Argentina e Paraguai.<\/p>\n\n\n\n<p>Em outubro do ano passado, o projeto da Ferroeste foi apresentado em Abu Dhabi, com expectativa positiva por parte de potenciais s\u00f3cios e financiadores, segundo Fagundes. Outros potenciais investidores, como empresas chinesas e mesmo as grandes cooperativas agr\u00edcolas da regi\u00e3o Sul, tamb\u00e9m j\u00e1 foram conhecer o projeto.<br><br><strong>Carga de retorno<\/strong><br>A Nova Ferroeste chama a aten\u00e7\u00e3o do governo federal por sua potencial produtividade tamb\u00e9m com o uso da chamada \u201ccarga de retorno\u201d, comenta Marcello da Costa, secret\u00e1rio de Transportes Terrestres do Minist\u00e9rio da Infraestrutura.<\/p>\n\n\n\n<p>Atualmente, 90% das cargas sobre trilhos no pa\u00eds correm para o mar, onde s\u00e3o enviadas ao exterior por portos. Na Ferroeste, com o ramal Guarapuava a Paranagu\u00e1 sendo constru\u00eddo em tecnologia avan\u00e7ada, com raios maiores e menor inclina\u00e7\u00e3o, \u00e9 grande a expectativa do uso dos trilhos para importa\u00e7\u00e3o para o interior do continente. Para Fagundes, da Ferroeste, em Paranagu\u00e1 poder\u00e3o chegar fertilizantes para abastecer por linha f\u00e9rrea a produ\u00e7\u00e3o agr\u00edcola do Centro-Oeste, assim como tamb\u00e9m ser\u00e1 poss\u00edvel criar novas linhas para produtos importados.<\/p>\n","protected":false},"excerpt":{"rendered":"<p>Danilo Fariello, para a Ag\u00eancia iNFRA O projeto mais avan\u00e7ado entre as ferrovias autorizadas pela Medida Provis\u00f3ria 1.065\/2021 deve ir a leil\u00e3o ainda neste semestre, com boa parte dos trechos j\u00e1 com licen\u00e7a pr\u00e9via ambiental pelo Ibama. \u00c9 o que esperam os respons\u00e1veis pela Nova Ferroeste, um conjunto de ferrovias entre os estados de Santa [&hellip;]<\/p>\n","protected":false},"author":1,"featured_media":5852,"comment_status":"closed","ping_status":"closed","sticky":false,"template":"","format":"standard","meta":{"_monsterinsights_skip_tracking":false,"_monsterinsights_sitenote_active":false,"_monsterinsights_sitenote_note":"","_monsterinsights_sitenote_category":0,"footnotes":""},"categories":[1,7],"tags":[5314,877,120,3853,346,775,4970,5313,620,5315],"class_list":["post-9765","post","type-post","status-publish","format-standard","has-post-thumbnail","hentry","category-geral","category-infratransporte","tag-america-do-sul","tag-america-latina","tag-ferrovias","tag-infraestrutura-ferroviaria","tag-leiloes","tag-ministerio-da-infraestrutura","tag-mp-1-065","tag-nova-ferroeste","tag-parana","tag-plano-estadual-ferroviario-do-parana"],"yoast_head":"<!-- This site is optimized with the Yoast SEO Premium plugin v25.4 (Yoast SEO v26.0) - https:\/\/yoast.com\/wordpress\/plugins\/seo\/ -->\n<title>Nova Ferroeste deve ir a leil\u00e3o neste semestre para tornar Paran\u00e1 hub log\u00edstico da Am\u00e9rica do Sul - Ag\u00eancia iNFRA<\/title>\n<meta name=\"robots\" content=\"index, follow, max-snippet:-1, max-image-preview:large, max-video-preview:-1\" \/>\n<link rel=\"canonical\" href=\"https:\/\/agenciainfra.com\/blog\/nova-ferroeste-deve-ir-a-leilao-neste-semestre-para-tornar-parana-hub-logistico-da-america-do-sul\/\" \/>\n<meta property=\"og:locale\" content=\"pt_BR\" \/>\n<meta property=\"og:type\" content=\"article\" \/>\n<meta property=\"og:title\" content=\"Nova Ferroeste deve ir a leil\u00e3o neste semestre para tornar Paran\u00e1 hub log\u00edstico da Am\u00e9rica do Sul\" \/>\n<meta property=\"og:description\" content=\"Danilo Fariello, para a Ag\u00eancia iNFRA O projeto mais avan\u00e7ado entre as ferrovias autorizadas pela Medida Provis\u00f3ria 1.065\/2021 deve ir a leil\u00e3o ainda neste semestre, com boa parte dos trechos j\u00e1 com licen\u00e7a pr\u00e9via ambiental pelo Ibama. \u00c9 o que esperam os respons\u00e1veis pela Nova Ferroeste, um conjunto de ferrovias entre os estados de Santa [&hellip;]\" \/>\n<meta property=\"og:url\" content=\"https:\/\/agenciainfra.com\/blog\/nova-ferroeste-deve-ir-a-leilao-neste-semestre-para-tornar-parana-hub-logistico-da-america-do-sul\/\" \/>\n<meta property=\"og:site_name\" content=\"Ag\u00eancia iNFRA\" \/>\n<meta property=\"article:publisher\" content=\"https:\/\/www.facebook.com\/ageninfra\" \/>\n<meta property=\"article:published_time\" content=\"2022-03-17T11:00:00+00:00\" \/>\n<meta property=\"og:image\" content=\"https:\/\/agenciainfra.com\/blog\/wp-content\/uploads\/2020\/09\/linha-ferrea-trilho-ferrovia-foto-dominio-publico.jpg\" \/>\n\t<meta property=\"og:image:width\" content=\"1280\" \/>\n\t<meta property=\"og:image:height\" content=\"960\" \/>\n\t<meta property=\"og:image:type\" content=\"image\/jpeg\" \/>\n<meta name=\"author\" content=\"Ag\u00eancia iNFRA\" \/>\n<meta name=\"twitter:card\" content=\"summary_large_image\" \/>\n<meta name=\"twitter:creator\" content=\"@agencia_infra\" \/>\n<meta name=\"twitter:site\" content=\"@agencia_infra\" \/>\n<meta name=\"twitter:label1\" content=\"Escrito por\" \/>\n\t<meta name=\"twitter:data1\" content=\"Ag\u00eancia iNFRA\" \/>\n\t<meta name=\"twitter:label2\" content=\"Est. tempo de leitura\" \/>\n\t<meta name=\"twitter:data2\" content=\"3 minutos\" \/>\n<script type=\"application\/ld+json\" class=\"yoast-schema-graph\">{\"@context\":\"https:\/\/schema.org\",\"@graph\":[{\"@type\":\"Article\",\"@id\":\"https:\/\/agenciainfra.com\/blog\/nova-ferroeste-deve-ir-a-leilao-neste-semestre-para-tornar-parana-hub-logistico-da-america-do-sul\/#article\",\"isPartOf\":{\"@id\":\"https:\/\/agenciainfra.com\/blog\/nova-ferroeste-deve-ir-a-leilao-neste-semestre-para-tornar-parana-hub-logistico-da-america-do-sul\/\"},\"author\":{\"name\":\"Ag\u00eancia iNFRA\",\"@id\":\"https:\/\/agenciainfra.com\/blog\/#\/schema\/person\/34af08dff6adea4cb22b06612ba7acfa\"},\"headline\":\"Nova Ferroeste deve ir a leil\u00e3o neste semestre para tornar Paran\u00e1 hub log\u00edstico da Am\u00e9rica do Sul\",\"datePublished\":\"2022-03-17T11:00:00+00:00\",\"mainEntityOfPage\":{\"@id\":\"https:\/\/agenciainfra.com\/blog\/nova-ferroeste-deve-ir-a-leilao-neste-semestre-para-tornar-parana-hub-logistico-da-america-do-sul\/\"},\"wordCount\":652,\"publisher\":{\"@id\":\"https:\/\/agenciainfra.com\/blog\/#organization\"},\"image\":{\"@id\":\"https:\/\/agenciainfra.com\/blog\/nova-ferroeste-deve-ir-a-leilao-neste-semestre-para-tornar-parana-hub-logistico-da-america-do-sul\/#primaryimage\"},\"thumbnailUrl\":\"https:\/\/agenciainfra.com\/blog\/wp-content\/uploads\/2020\/09\/linha-ferrea-trilho-ferrovia-foto-dominio-publico.jpg\",\"keywords\":[\"Am\u00e9rica do Sul\",\"Am\u00e9rica Latina\",\"Ferrovias\",\"infraestrutura ferrovi\u00e1ria\",\"leil\u00f5es\",\"Minist\u00e9rio da Infraestrutura\",\"MP 1.065\",\"Nova Ferroeste\",\"Paran\u00e1\",\"Plano Estadual Ferrovi\u00e1rio do Paran\u00e1\"],\"articleSection\":[\"Geral\",\"iNFRATransporte\"],\"inLanguage\":\"pt-BR\",\"copyrightYear\":\"2022\",\"copyrightHolder\":{\"@id\":\"https:\/\/agenciainfra.com\/blog\/#organization\"}},{\"@type\":\"WebPage\",\"@id\":\"https:\/\/agenciainfra.com\/blog\/nova-ferroeste-deve-ir-a-leilao-neste-semestre-para-tornar-parana-hub-logistico-da-america-do-sul\/\",\"url\":\"https:\/\/agenciainfra.com\/blog\/nova-ferroeste-deve-ir-a-leilao-neste-semestre-para-tornar-parana-hub-logistico-da-america-do-sul\/\",\"name\":\"Nova Ferroeste deve ir a leil\u00e3o neste semestre para tornar Paran\u00e1 hub log\u00edstico da Am\u00e9rica do Sul - Ag\u00eancia iNFRA\",\"isPartOf\":{\"@id\":\"https:\/\/agenciainfra.com\/blog\/#website\"},\"primaryImageOfPage\":{\"@id\":\"https:\/\/agenciainfra.com\/blog\/nova-ferroeste-deve-ir-a-leilao-neste-semestre-para-tornar-parana-hub-logistico-da-america-do-sul\/#primaryimage\"},\"image\":{\"@id\":\"https:\/\/agenciainfra.com\/blog\/nova-ferroeste-deve-ir-a-leilao-neste-semestre-para-tornar-parana-hub-logistico-da-america-do-sul\/#primaryimage\"},\"thumbnailUrl\":\"https:\/\/agenciainfra.com\/blog\/wp-content\/uploads\/2020\/09\/linha-ferrea-trilho-ferrovia-foto-dominio-publico.jpg\",\"datePublished\":\"2022-03-17T11:00:00+00:00\",\"breadcrumb\":{\"@id\":\"https:\/\/agenciainfra.com\/blog\/nova-ferroeste-deve-ir-a-leilao-neste-semestre-para-tornar-parana-hub-logistico-da-america-do-sul\/#breadcrumb\"},\"inLanguage\":\"pt-BR\",\"potentialAction\":[{\"@type\":\"ReadAction\",\"target\":[\"https:\/\/agenciainfra.com\/blog\/nova-ferroeste-deve-ir-a-leilao-neste-semestre-para-tornar-parana-hub-logistico-da-america-do-sul\/\"]}]},{\"@type\":\"ImageObject\",\"inLanguage\":\"pt-BR\",\"@id\":\"https:\/\/agenciainfra.com\/blog\/nova-ferroeste-deve-ir-a-leilao-neste-semestre-para-tornar-parana-hub-logistico-da-america-do-sul\/#primaryimage\",\"url\":\"https:\/\/agenciainfra.com\/blog\/wp-content\/uploads\/2020\/09\/linha-ferrea-trilho-ferrovia-foto-dominio-publico.jpg\",\"contentUrl\":\"https:\/\/agenciainfra.com\/blog\/wp-content\/uploads\/2020\/09\/linha-ferrea-trilho-ferrovia-foto-dominio-publico.jpg\",\"width\":1280,\"height\":960,\"caption\":\"Foto: Dom\u00ednio P\u00fablico\"},{\"@type\":\"BreadcrumbList\",\"@id\":\"https:\/\/agenciainfra.com\/blog\/nova-ferroeste-deve-ir-a-leilao-neste-semestre-para-tornar-parana-hub-logistico-da-america-do-sul\/#breadcrumb\",\"itemListElement\":[{\"@type\":\"ListItem\",\"position\":1,\"name\":\"In\u00edcio\",\"item\":\"https:\/\/agenciainfra.com\/blog\/\"},{\"@type\":\"ListItem\",\"position\":2,\"name\":\"Nova Ferroeste deve ir a leil\u00e3o neste semestre para tornar Paran\u00e1 hub log\u00edstico da Am\u00e9rica do Sul\"}]},{\"@type\":\"WebSite\",\"@id\":\"https:\/\/agenciainfra.com\/blog\/#website\",\"url\":\"https:\/\/agenciainfra.com\/blog\/\",\"name\":\"Ag\u00eancia iNFRA\",\"description\":\"Multiplataforma de informa\u00e7\u00e3o jornal\u00edstica refer\u00eancia na \u00e1rea de infraestrutura no Brasil!\",\"publisher\":{\"@id\":\"https:\/\/agenciainfra.com\/blog\/#organization\"},\"potentialAction\":[{\"@type\":\"SearchAction\",\"target\":{\"@type\":\"EntryPoint\",\"urlTemplate\":\"https:\/\/agenciainfra.com\/blog\/?s={search_term_string}\"},\"query-input\":{\"@type\":\"PropertyValueSpecification\",\"valueRequired\":true,\"valueName\":\"search_term_string\"}}],\"inLanguage\":\"pt-BR\"},{\"@type\":\"Organization\",\"@id\":\"https:\/\/agenciainfra.com\/blog\/#organization\",\"name\":\"Ag\u00eancia iNFRA\",\"url\":\"https:\/\/agenciainfra.com\/blog\/\",\"logo\":{\"@type\":\"ImageObject\",\"inLanguage\":\"pt-BR\",\"@id\":\"https:\/\/agenciainfra.com\/blog\/#\/schema\/logo\/image\/\",\"url\":\"https:\/\/agenciainfra.com\/blog\/wp-content\/uploads\/2023\/09\/iNFRA_5-e1761735885940.png\",\"contentUrl\":\"https:\/\/agenciainfra.com\/blog\/wp-content\/uploads\/2023\/09\/iNFRA_5-e1761735885940.png\",\"width\":1672,\"height\":454,\"caption\":\"Ag\u00eancia iNFRA\"},\"image\":{\"@id\":\"https:\/\/agenciainfra.com\/blog\/#\/schema\/logo\/image\/\"},\"sameAs\":[\"https:\/\/www.facebook.com\/ageninfra\",\"https:\/\/x.com\/agencia_infra\",\"https:\/\/www.linkedin.com\/company\/ag\u00eanciainfra\/\",\"https:\/\/www.instagram.com\/agenciainfra\/\"]},{\"@type\":\"Person\",\"@id\":\"https:\/\/agenciainfra.com\/blog\/#\/schema\/person\/34af08dff6adea4cb22b06612ba7acfa\",\"name\":\"Ag\u00eancia iNFRA\",\"image\":{\"@type\":\"ImageObject\",\"inLanguage\":\"pt-BR\",\"@id\":\"https:\/\/agenciainfra.com\/blog\/#\/schema\/person\/image\/\",\"url\":\"https:\/\/secure.gravatar.com\/avatar\/d189e01678f06d8eb84d4e01f08eb848b3fffe3f8443818d3c356c66892f5be8?s=96&d=mm&r=g\",\"contentUrl\":\"https:\/\/secure.gravatar.com\/avatar\/d189e01678f06d8eb84d4e01f08eb848b3fffe3f8443818d3c356c66892f5be8?s=96&d=mm&r=g\",\"caption\":\"Ag\u00eancia iNFRA\"},\"url\":\"https:\/\/agenciainfra.com\/blog\/author\/admin\/\"}]}<\/script>\n<!-- \/ Yoast SEO Premium plugin. -->","yoast_head_json":{"title":"Nova Ferroeste deve ir a leil\u00e3o neste semestre para tornar Paran\u00e1 hub log\u00edstico da Am\u00e9rica do Sul - Ag\u00eancia iNFRA","robots":{"index":"index","follow":"follow","max-snippet":"max-snippet:-1","max-image-preview":"max-image-preview:large","max-video-preview":"max-video-preview:-1"},"canonical":"https:\/\/agenciainfra.com\/blog\/nova-ferroeste-deve-ir-a-leilao-neste-semestre-para-tornar-parana-hub-logistico-da-america-do-sul\/","og_locale":"pt_BR","og_type":"article","og_title":"Nova Ferroeste deve ir a leil\u00e3o neste semestre para tornar Paran\u00e1 hub log\u00edstico da Am\u00e9rica do Sul","og_description":"Danilo Fariello, para a Ag\u00eancia iNFRA O projeto mais avan\u00e7ado entre as ferrovias autorizadas pela Medida Provis\u00f3ria 1.065\/2021 deve ir a leil\u00e3o ainda neste semestre, com boa parte dos trechos j\u00e1 com licen\u00e7a pr\u00e9via ambiental pelo Ibama. \u00c9 o que esperam os respons\u00e1veis pela Nova Ferroeste, um conjunto de ferrovias entre os estados de Santa [&hellip;]","og_url":"https:\/\/agenciainfra.com\/blog\/nova-ferroeste-deve-ir-a-leilao-neste-semestre-para-tornar-parana-hub-logistico-da-america-do-sul\/","og_site_name":"Ag\u00eancia iNFRA","article_publisher":"https:\/\/www.facebook.com\/ageninfra","article_published_time":"2022-03-17T11:00:00+00:00","og_image":[{"width":1280,"height":960,"url":"https:\/\/agenciainfra.com\/blog\/wp-content\/uploads\/2020\/09\/linha-ferrea-trilho-ferrovia-foto-dominio-publico.jpg","type":"image\/jpeg"}],"author":"Ag\u00eancia iNFRA","twitter_card":"summary_large_image","twitter_creator":"@agencia_infra","twitter_site":"@agencia_infra","twitter_misc":{"Escrito por":"Ag\u00eancia iNFRA","Est. tempo de leitura":"3 minutos"},"schema":{"@context":"https:\/\/schema.org","@graph":[{"@type":"Article","@id":"https:\/\/agenciainfra.com\/blog\/nova-ferroeste-deve-ir-a-leilao-neste-semestre-para-tornar-parana-hub-logistico-da-america-do-sul\/#article","isPartOf":{"@id":"https:\/\/agenciainfra.com\/blog\/nova-ferroeste-deve-ir-a-leilao-neste-semestre-para-tornar-parana-hub-logistico-da-america-do-sul\/"},"author":{"name":"Ag\u00eancia iNFRA","@id":"https:\/\/agenciainfra.com\/blog\/#\/schema\/person\/34af08dff6adea4cb22b06612ba7acfa"},"headline":"Nova Ferroeste deve ir a leil\u00e3o neste semestre para tornar Paran\u00e1 hub log\u00edstico da Am\u00e9rica do Sul","datePublished":"2022-03-17T11:00:00+00:00","mainEntityOfPage":{"@id":"https:\/\/agenciainfra.com\/blog\/nova-ferroeste-deve-ir-a-leilao-neste-semestre-para-tornar-parana-hub-logistico-da-america-do-sul\/"},"wordCount":652,"publisher":{"@id":"https:\/\/agenciainfra.com\/blog\/#organization"},"image":{"@id":"https:\/\/agenciainfra.com\/blog\/nova-ferroeste-deve-ir-a-leilao-neste-semestre-para-tornar-parana-hub-logistico-da-america-do-sul\/#primaryimage"},"thumbnailUrl":"https:\/\/agenciainfra.com\/blog\/wp-content\/uploads\/2020\/09\/linha-ferrea-trilho-ferrovia-foto-dominio-publico.jpg","keywords":["Am\u00e9rica do Sul","Am\u00e9rica Latina","Ferrovias","infraestrutura ferrovi\u00e1ria","leil\u00f5es","Minist\u00e9rio da Infraestrutura","MP 1.065","Nova Ferroeste","Paran\u00e1","Plano Estadual Ferrovi\u00e1rio do Paran\u00e1"],"articleSection":["Geral","iNFRATransporte"],"inLanguage":"pt-BR","copyrightYear":"2022","copyrightHolder":{"@id":"https:\/\/agenciainfra.com\/blog\/#organization"}},{"@type":"WebPage","@id":"https:\/\/agenciainfra.com\/blog\/nova-ferroeste-deve-ir-a-leilao-neste-semestre-para-tornar-parana-hub-logistico-da-america-do-sul\/","url":"https:\/\/agenciainfra.com\/blog\/nova-ferroeste-deve-ir-a-leilao-neste-semestre-para-tornar-parana-hub-logistico-da-america-do-sul\/","name":"Nova Ferroeste deve ir a leil\u00e3o neste semestre para tornar Paran\u00e1 hub log\u00edstico da Am\u00e9rica do Sul - Ag\u00eancia iNFRA","isPartOf":{"@id":"https:\/\/agenciainfra.com\/blog\/#website"},"primaryImageOfPage":{"@id":"https:\/\/agenciainfra.com\/blog\/nova-ferroeste-deve-ir-a-leilao-neste-semestre-para-tornar-parana-hub-logistico-da-america-do-sul\/#primaryimage"},"image":{"@id":"https:\/\/agenciainfra.com\/blog\/nova-ferroeste-deve-ir-a-leilao-neste-semestre-para-tornar-parana-hub-logistico-da-america-do-sul\/#primaryimage"},"thumbnailUrl":"https:\/\/agenciainfra.com\/blog\/wp-content\/uploads\/2020\/09\/linha-ferrea-trilho-ferrovia-foto-dominio-publico.jpg","datePublished":"2022-03-17T11:00:00+00:00","breadcrumb":{"@id":"https:\/\/agenciainfra.com\/blog\/nova-ferroeste-deve-ir-a-leilao-neste-semestre-para-tornar-parana-hub-logistico-da-america-do-sul\/#breadcrumb"},"inLanguage":"pt-BR","potentialAction":[{"@type":"ReadAction","target":["https:\/\/agenciainfra.com\/blog\/nova-ferroeste-deve-ir-a-leilao-neste-semestre-para-tornar-parana-hub-logistico-da-america-do-sul\/"]}]},{"@type":"ImageObject","inLanguage":"pt-BR","@id":"https:\/\/agenciainfra.com\/blog\/nova-ferroeste-deve-ir-a-leilao-neste-semestre-para-tornar-parana-hub-logistico-da-america-do-sul\/#primaryimage","url":"https:\/\/agenciainfra.com\/blog\/wp-content\/uploads\/2020\/09\/linha-ferrea-trilho-ferrovia-foto-dominio-publico.jpg","contentUrl":"https:\/\/agenciainfra.com\/blog\/wp-content\/uploads\/2020\/09\/linha-ferrea-trilho-ferrovia-foto-dominio-publico.jpg","width":1280,"height":960,"caption":"Foto: Dom\u00ednio P\u00fablico"},{"@type":"BreadcrumbList","@id":"https:\/\/agenciainfra.com\/blog\/nova-ferroeste-deve-ir-a-leilao-neste-semestre-para-tornar-parana-hub-logistico-da-america-do-sul\/#breadcrumb","itemListElement":[{"@type":"ListItem","position":1,"name":"In\u00edcio","item":"https:\/\/agenciainfra.com\/blog\/"},{"@type":"ListItem","position":2,"name":"Nova Ferroeste deve ir a leil\u00e3o neste semestre para tornar Paran\u00e1 hub log\u00edstico da Am\u00e9rica do Sul"}]},{"@type":"WebSite","@id":"https:\/\/agenciainfra.com\/blog\/#website","url":"https:\/\/agenciainfra.com\/blog\/","name":"Ag\u00eancia iNFRA","description":"Multiplataforma de informa\u00e7\u00e3o jornal\u00edstica refer\u00eancia na \u00e1rea de infraestrutura no Brasil!","publisher":{"@id":"https:\/\/agenciainfra.com\/blog\/#organization"},"potentialAction":[{"@type":"SearchAction","target":{"@type":"EntryPoint","urlTemplate":"https:\/\/agenciainfra.com\/blog\/?s={search_term_string}"},"query-input":{"@type":"PropertyValueSpecification","valueRequired":true,"valueName":"search_term_string"}}],"inLanguage":"pt-BR"},{"@type":"Organization","@id":"https:\/\/agenciainfra.com\/blog\/#organization","name":"Ag\u00eancia iNFRA","url":"https:\/\/agenciainfra.com\/blog\/","logo":{"@type":"ImageObject","inLanguage":"pt-BR","@id":"https:\/\/agenciainfra.com\/blog\/#\/schema\/logo\/image\/","url":"https:\/\/agenciainfra.com\/blog\/wp-content\/uploads\/2023\/09\/iNFRA_5-e1761735885940.png","contentUrl":"https:\/\/agenciainfra.com\/blog\/wp-content\/uploads\/2023\/09\/iNFRA_5-e1761735885940.png","width":1672,"height":454,"caption":"Ag\u00eancia iNFRA"},"image":{"@id":"https:\/\/agenciainfra.com\/blog\/#\/schema\/logo\/image\/"},"sameAs":["https:\/\/www.facebook.com\/ageninfra","https:\/\/x.com\/agencia_infra","https:\/\/www.linkedin.com\/company\/ag\u00eanciainfra\/","https:\/\/www.instagram.com\/agenciainfra\/"]},{"@type":"Person","@id":"https:\/\/agenciainfra.com\/blog\/#\/schema\/person\/34af08dff6adea4cb22b06612ba7acfa","name":"Ag\u00eancia iNFRA","image":{"@type":"ImageObject","inLanguage":"pt-BR","@id":"https:\/\/agenciainfra.com\/blog\/#\/schema\/person\/image\/","url":"https:\/\/secure.gravatar.com\/avatar\/d189e01678f06d8eb84d4e01f08eb848b3fffe3f8443818d3c356c66892f5be8?s=96&d=mm&r=g","contentUrl":"https:\/\/secure.gravatar.com\/avatar\/d189e01678f06d8eb84d4e01f08eb848b3fffe3f8443818d3c356c66892f5be8?s=96&d=mm&r=g","caption":"Ag\u00eancia iNFRA"},"url":"https:\/\/agenciainfra.com\/blog\/author\/admin\/"}]}},"_links":{"self":[{"href":"https:\/\/agenciainfra.com\/blog\/wp-json\/wp\/v2\/posts\/9765","targetHints":{"allow":["GET"]}}],"collection":[{"href":"https:\/\/agenciainfra.com\/blog\/wp-json\/wp\/v2\/posts"}],"about":[{"href":"https:\/\/agenciainfra.com\/blog\/wp-json\/wp\/v2\/types\/post"}],"author":[{"embeddable":true,"href":"https:\/\/agenciainfra.com\/blog\/wp-json\/wp\/v2\/users\/1"}],"replies":[{"embeddable":true,"href":"https:\/\/agenciainfra.com\/blog\/wp-json\/wp\/v2\/comments?post=9765"}],"version-history":[{"count":0,"href":"https:\/\/agenciainfra.com\/blog\/wp-json\/wp\/v2\/posts\/9765\/revisions"}],"wp:featuredmedia":[{"embeddable":true,"href":"https:\/\/agenciainfra.com\/blog\/wp-json\/wp\/v2\/media\/5852"}],"wp:attachment":[{"href":"https:\/\/agenciainfra.com\/blog\/wp-json\/wp\/v2\/media?parent=9765"}],"wp:term":[{"taxonomy":"category","embeddable":true,"href":"https:\/\/agenciainfra.com\/blog\/wp-json\/wp\/v2\/categories?post=9765"},{"taxonomy":"post_tag","embeddable":true,"href":"https:\/\/agenciainfra.com\/blog\/wp-json\/wp\/v2\/tags?post=9765"}],"curies":[{"name":"wp","href":"https:\/\/api.w.org\/{rel}","templated":true}]}}