{"id":9829,"date":"2022-03-23T10:00:00","date_gmt":"2022-03-23T13:00:00","guid":{"rendered":"https:\/\/www.agenciainfra.com\/blog\/?p=9829"},"modified":"2022-03-21T12:09:07","modified_gmt":"2022-03-21T15:09:07","slug":"infradebate-relicitacao-de-aeroportos-expectativa-ou-realidade","status":"publish","type":"post","link":"https:\/\/agenciainfra.com\/blog\/infradebate-relicitacao-de-aeroportos-expectativa-ou-realidade\/","title":{"rendered":"iNFRADebate: Relicita\u00e7\u00e3o de aeroportos \u2014 expectativa ou realidade?"},"content":{"rendered":"\n<p class=\"has-text-align-right\"><strong>Ricardo Fenelon Jr.*, Eduardo Lopes** e Bruno Azambuja***<\/strong><\/p>\n\n\n\n<p>Em 5 de junho de 2017, foi editada a Lei 13.448\/2017, que estabelece diretrizes gerais para a prorroga\u00e7\u00e3o e relicita\u00e7\u00e3o dos contratos de parceria nos setores rodovi\u00e1rio, ferrovi\u00e1rio e aeroportu\u00e1rio da administra\u00e7\u00e3o p\u00fablica federal. A relicita\u00e7\u00e3o consiste na extin\u00e7\u00e3o amig\u00e1vel do contrato de parceria e na celebra\u00e7\u00e3o de novo contrato, com novas condi\u00e7\u00f5es e novos contratados.\u00a0<\/p>\n\n\n\n<p>Essa modalidade de extin\u00e7\u00e3o foi criada com objetivo de trazer maior seguran\u00e7a jur\u00eddica, de modo a evitar a descontinuidade da presta\u00e7\u00e3o dos servi\u00e7os envolvendo empreendimentos p\u00fablicos, uma vez que a concession\u00e1ria envolvida no processo de relicita\u00e7\u00e3o dever\u00e1 manter a qualidade dos servi\u00e7os e continuar respeitando os requisitos de seguran\u00e7a operacional, at\u00e9 que uma nova empresa assuma as opera\u00e7\u00f5es, por exemplo, do aeroporto.<\/p>\n\n\n\n<p>No setor aeroportu\u00e1rio, esse mecanismo teve maior interesse das concession\u00e1rias que venceram leil\u00f5es entre 2011 e 2014, em um outro momento do pa\u00eds, do ponto de vista econ\u00f4mico, em que as perspectivas eram bem diferentes para os anos futuros.&nbsp;<\/p>\n\n\n\n<p>Naquele per\u00edodo, o Brasil tinha grande expectativa de crescimento, ao mesmo tempo em que as obras dos grandes aeroportos come\u00e7avam a ser realizadas para receber eventos esportivos relevantes, o que era inclusive um dos principais argumentos para a realiza\u00e7\u00e3o das pr\u00f3prias concess\u00f5es, a necessidade de investimentos em infraestrutura.<\/p>\n\n\n\n<p>A verdade \u00e9 que de l\u00e1 para c\u00e1 o setor a\u00e9reo como um todo vem passando por momentos dif\u00edceis relacionados \u00e0 crise econ\u00f4mica, greve dos caminhoneiros, pandemia (pior crise do setor), entre outros, que impactaram fortemente as empresas a\u00e9reas. Dessa forma, as expectativas de crescimento econ\u00f4mico que existiam naqueles momentos das primeiras rodadas de concess\u00e3o de aeroporto acabaram n\u00e3o se concretizando.<\/p>\n\n\n\n<p>O primeiro pedido de relicita\u00e7\u00e3o foi feito exatamente pelo primeiro operador privado, a concession\u00e1ria do Asga (Aeroporto Internacional de S\u00e3o Gon\u00e7alo do Amarante), que, em 5 de mar\u00e7o de 2020, manifestou formalmente \u00e0 ANAC (Ag\u00eancia Nacional de Avia\u00e7\u00e3o Civil) sua inten\u00e7\u00e3o de aderir ao processo e realizar a relicita\u00e7\u00e3o do Contrato de Concess\u00e3o n\u00ba 001\/ANAC\/2011-SBSG.<\/p>\n\n\n\n<p>Logo em seguida, em 19 de mar\u00e7o de 2020, a concession\u00e1ria do VCP (Aeroporto Internacional de Viracopos) tamb\u00e9m solicitou a devolu\u00e7\u00e3o do ativo ao requerer a relicita\u00e7\u00e3o do Contrato de Concess\u00e3o n\u00ba 003\/ANAC\/2012\/SBKP, ap\u00f3s disputas complexas com a ANAC, enfrentando inclusive um processo de recupera\u00e7\u00e3o judicial entre 2018 e 2020.&nbsp;<\/p>\n\n\n\n<p>Em 10 de fevereiro de 2022, foi a vez do Grupo Changi de Singapura, principal acionista da concession\u00e1ria do GIG (Aeroporto Internacional do Gale\u00e3o), anunciar a inten\u00e7\u00e3o de pedir a relicita\u00e7\u00e3o do ativo. Apenas a t\u00edtulo de informa\u00e7\u00e3o, em 2013, a concession\u00e1ria sagrou-se vencedora do certame com uma oferta de dezenove bilh\u00f5es de reais, maior at\u00e9 que os dezesseis bilh\u00f5es de reais que foram necess\u00e1rios para outra concession\u00e1ria arrematar o GRU (Aeroporto Internacional de Guarulhos) em 2012.&nbsp;<\/p>\n\n\n\n<p>Ap\u00f3s dois anos do in\u00edcio da relicita\u00e7\u00e3o do Asga, os processos seguem em andamento. Apesar do Minist\u00e9rio da Infraestrutura e da ANAC estarem desempenhando suas compet\u00eancias previstas na Lei 13.448\/2017, h\u00e1 d\u00favidas se esses processos ser\u00e3o bem-sucedidos, especialmente em ano eleitoral.<\/p>\n\n\n\n<p>O caso do ASGA, por exemplo, que deveria ser o mais simples, est\u00e1 parado no TCU (Tribunal de Contas da Uni\u00e3o) desde 16 de dezembro de 2021 sem previs\u00e3o de quando voltar\u00e1 a tramitar.<\/p>\n\n\n\n<p>A principal discuss\u00e3o no \u00e2mbito da Corte de Contas gira em torno da metodologia a ser aplicada nos c\u00e1lculos das indeniza\u00e7\u00f5es dos bens revers\u00edveis, sendo este tema um dos entraves dos processos de relicita\u00e7\u00e3o.\u00a0<\/p>\n\n\n\n<p>Nesse sentido, \u00e9 dif\u00edcil esperar uma solu\u00e7\u00e3o mais r\u00e1pida e simples para os casos de Viracopos e Gale\u00e3o, que n\u00e3o apenas dever\u00e3o seguir os precedentes de Asga, mas que tamb\u00e9m enfrentam dificuldades pr\u00f3prias na execu\u00e7\u00e3o de seus contratos, o que exigir\u00e1 maior articula\u00e7\u00e3o entre os entes envolvidos para encontrar a melhor solu\u00e7\u00e3o.\u00a0<\/p>\n\n\n\n<p>Por se tratar de um instrumento novo ainda n\u00e3o efetivamente utilizado, as discuss\u00f5es travadas nos processos de relicita\u00e7\u00e3o geram incertezas e questionamentos, principalmente se a relicita\u00e7\u00e3o de aeroportos \u00e9 apenas uma expectativa ou efetivamente ser\u00e1 uma realidade.<\/p>\n\n\n\n<h6 class=\"wp-block-heading\" id=\"block-aa9ff8cf-f9c2-435f-85ff-56a599c37bc9\"><strong><strong>*<\/strong><\/strong>Ricardo Fenelon Jr.<strong> \u00e9 s\u00f3cio-fundador do Fenelon Advogados. Ex-diretor da ANAC. Especialista em Direito Aeron\u00e1utico, Empresarial e Regulat\u00f3rio. Mestre em Direito (LL.M.) pela Georgetown University.<\/strong><\/h6>\n\n\n\n<h6 class=\"wp-block-heading\" id=\"block-aa9ff8cf-f9c2-435f-85ff-56a599c37bc9\"><strong>**<\/strong>Eduardo Lopes<strong> \u00e9 advogado no Fenelon Advogados. Especialista em Direito P\u00fablico e Infraestrutura. Tem mais de 10 anos de experi\u00eancia, tendo como destaque a atua\u00e7\u00e3o perante o TCU (Tribunal de Contas da Uni\u00e3o). Possui MBA Executivo em Regula\u00e7\u00e3o, Economia e Infraestrutura pela FGV (Funda\u00e7\u00e3o Getulio Vargas).<\/strong><\/h6>\n\n\n\n<h6 class=\"wp-block-heading\" id=\"block-aa9ff8cf-f9c2-435f-85ff-56a599c37bc9\"><strong>***<\/strong>Bruno Azambuja<strong> \u00e9 advogado no Fenelon Advogados. Especialista em Direito Regulat\u00f3rio com \u00eanfase em transportes. Possui experi\u00eancia de cerca de 7 anos na ANTT (Ag\u00eancia Nacional de Transportes Terrestres). Membro da Comiss\u00e3o de Direito Mar\u00edtimo e Portu\u00e1rio da OAB-DF.<\/strong><\/h6>\n\n\n\n<h5 class=\"wp-block-heading\" id=\"block-d67878ff-7627-4f15-b175-8f58269174ff\">O iNFRADebate \u00e9 o espa\u00e7o de artigos da Ag\u00eancia iNFRA com opini\u00f5es de seus atores que n\u00e3o refletem necessariamente o pensamento da Ag\u00eancia iNFRA, sendo de total responsabilidade do autor as informa\u00e7\u00f5es, ju\u00edzos de valor e conceitos descritos no texto.<\/h5>\n","protected":false},"excerpt":{"rendered":"<p>Ricardo Fenelon Jr.*, Eduardo Lopes** e Bruno Azambuja*** Em 5 de junho de 2017, foi editada a Lei 13.448\/2017, que estabelece diretrizes gerais para a prorroga\u00e7\u00e3o e relicita\u00e7\u00e3o dos contratos de parceria nos setores rodovi\u00e1rio, ferrovi\u00e1rio e aeroportu\u00e1rio da administra\u00e7\u00e3o p\u00fablica federal. A relicita\u00e7\u00e3o consiste na extin\u00e7\u00e3o amig\u00e1vel do contrato de parceria e na celebra\u00e7\u00e3o [&hellip;]<\/p>\n","protected":false},"author":1,"featured_media":9830,"comment_status":"closed","ping_status":"closed","sticky":false,"template":"","format":"standard","meta":{"_monsterinsights_skip_tracking":false,"_monsterinsights_sitenote_active":false,"_monsterinsights_sitenote_note":"","_monsterinsights_sitenote_category":0,"footnotes":""},"categories":[1,11],"tags":[2128,3051,107,242,5321,2684,1027,4188,70,5322],"class_list":["post-9829","post","type-post","status-publish","format-standard","has-post-thumbnail","hentry","category-geral","category-infradebate","tag-aeroporto-do-galeao","tag-aeroporto-internacional-de-guarulhos","tag-aeroportos","tag-anac","tag-asga","tag-concessoes-aeroportuarias","tag-relicitacao","tag-setor-aeroportuario","tag-transportes","tag-vcp"],"yoast_head":"<!-- This site is optimized with the Yoast SEO Premium plugin v25.4 (Yoast SEO v26.0) - https:\/\/yoast.com\/wordpress\/plugins\/seo\/ -->\n<title>iNFRADebate: Relicita\u00e7\u00e3o de aeroportos \u2014 expectativa ou realidade? - Ag\u00eancia iNFRA<\/title>\n<meta name=\"robots\" content=\"index, follow, max-snippet:-1, max-image-preview:large, max-video-preview:-1\" \/>\n<link rel=\"canonical\" href=\"https:\/\/agenciainfra.com\/blog\/infradebate-relicitacao-de-aeroportos-expectativa-ou-realidade\/\" \/>\n<meta property=\"og:locale\" content=\"pt_BR\" \/>\n<meta property=\"og:type\" content=\"article\" \/>\n<meta property=\"og:title\" content=\"iNFRADebate: Relicita\u00e7\u00e3o de aeroportos \u2014 expectativa ou realidade?\" \/>\n<meta property=\"og:description\" content=\"Ricardo Fenelon Jr.*, Eduardo Lopes** e Bruno Azambuja*** Em 5 de junho de 2017, foi editada a Lei 13.448\/2017, que estabelece diretrizes gerais para a prorroga\u00e7\u00e3o e relicita\u00e7\u00e3o dos contratos de parceria nos setores rodovi\u00e1rio, ferrovi\u00e1rio e aeroportu\u00e1rio da administra\u00e7\u00e3o p\u00fablica federal. A relicita\u00e7\u00e3o consiste na extin\u00e7\u00e3o amig\u00e1vel do contrato de parceria e na celebra\u00e7\u00e3o [&hellip;]\" \/>\n<meta property=\"og:url\" content=\"https:\/\/agenciainfra.com\/blog\/infradebate-relicitacao-de-aeroportos-expectativa-ou-realidade\/\" \/>\n<meta property=\"og:site_name\" content=\"Ag\u00eancia iNFRA\" \/>\n<meta property=\"article:publisher\" content=\"https:\/\/www.facebook.com\/ageninfra\" \/>\n<meta property=\"article:published_time\" content=\"2022-03-23T13:00:00+00:00\" \/>\n<meta property=\"og:image\" content=\"https:\/\/agenciainfra.com\/blog\/wp-content\/uploads\/2022\/03\/eduardo-lopes-bruno-azambuja-ricardo-fenelon-jr-foto-arquivo-pessoal.png\" \/>\n\t<meta property=\"og:image:width\" content=\"1280\" \/>\n\t<meta property=\"og:image:height\" content=\"766\" \/>\n\t<meta property=\"og:image:type\" content=\"image\/png\" \/>\n<meta name=\"author\" content=\"Ag\u00eancia iNFRA\" \/>\n<meta name=\"twitter:card\" content=\"summary_large_image\" \/>\n<meta name=\"twitter:creator\" content=\"@agencia_infra\" \/>\n<meta name=\"twitter:site\" content=\"@agencia_infra\" \/>\n<meta name=\"twitter:label1\" content=\"Escrito por\" \/>\n\t<meta name=\"twitter:data1\" content=\"Ag\u00eancia iNFRA\" \/>\n\t<meta name=\"twitter:label2\" content=\"Est. tempo de leitura\" \/>\n\t<meta name=\"twitter:data2\" content=\"5 minutos\" \/>\n<script type=\"application\/ld+json\" class=\"yoast-schema-graph\">{\"@context\":\"https:\/\/schema.org\",\"@graph\":[{\"@type\":\"Article\",\"@id\":\"https:\/\/agenciainfra.com\/blog\/infradebate-relicitacao-de-aeroportos-expectativa-ou-realidade\/#article\",\"isPartOf\":{\"@id\":\"https:\/\/agenciainfra.com\/blog\/infradebate-relicitacao-de-aeroportos-expectativa-ou-realidade\/\"},\"author\":{\"name\":\"Ag\u00eancia iNFRA\",\"@id\":\"https:\/\/agenciainfra.com\/blog\/#\/schema\/person\/34af08dff6adea4cb22b06612ba7acfa\"},\"headline\":\"iNFRADebate: Relicita\u00e7\u00e3o de aeroportos \u2014 expectativa ou realidade?\",\"datePublished\":\"2022-03-23T13:00:00+00:00\",\"mainEntityOfPage\":{\"@id\":\"https:\/\/agenciainfra.com\/blog\/infradebate-relicitacao-de-aeroportos-expectativa-ou-realidade\/\"},\"wordCount\":909,\"publisher\":{\"@id\":\"https:\/\/agenciainfra.com\/blog\/#organization\"},\"image\":{\"@id\":\"https:\/\/agenciainfra.com\/blog\/infradebate-relicitacao-de-aeroportos-expectativa-ou-realidade\/#primaryimage\"},\"thumbnailUrl\":\"https:\/\/agenciainfra.com\/blog\/wp-content\/uploads\/2022\/03\/eduardo-lopes-bruno-azambuja-ricardo-fenelon-jr-foto-arquivo-pessoal.png\",\"keywords\":[\"Aeroporto do Gale\u00e3o\",\"Aeroporto Internacional de Guarulhos\",\"aeroportos\",\"ANAC\",\"ASGA\",\"concess\u00f5es aeroportu\u00e1rias\",\"relicita\u00e7\u00e3o\",\"setor aeroportu\u00e1rio\",\"transportes\",\"VCP\"],\"articleSection\":[\"Geral\",\"iNFRADebate\"],\"inLanguage\":\"pt-BR\",\"copyrightYear\":\"2022\",\"copyrightHolder\":{\"@id\":\"https:\/\/agenciainfra.com\/blog\/#organization\"}},{\"@type\":\"WebPage\",\"@id\":\"https:\/\/agenciainfra.com\/blog\/infradebate-relicitacao-de-aeroportos-expectativa-ou-realidade\/\",\"url\":\"https:\/\/agenciainfra.com\/blog\/infradebate-relicitacao-de-aeroportos-expectativa-ou-realidade\/\",\"name\":\"iNFRADebate: Relicita\u00e7\u00e3o de aeroportos \u2014 expectativa ou realidade? - Ag\u00eancia iNFRA\",\"isPartOf\":{\"@id\":\"https:\/\/agenciainfra.com\/blog\/#website\"},\"primaryImageOfPage\":{\"@id\":\"https:\/\/agenciainfra.com\/blog\/infradebate-relicitacao-de-aeroportos-expectativa-ou-realidade\/#primaryimage\"},\"image\":{\"@id\":\"https:\/\/agenciainfra.com\/blog\/infradebate-relicitacao-de-aeroportos-expectativa-ou-realidade\/#primaryimage\"},\"thumbnailUrl\":\"https:\/\/agenciainfra.com\/blog\/wp-content\/uploads\/2022\/03\/eduardo-lopes-bruno-azambuja-ricardo-fenelon-jr-foto-arquivo-pessoal.png\",\"datePublished\":\"2022-03-23T13:00:00+00:00\",\"breadcrumb\":{\"@id\":\"https:\/\/agenciainfra.com\/blog\/infradebate-relicitacao-de-aeroportos-expectativa-ou-realidade\/#breadcrumb\"},\"inLanguage\":\"pt-BR\",\"potentialAction\":[{\"@type\":\"ReadAction\",\"target\":[\"https:\/\/agenciainfra.com\/blog\/infradebate-relicitacao-de-aeroportos-expectativa-ou-realidade\/\"]}]},{\"@type\":\"ImageObject\",\"inLanguage\":\"pt-BR\",\"@id\":\"https:\/\/agenciainfra.com\/blog\/infradebate-relicitacao-de-aeroportos-expectativa-ou-realidade\/#primaryimage\",\"url\":\"https:\/\/agenciainfra.com\/blog\/wp-content\/uploads\/2022\/03\/eduardo-lopes-bruno-azambuja-ricardo-fenelon-jr-foto-arquivo-pessoal.png\",\"contentUrl\":\"https:\/\/agenciainfra.com\/blog\/wp-content\/uploads\/2022\/03\/eduardo-lopes-bruno-azambuja-ricardo-fenelon-jr-foto-arquivo-pessoal.png\",\"width\":1280,\"height\":766},{\"@type\":\"BreadcrumbList\",\"@id\":\"https:\/\/agenciainfra.com\/blog\/infradebate-relicitacao-de-aeroportos-expectativa-ou-realidade\/#breadcrumb\",\"itemListElement\":[{\"@type\":\"ListItem\",\"position\":1,\"name\":\"In\u00edcio\",\"item\":\"https:\/\/agenciainfra.com\/blog\/\"},{\"@type\":\"ListItem\",\"position\":2,\"name\":\"iNFRADebate: Relicita\u00e7\u00e3o de aeroportos \u2014 expectativa ou realidade?\"}]},{\"@type\":\"WebSite\",\"@id\":\"https:\/\/agenciainfra.com\/blog\/#website\",\"url\":\"https:\/\/agenciainfra.com\/blog\/\",\"name\":\"Ag\u00eancia iNFRA\",\"description\":\"Multiplataforma de informa\u00e7\u00e3o jornal\u00edstica refer\u00eancia na \u00e1rea de infraestrutura no Brasil!\",\"publisher\":{\"@id\":\"https:\/\/agenciainfra.com\/blog\/#organization\"},\"potentialAction\":[{\"@type\":\"SearchAction\",\"target\":{\"@type\":\"EntryPoint\",\"urlTemplate\":\"https:\/\/agenciainfra.com\/blog\/?s={search_term_string}\"},\"query-input\":{\"@type\":\"PropertyValueSpecification\",\"valueRequired\":true,\"valueName\":\"search_term_string\"}}],\"inLanguage\":\"pt-BR\"},{\"@type\":\"Organization\",\"@id\":\"https:\/\/agenciainfra.com\/blog\/#organization\",\"name\":\"Ag\u00eancia iNFRA\",\"url\":\"https:\/\/agenciainfra.com\/blog\/\",\"logo\":{\"@type\":\"ImageObject\",\"inLanguage\":\"pt-BR\",\"@id\":\"https:\/\/agenciainfra.com\/blog\/#\/schema\/logo\/image\/\",\"url\":\"https:\/\/agenciainfra.com\/blog\/wp-content\/uploads\/2023\/09\/iNFRA_5-e1761735885940.png\",\"contentUrl\":\"https:\/\/agenciainfra.com\/blog\/wp-content\/uploads\/2023\/09\/iNFRA_5-e1761735885940.png\",\"width\":1672,\"height\":454,\"caption\":\"Ag\u00eancia iNFRA\"},\"image\":{\"@id\":\"https:\/\/agenciainfra.com\/blog\/#\/schema\/logo\/image\/\"},\"sameAs\":[\"https:\/\/www.facebook.com\/ageninfra\",\"https:\/\/x.com\/agencia_infra\",\"https:\/\/www.linkedin.com\/company\/ag\u00eanciainfra\/\",\"https:\/\/www.instagram.com\/agenciainfra\/\"]},{\"@type\":\"Person\",\"@id\":\"https:\/\/agenciainfra.com\/blog\/#\/schema\/person\/34af08dff6adea4cb22b06612ba7acfa\",\"name\":\"Ag\u00eancia iNFRA\",\"image\":{\"@type\":\"ImageObject\",\"inLanguage\":\"pt-BR\",\"@id\":\"https:\/\/agenciainfra.com\/blog\/#\/schema\/person\/image\/\",\"url\":\"https:\/\/secure.gravatar.com\/avatar\/d189e01678f06d8eb84d4e01f08eb848b3fffe3f8443818d3c356c66892f5be8?s=96&d=mm&r=g\",\"contentUrl\":\"https:\/\/secure.gravatar.com\/avatar\/d189e01678f06d8eb84d4e01f08eb848b3fffe3f8443818d3c356c66892f5be8?s=96&d=mm&r=g\",\"caption\":\"Ag\u00eancia iNFRA\"},\"url\":\"https:\/\/agenciainfra.com\/blog\/author\/admin\/\"}]}<\/script>\n<!-- \/ Yoast SEO Premium plugin. -->","yoast_head_json":{"title":"iNFRADebate: Relicita\u00e7\u00e3o de aeroportos \u2014 expectativa ou realidade? - Ag\u00eancia iNFRA","robots":{"index":"index","follow":"follow","max-snippet":"max-snippet:-1","max-image-preview":"max-image-preview:large","max-video-preview":"max-video-preview:-1"},"canonical":"https:\/\/agenciainfra.com\/blog\/infradebate-relicitacao-de-aeroportos-expectativa-ou-realidade\/","og_locale":"pt_BR","og_type":"article","og_title":"iNFRADebate: Relicita\u00e7\u00e3o de aeroportos \u2014 expectativa ou realidade?","og_description":"Ricardo Fenelon Jr.*, Eduardo Lopes** e Bruno Azambuja*** Em 5 de junho de 2017, foi editada a Lei 13.448\/2017, que estabelece diretrizes gerais para a prorroga\u00e7\u00e3o e relicita\u00e7\u00e3o dos contratos de parceria nos setores rodovi\u00e1rio, ferrovi\u00e1rio e aeroportu\u00e1rio da administra\u00e7\u00e3o p\u00fablica federal. A relicita\u00e7\u00e3o consiste na extin\u00e7\u00e3o amig\u00e1vel do contrato de parceria e na celebra\u00e7\u00e3o [&hellip;]","og_url":"https:\/\/agenciainfra.com\/blog\/infradebate-relicitacao-de-aeroportos-expectativa-ou-realidade\/","og_site_name":"Ag\u00eancia iNFRA","article_publisher":"https:\/\/www.facebook.com\/ageninfra","article_published_time":"2022-03-23T13:00:00+00:00","og_image":[{"width":1280,"height":766,"url":"https:\/\/agenciainfra.com\/blog\/wp-content\/uploads\/2022\/03\/eduardo-lopes-bruno-azambuja-ricardo-fenelon-jr-foto-arquivo-pessoal.png","type":"image\/png"}],"author":"Ag\u00eancia iNFRA","twitter_card":"summary_large_image","twitter_creator":"@agencia_infra","twitter_site":"@agencia_infra","twitter_misc":{"Escrito por":"Ag\u00eancia iNFRA","Est. tempo de leitura":"5 minutos"},"schema":{"@context":"https:\/\/schema.org","@graph":[{"@type":"Article","@id":"https:\/\/agenciainfra.com\/blog\/infradebate-relicitacao-de-aeroportos-expectativa-ou-realidade\/#article","isPartOf":{"@id":"https:\/\/agenciainfra.com\/blog\/infradebate-relicitacao-de-aeroportos-expectativa-ou-realidade\/"},"author":{"name":"Ag\u00eancia iNFRA","@id":"https:\/\/agenciainfra.com\/blog\/#\/schema\/person\/34af08dff6adea4cb22b06612ba7acfa"},"headline":"iNFRADebate: Relicita\u00e7\u00e3o de aeroportos \u2014 expectativa ou realidade?","datePublished":"2022-03-23T13:00:00+00:00","mainEntityOfPage":{"@id":"https:\/\/agenciainfra.com\/blog\/infradebate-relicitacao-de-aeroportos-expectativa-ou-realidade\/"},"wordCount":909,"publisher":{"@id":"https:\/\/agenciainfra.com\/blog\/#organization"},"image":{"@id":"https:\/\/agenciainfra.com\/blog\/infradebate-relicitacao-de-aeroportos-expectativa-ou-realidade\/#primaryimage"},"thumbnailUrl":"https:\/\/agenciainfra.com\/blog\/wp-content\/uploads\/2022\/03\/eduardo-lopes-bruno-azambuja-ricardo-fenelon-jr-foto-arquivo-pessoal.png","keywords":["Aeroporto do Gale\u00e3o","Aeroporto Internacional de Guarulhos","aeroportos","ANAC","ASGA","concess\u00f5es aeroportu\u00e1rias","relicita\u00e7\u00e3o","setor aeroportu\u00e1rio","transportes","VCP"],"articleSection":["Geral","iNFRADebate"],"inLanguage":"pt-BR","copyrightYear":"2022","copyrightHolder":{"@id":"https:\/\/agenciainfra.com\/blog\/#organization"}},{"@type":"WebPage","@id":"https:\/\/agenciainfra.com\/blog\/infradebate-relicitacao-de-aeroportos-expectativa-ou-realidade\/","url":"https:\/\/agenciainfra.com\/blog\/infradebate-relicitacao-de-aeroportos-expectativa-ou-realidade\/","name":"iNFRADebate: Relicita\u00e7\u00e3o de aeroportos \u2014 expectativa ou realidade? - Ag\u00eancia iNFRA","isPartOf":{"@id":"https:\/\/agenciainfra.com\/blog\/#website"},"primaryImageOfPage":{"@id":"https:\/\/agenciainfra.com\/blog\/infradebate-relicitacao-de-aeroportos-expectativa-ou-realidade\/#primaryimage"},"image":{"@id":"https:\/\/agenciainfra.com\/blog\/infradebate-relicitacao-de-aeroportos-expectativa-ou-realidade\/#primaryimage"},"thumbnailUrl":"https:\/\/agenciainfra.com\/blog\/wp-content\/uploads\/2022\/03\/eduardo-lopes-bruno-azambuja-ricardo-fenelon-jr-foto-arquivo-pessoal.png","datePublished":"2022-03-23T13:00:00+00:00","breadcrumb":{"@id":"https:\/\/agenciainfra.com\/blog\/infradebate-relicitacao-de-aeroportos-expectativa-ou-realidade\/#breadcrumb"},"inLanguage":"pt-BR","potentialAction":[{"@type":"ReadAction","target":["https:\/\/agenciainfra.com\/blog\/infradebate-relicitacao-de-aeroportos-expectativa-ou-realidade\/"]}]},{"@type":"ImageObject","inLanguage":"pt-BR","@id":"https:\/\/agenciainfra.com\/blog\/infradebate-relicitacao-de-aeroportos-expectativa-ou-realidade\/#primaryimage","url":"https:\/\/agenciainfra.com\/blog\/wp-content\/uploads\/2022\/03\/eduardo-lopes-bruno-azambuja-ricardo-fenelon-jr-foto-arquivo-pessoal.png","contentUrl":"https:\/\/agenciainfra.com\/blog\/wp-content\/uploads\/2022\/03\/eduardo-lopes-bruno-azambuja-ricardo-fenelon-jr-foto-arquivo-pessoal.png","width":1280,"height":766},{"@type":"BreadcrumbList","@id":"https:\/\/agenciainfra.com\/blog\/infradebate-relicitacao-de-aeroportos-expectativa-ou-realidade\/#breadcrumb","itemListElement":[{"@type":"ListItem","position":1,"name":"In\u00edcio","item":"https:\/\/agenciainfra.com\/blog\/"},{"@type":"ListItem","position":2,"name":"iNFRADebate: Relicita\u00e7\u00e3o de aeroportos \u2014 expectativa ou realidade?"}]},{"@type":"WebSite","@id":"https:\/\/agenciainfra.com\/blog\/#website","url":"https:\/\/agenciainfra.com\/blog\/","name":"Ag\u00eancia iNFRA","description":"Multiplataforma de informa\u00e7\u00e3o jornal\u00edstica refer\u00eancia na \u00e1rea de infraestrutura no Brasil!","publisher":{"@id":"https:\/\/agenciainfra.com\/blog\/#organization"},"potentialAction":[{"@type":"SearchAction","target":{"@type":"EntryPoint","urlTemplate":"https:\/\/agenciainfra.com\/blog\/?s={search_term_string}"},"query-input":{"@type":"PropertyValueSpecification","valueRequired":true,"valueName":"search_term_string"}}],"inLanguage":"pt-BR"},{"@type":"Organization","@id":"https:\/\/agenciainfra.com\/blog\/#organization","name":"Ag\u00eancia iNFRA","url":"https:\/\/agenciainfra.com\/blog\/","logo":{"@type":"ImageObject","inLanguage":"pt-BR","@id":"https:\/\/agenciainfra.com\/blog\/#\/schema\/logo\/image\/","url":"https:\/\/agenciainfra.com\/blog\/wp-content\/uploads\/2023\/09\/iNFRA_5-e1761735885940.png","contentUrl":"https:\/\/agenciainfra.com\/blog\/wp-content\/uploads\/2023\/09\/iNFRA_5-e1761735885940.png","width":1672,"height":454,"caption":"Ag\u00eancia iNFRA"},"image":{"@id":"https:\/\/agenciainfra.com\/blog\/#\/schema\/logo\/image\/"},"sameAs":["https:\/\/www.facebook.com\/ageninfra","https:\/\/x.com\/agencia_infra","https:\/\/www.linkedin.com\/company\/ag\u00eanciainfra\/","https:\/\/www.instagram.com\/agenciainfra\/"]},{"@type":"Person","@id":"https:\/\/agenciainfra.com\/blog\/#\/schema\/person\/34af08dff6adea4cb22b06612ba7acfa","name":"Ag\u00eancia iNFRA","image":{"@type":"ImageObject","inLanguage":"pt-BR","@id":"https:\/\/agenciainfra.com\/blog\/#\/schema\/person\/image\/","url":"https:\/\/secure.gravatar.com\/avatar\/d189e01678f06d8eb84d4e01f08eb848b3fffe3f8443818d3c356c66892f5be8?s=96&d=mm&r=g","contentUrl":"https:\/\/secure.gravatar.com\/avatar\/d189e01678f06d8eb84d4e01f08eb848b3fffe3f8443818d3c356c66892f5be8?s=96&d=mm&r=g","caption":"Ag\u00eancia iNFRA"},"url":"https:\/\/agenciainfra.com\/blog\/author\/admin\/"}]}},"_links":{"self":[{"href":"https:\/\/agenciainfra.com\/blog\/wp-json\/wp\/v2\/posts\/9829","targetHints":{"allow":["GET"]}}],"collection":[{"href":"https:\/\/agenciainfra.com\/blog\/wp-json\/wp\/v2\/posts"}],"about":[{"href":"https:\/\/agenciainfra.com\/blog\/wp-json\/wp\/v2\/types\/post"}],"author":[{"embeddable":true,"href":"https:\/\/agenciainfra.com\/blog\/wp-json\/wp\/v2\/users\/1"}],"replies":[{"embeddable":true,"href":"https:\/\/agenciainfra.com\/blog\/wp-json\/wp\/v2\/comments?post=9829"}],"version-history":[{"count":0,"href":"https:\/\/agenciainfra.com\/blog\/wp-json\/wp\/v2\/posts\/9829\/revisions"}],"wp:featuredmedia":[{"embeddable":true,"href":"https:\/\/agenciainfra.com\/blog\/wp-json\/wp\/v2\/media\/9830"}],"wp:attachment":[{"href":"https:\/\/agenciainfra.com\/blog\/wp-json\/wp\/v2\/media?parent=9829"}],"wp:term":[{"taxonomy":"category","embeddable":true,"href":"https:\/\/agenciainfra.com\/blog\/wp-json\/wp\/v2\/categories?post=9829"},{"taxonomy":"post_tag","embeddable":true,"href":"https:\/\/agenciainfra.com\/blog\/wp-json\/wp\/v2\/tags?post=9829"}],"curies":[{"name":"wp","href":"https:\/\/api.w.org\/{rel}","templated":true}]}}