{"id":9833,"date":"2022-03-22T08:00:00","date_gmt":"2022-03-22T11:00:00","guid":{"rendered":"https:\/\/www.agenciainfra.com\/blog\/?p=9833"},"modified":"2022-03-21T11:56:28","modified_gmt":"2022-03-21T14:56:28","slug":"deputado-apresenta-pl-que-unifica-icms-sobre-combustiveis-e-energia-em-17","status":"publish","type":"post","link":"https:\/\/agenciainfra.com\/blog\/deputado-apresenta-pl-que-unifica-icms-sobre-combustiveis-e-energia-em-17\/","title":{"rendered":"Deputado apresenta PL que unifica ICMS sobre combust\u00edveis e energia em 17%"},"content":{"rendered":"\n<p class=\"has-text-align-right\"><strong>Ludmylla Rocha,&nbsp;da&nbsp;Ag\u00eancia iNFRA<\/strong><\/p>\n\n\n\n<p>O deputado Danilo Forte (PSDB-CE) apresentou um&nbsp;<a href=\"https:\/\/agenciainfra.us14.list-manage.com\/track\/click?u=d460dd1bcf9ba0ae040e1fc0f&amp;id=7024ca95fa&amp;e=8d54f1ad19\" target=\"_blank\" rel=\"noreferrer noopener\">novo projeto de lei<\/a>&nbsp;que mexe na cobran\u00e7a de ICMS sobre combust\u00edveis. A proposta atinge tamb\u00e9m energia, comunica\u00e7\u00f5es e transporte coletivo e fixa uma al\u00edquota m\u00e1xima de 17% sobre esses servi\u00e7os.<\/p>\n\n\n\n<p>\u201cTodos os estados do Brasil tiveram crescimento de arrecada\u00e7\u00e3o mesmo com recess\u00e3o, mesmo com a pandemia, por qu\u00ea? Por causa do aumento principalmente do combust\u00edvel e, em segundo lugar, do valor da energia. Ent\u00e3o a gente precisa e \u00e9 hora de ter um sentimento de federa\u00e7\u00e3o. Ent\u00e3o o governo federal tem que fazer sacrif\u00edcio? Tem. A Petrobras tem que ser mais honesta em rela\u00e7\u00e3o aos aumentos? Tem. Agora, os governos estaduais tamb\u00e9m precisam compartilhar esse momento que n\u00f3s estamos vivendo\u201d, disse Forte \u00e0&nbsp;<strong>Ag\u00eancia iNFRA<\/strong>.<\/p>\n\n\n\n<p>A ideia \u00e9 alterar tanto a&nbsp;<a href=\"https:\/\/agenciainfra.us14.list-manage.com\/track\/click?u=d460dd1bcf9ba0ae040e1fc0f&amp;id=4121e8435a&amp;e=8d54f1ad19\" target=\"_blank\" rel=\"noreferrer noopener\">Lei Kandir<\/a>&nbsp;quanto o&nbsp;<a href=\"https:\/\/agenciainfra.us14.list-manage.com\/track\/click?u=d460dd1bcf9ba0ae040e1fc0f&amp;id=5d58ce3456&amp;e=8d54f1ad19\" target=\"_blank\" rel=\"noreferrer noopener\">C\u00f3digo Tribut\u00e1rio Nacional<\/a>&nbsp;para que tais servi\u00e7os sejam considerados \u201cessenciais e indispens\u00e1veis\u201d, tendo assim tratamento tribut\u00e1rio diferenciado de itens considerados sup\u00e9rfluos. \u201cNo meu estado, o Cear\u00e1, a al\u00edquota de ICMS sobre combust\u00edveis \u00e9 maior do que a do litro de whisky\u201d, exemplificou o deputado.<\/p>\n\n\n\n<p><strong>Entendimento do STF<\/strong><br>Forte afirmou ainda que a proposta se baseia em decis\u00e3o do STF (Supremo Tribunal Federal) de novembro de 2021 que definiu&nbsp;que as al\u00edquotas de ICMS cobradas pelos servi\u00e7os de energia el\u00e9trica e telecomunica\u00e7\u00f5es n\u00e3o devem ser maiores que a m\u00e9dia praticada pelos estados&nbsp;sobre outros produtos.<\/p>\n\n\n\n<p>O caso analisado foi o das Lojas Americanas em Santa Catarina, no qual a rede questionou a cobran\u00e7a da al\u00edquota de 25% sobre esses dois servi\u00e7os frente aos 17% cobrados, em m\u00e9dia, no estado. Em dezembro, a Corte modulou a decis\u00e3o para que a redu\u00e7\u00e3o passe a ser aplicada em todo o pa\u00eds apenas em 2024, atendendo a um pedido dos governadores.<\/p>\n\n\n\n<p>Apesar disso, o deputado optou por propor em seu projeto que a mudan\u00e7a seja implantada assim que a lei for publicada. \u201cTem essa sobra de caixa que os estados podem usar no tempo de transi\u00e7\u00e3o para se adequarem \u00e0 nova realidade tribut\u00e1ria a ser criada a partir da\u00ed. O que a gente n\u00e3o pode \u00e9 continuar sugando a popula\u00e7\u00e3o da forma que est\u00e1 sendo feito\u201d, argumentou.<\/p>\n\n\n\n<p><strong>Resist\u00eancia dos governadores<\/strong><br>Os governadores t\u00eam avaliado acionar o STF em rela\u00e7\u00e3o \u00e0&nbsp;<a href=\"https:\/\/agenciainfra.us14.list-manage.com\/track\/click?u=d460dd1bcf9ba0ae040e1fc0f&amp;id=60371857b7&amp;e=8d54f1ad19\" target=\"_blank\" rel=\"noreferrer noopener\">Lei Complementar 192, de 2022<\/a>, que surgiu do PLP 11\/2020 aprovado recentemente pelo Congresso, e que trata exclusivamente da cobran\u00e7a do imposto estadual sobre combust\u00edveis.<\/p>\n\n\n\n<p>Sobre isso, o parlamentar diz \u201clamentar\u201d a postura dos chefes dos executivos estaduais e que n\u00e3o v\u00ea impedimento jur\u00eddico para o avan\u00e7o de seu projeto. \u201cComo o C\u00f3digo Tribut\u00e1rio Nacional \u00e9 uma lei complementar, pode ser modificada por uma outra lei complementar. Ent\u00e3o n\u00e3o tem nenhum barramento jur\u00eddico\u201d, disse.<\/p>\n\n\n\n<p>J\u00e1 sobre a tramita\u00e7\u00e3o, Forte declarou que j\u00e1 iniciou um trabalho de convencimento com l\u00edderes partid\u00e1rios, tendo conversado com o l\u00edder do governo na Casa, o deputado Ricardo Barros (PP-PR), sobre o tema. Ele tamb\u00e9m verificar\u00e1 com o presidente da C\u00e2mara, Arthur Lira (PP-AL), a possibilidade de vota\u00e7\u00e3o de um requerimento de urg\u00eancia para que o texto avance diretamente para o plen\u00e1rio.<\/p>\n\n\n\n<p><strong>Atua\u00e7\u00e3o em outras frentes<\/strong><br>Questionado sobre um eventual avan\u00e7o do&nbsp;<a href=\"https:\/\/agenciainfra.us14.list-manage.com\/track\/click?u=d460dd1bcf9ba0ae040e1fc0f&amp;id=f18d1b9062&amp;e=8d54f1ad19\" target=\"_blank\" rel=\"noreferrer noopener\">PL 1.472\/2021<\/a>, que cria uma conta de estabiliza\u00e7\u00e3o de pre\u00e7os, Forte disse que o brasileiro tem desconfian\u00e7a de medidas como essa por conta de experi\u00eancias do passado. Afirmou ainda que a proposta n\u00e3o tem efetividade imediata, como pede a crise atual e pode ainda contribuir para o aumento da infla\u00e7\u00e3o.<\/p>\n\n\n\n<p>\u201cAcho que ela [a proposta] inevitavelmente ajuda a infla\u00e7\u00e3o, porque, para criar um fundo, voc\u00ea vai ter que tirar [recursos] de algum lugar, ent\u00e3o na hora que for tirar vai criar um novo contingenciamento fiscal e financeiro que, por sua vez, vai ajudar a alimentar o processo inflacion\u00e1rio. Ent\u00e3o eu acho que realmente \u00e9 uma medida que nem est\u00e1 na nossa cultura nem est\u00e1 para o momento imediato de afli\u00e7\u00e3o que n\u00f3s estamos vivendo\u201d, opinou.<\/p>\n\n\n\n<p>Em rela\u00e7\u00e3o \u00e0 Petrobras, o deputado disse que a companhia tem um \u201cbin\u00f4mio\u201d. \u201cOra ela \u00e9 uma empresa privada, ora \u00e9 uma empresa p\u00fablica. Quando ela precisa da gente para tirar dinheiro p\u00fablico para incentivar o pr\u00e9-sal, para equalizar as situa\u00e7\u00f5es de caixa, ela \u00e9 uma empresa p\u00fablica, ent\u00e3o chega mansinha no Congresso pedindo. Quando o povo brasileiro precisa dela num momento de sacrif\u00edcio, de dificuldade, teve uma postura de uma empresa privada que tem uma gan\u00e2ncia muito grande por lucro\u201d, opinou.<\/p>\n\n\n\n<p><strong>Mercado de energia<\/strong><br>Coordenador da Frente Parlamentar em Defesa das Energias Renov\u00e1veis, o deputado afirmou tamb\u00e9m que espera que o&nbsp;<a href=\"https:\/\/agenciainfra.us14.list-manage.com\/track\/click?u=d460dd1bcf9ba0ae040e1fc0f&amp;id=ab77e6fbcb&amp;e=8d54f1ad19\" target=\"_blank\" rel=\"noreferrer noopener\">PL 414\/2021<\/a>, que trata da moderniza\u00e7\u00e3o do setor el\u00e9trico, seja apreciado em abril.&nbsp;<\/p>\n\n\n\n<p>\u201c\u00c9 muito importante para o setor energ\u00e9tico a quest\u00e3o do mercado livre, que \u00e9 um avan\u00e7o para poder garantir uma maior oferta de energia do pa\u00eds. E essa energia, se Deus quiser, ser\u00e1 limpa e renov\u00e1vel, que \u00e9 o mais importante para o Nordeste brasileiro hoje.\u201d<\/p>\n\n\n\n<p>Ele avalia que o relator do texto, deputado Fernando Coelho Filho (Uni\u00e3o-PE), apresentar\u00e1 uma nova vers\u00e3o de seu parecer \u201csem d\u00favida\u201d. Forte avaliou a primeira vers\u00e3o como \u201cmuito boa\u201d, mas disse ser necess\u00e1rio um novo texto para trazer mais consenso ao plen\u00e1rio da C\u00e2mara.<\/p>\n","protected":false},"excerpt":{"rendered":"<p>Ludmylla Rocha,&nbsp;da&nbsp;Ag\u00eancia iNFRA O deputado Danilo Forte (PSDB-CE) apresentou um&nbsp;novo projeto de lei&nbsp;que mexe na cobran\u00e7a de ICMS sobre combust\u00edveis. A proposta atinge tamb\u00e9m energia, comunica\u00e7\u00f5es e transporte coletivo e fixa uma al\u00edquota m\u00e1xima de 17% sobre esses servi\u00e7os. \u201cTodos os estados do Brasil tiveram crescimento de arrecada\u00e7\u00e3o mesmo com recess\u00e3o, mesmo com a pandemia, [&hellip;]<\/p>\n","protected":false},"author":1,"featured_media":9835,"comment_status":"closed","ping_status":"closed","sticky":false,"template":"","format":"standard","meta":{"_monsterinsights_skip_tracking":false,"_monsterinsights_sitenote_active":false,"_monsterinsights_sitenote_note":"","_monsterinsights_sitenote_category":0,"footnotes":""},"categories":[1,10],"tags":[314,25,282,1521,5323,372,1386,2639,70,4969],"class_list":["post-9833","post","type-post","status-publish","format-standard","has-post-thumbnail","hentry","category-geral","category-infraenergia","tag-combustiveis","tag-energia","tag-energia-eletrica","tag-icms","tag-plp-18-2022","tag-stf","tag-tarifas-de-energia","tag-telecomunicacoes","tag-transportes","tag-tributacao-e-energia"],"yoast_head":"<!-- This site is optimized with the Yoast SEO Premium plugin v25.4 (Yoast SEO v26.0) - https:\/\/yoast.com\/wordpress\/plugins\/seo\/ -->\n<title>Deputado apresenta PL que unifica ICMS sobre combust\u00edveis e energia em 17% - Ag\u00eancia iNFRA<\/title>\n<meta name=\"robots\" content=\"index, follow, max-snippet:-1, max-image-preview:large, max-video-preview:-1\" \/>\n<link rel=\"canonical\" href=\"https:\/\/agenciainfra.com\/blog\/deputado-apresenta-pl-que-unifica-icms-sobre-combustiveis-e-energia-em-17\/\" \/>\n<meta property=\"og:locale\" content=\"pt_BR\" \/>\n<meta property=\"og:type\" content=\"article\" \/>\n<meta property=\"og:title\" content=\"Deputado apresenta PL que unifica ICMS sobre combust\u00edveis e energia em 17%\" \/>\n<meta property=\"og:description\" content=\"Ludmylla Rocha,&nbsp;da&nbsp;Ag\u00eancia iNFRA O deputado Danilo Forte (PSDB-CE) apresentou um&nbsp;novo projeto de lei&nbsp;que mexe na cobran\u00e7a de ICMS sobre combust\u00edveis. A proposta atinge tamb\u00e9m energia, comunica\u00e7\u00f5es e transporte coletivo e fixa uma al\u00edquota m\u00e1xima de 17% sobre esses servi\u00e7os. \u201cTodos os estados do Brasil tiveram crescimento de arrecada\u00e7\u00e3o mesmo com recess\u00e3o, mesmo com a pandemia, [&hellip;]\" \/>\n<meta property=\"og:url\" content=\"https:\/\/agenciainfra.com\/blog\/deputado-apresenta-pl-que-unifica-icms-sobre-combustiveis-e-energia-em-17\/\" \/>\n<meta property=\"og:site_name\" content=\"Ag\u00eancia iNFRA\" \/>\n<meta property=\"article:publisher\" content=\"https:\/\/www.facebook.com\/ageninfra\" \/>\n<meta property=\"article:published_time\" content=\"2022-03-22T11:00:00+00:00\" \/>\n<meta property=\"og:image\" content=\"https:\/\/agenciainfra.com\/blog\/wp-content\/uploads\/2022\/03\/danilo-forte-foto-valter-campanato-agencia-brasil.jpg\" \/>\n\t<meta property=\"og:image:width\" content=\"1280\" \/>\n\t<meta property=\"og:image:height\" content=\"851\" \/>\n\t<meta property=\"og:image:type\" content=\"image\/jpeg\" \/>\n<meta name=\"author\" content=\"Ag\u00eancia iNFRA\" \/>\n<meta name=\"twitter:card\" content=\"summary_large_image\" \/>\n<meta name=\"twitter:creator\" content=\"@agencia_infra\" \/>\n<meta name=\"twitter:site\" content=\"@agencia_infra\" \/>\n<meta name=\"twitter:label1\" content=\"Escrito por\" \/>\n\t<meta name=\"twitter:data1\" content=\"Ag\u00eancia iNFRA\" \/>\n\t<meta name=\"twitter:label2\" content=\"Est. tempo de leitura\" \/>\n\t<meta name=\"twitter:data2\" content=\"5 minutos\" \/>\n<script type=\"application\/ld+json\" class=\"yoast-schema-graph\">{\"@context\":\"https:\/\/schema.org\",\"@graph\":[{\"@type\":\"Article\",\"@id\":\"https:\/\/agenciainfra.com\/blog\/deputado-apresenta-pl-que-unifica-icms-sobre-combustiveis-e-energia-em-17\/#article\",\"isPartOf\":{\"@id\":\"https:\/\/agenciainfra.com\/blog\/deputado-apresenta-pl-que-unifica-icms-sobre-combustiveis-e-energia-em-17\/\"},\"author\":{\"name\":\"Ag\u00eancia iNFRA\",\"@id\":\"https:\/\/agenciainfra.com\/blog\/#\/schema\/person\/34af08dff6adea4cb22b06612ba7acfa\"},\"headline\":\"Deputado apresenta PL que unifica ICMS sobre combust\u00edveis e energia em 17%\",\"datePublished\":\"2022-03-22T11:00:00+00:00\",\"mainEntityOfPage\":{\"@id\":\"https:\/\/agenciainfra.com\/blog\/deputado-apresenta-pl-que-unifica-icms-sobre-combustiveis-e-energia-em-17\/\"},\"wordCount\":958,\"publisher\":{\"@id\":\"https:\/\/agenciainfra.com\/blog\/#organization\"},\"image\":{\"@id\":\"https:\/\/agenciainfra.com\/blog\/deputado-apresenta-pl-que-unifica-icms-sobre-combustiveis-e-energia-em-17\/#primaryimage\"},\"thumbnailUrl\":\"https:\/\/agenciainfra.com\/blog\/wp-content\/uploads\/2022\/03\/danilo-forte-foto-valter-campanato-agencia-brasil.jpg\",\"keywords\":[\"combust\u00edveis\",\"energia\",\"energia el\u00e9trica\",\"ICMS\",\"PLP 18\/2022\",\"STF\",\"tarifas de energia\",\"telecomunica\u00e7\u00f5es\",\"transportes\",\"tributa\u00e7\u00e3o e energia\"],\"articleSection\":[\"Geral\",\"iNFRAEnergia\"],\"inLanguage\":\"pt-BR\",\"copyrightYear\":\"2022\",\"copyrightHolder\":{\"@id\":\"https:\/\/agenciainfra.com\/blog\/#organization\"}},{\"@type\":\"WebPage\",\"@id\":\"https:\/\/agenciainfra.com\/blog\/deputado-apresenta-pl-que-unifica-icms-sobre-combustiveis-e-energia-em-17\/\",\"url\":\"https:\/\/agenciainfra.com\/blog\/deputado-apresenta-pl-que-unifica-icms-sobre-combustiveis-e-energia-em-17\/\",\"name\":\"Deputado apresenta PL que unifica ICMS sobre combust\u00edveis e energia em 17% - Ag\u00eancia iNFRA\",\"isPartOf\":{\"@id\":\"https:\/\/agenciainfra.com\/blog\/#website\"},\"primaryImageOfPage\":{\"@id\":\"https:\/\/agenciainfra.com\/blog\/deputado-apresenta-pl-que-unifica-icms-sobre-combustiveis-e-energia-em-17\/#primaryimage\"},\"image\":{\"@id\":\"https:\/\/agenciainfra.com\/blog\/deputado-apresenta-pl-que-unifica-icms-sobre-combustiveis-e-energia-em-17\/#primaryimage\"},\"thumbnailUrl\":\"https:\/\/agenciainfra.com\/blog\/wp-content\/uploads\/2022\/03\/danilo-forte-foto-valter-campanato-agencia-brasil.jpg\",\"datePublished\":\"2022-03-22T11:00:00+00:00\",\"breadcrumb\":{\"@id\":\"https:\/\/agenciainfra.com\/blog\/deputado-apresenta-pl-que-unifica-icms-sobre-combustiveis-e-energia-em-17\/#breadcrumb\"},\"inLanguage\":\"pt-BR\",\"potentialAction\":[{\"@type\":\"ReadAction\",\"target\":[\"https:\/\/agenciainfra.com\/blog\/deputado-apresenta-pl-que-unifica-icms-sobre-combustiveis-e-energia-em-17\/\"]}]},{\"@type\":\"ImageObject\",\"inLanguage\":\"pt-BR\",\"@id\":\"https:\/\/agenciainfra.com\/blog\/deputado-apresenta-pl-que-unifica-icms-sobre-combustiveis-e-energia-em-17\/#primaryimage\",\"url\":\"https:\/\/agenciainfra.com\/blog\/wp-content\/uploads\/2022\/03\/danilo-forte-foto-valter-campanato-agencia-brasil.jpg\",\"contentUrl\":\"https:\/\/agenciainfra.com\/blog\/wp-content\/uploads\/2022\/03\/danilo-forte-foto-valter-campanato-agencia-brasil.jpg\",\"width\":1280,\"height\":851,\"caption\":\"O presidente da Comiss\u00e3o Especial sobre o Pacto Federativo, deputado Danilo Forte vota relat\u00f3rio (Valter Campanato\/Ag\u00eancia Brasil)\"},{\"@type\":\"BreadcrumbList\",\"@id\":\"https:\/\/agenciainfra.com\/blog\/deputado-apresenta-pl-que-unifica-icms-sobre-combustiveis-e-energia-em-17\/#breadcrumb\",\"itemListElement\":[{\"@type\":\"ListItem\",\"position\":1,\"name\":\"In\u00edcio\",\"item\":\"https:\/\/agenciainfra.com\/blog\/\"},{\"@type\":\"ListItem\",\"position\":2,\"name\":\"Deputado apresenta PL que unifica ICMS sobre combust\u00edveis e energia em 17%\"}]},{\"@type\":\"WebSite\",\"@id\":\"https:\/\/agenciainfra.com\/blog\/#website\",\"url\":\"https:\/\/agenciainfra.com\/blog\/\",\"name\":\"Ag\u00eancia iNFRA\",\"description\":\"Multiplataforma de informa\u00e7\u00e3o jornal\u00edstica refer\u00eancia na \u00e1rea de infraestrutura no Brasil!\",\"publisher\":{\"@id\":\"https:\/\/agenciainfra.com\/blog\/#organization\"},\"potentialAction\":[{\"@type\":\"SearchAction\",\"target\":{\"@type\":\"EntryPoint\",\"urlTemplate\":\"https:\/\/agenciainfra.com\/blog\/?s={search_term_string}\"},\"query-input\":{\"@type\":\"PropertyValueSpecification\",\"valueRequired\":true,\"valueName\":\"search_term_string\"}}],\"inLanguage\":\"pt-BR\"},{\"@type\":\"Organization\",\"@id\":\"https:\/\/agenciainfra.com\/blog\/#organization\",\"name\":\"Ag\u00eancia iNFRA\",\"url\":\"https:\/\/agenciainfra.com\/blog\/\",\"logo\":{\"@type\":\"ImageObject\",\"inLanguage\":\"pt-BR\",\"@id\":\"https:\/\/agenciainfra.com\/blog\/#\/schema\/logo\/image\/\",\"url\":\"https:\/\/agenciainfra.com\/blog\/wp-content\/uploads\/2023\/09\/iNFRA_5-e1761735885940.png\",\"contentUrl\":\"https:\/\/agenciainfra.com\/blog\/wp-content\/uploads\/2023\/09\/iNFRA_5-e1761735885940.png\",\"width\":1672,\"height\":454,\"caption\":\"Ag\u00eancia iNFRA\"},\"image\":{\"@id\":\"https:\/\/agenciainfra.com\/blog\/#\/schema\/logo\/image\/\"},\"sameAs\":[\"https:\/\/www.facebook.com\/ageninfra\",\"https:\/\/x.com\/agencia_infra\",\"https:\/\/www.linkedin.com\/company\/ag\u00eanciainfra\/\",\"https:\/\/www.instagram.com\/agenciainfra\/\"]},{\"@type\":\"Person\",\"@id\":\"https:\/\/agenciainfra.com\/blog\/#\/schema\/person\/34af08dff6adea4cb22b06612ba7acfa\",\"name\":\"Ag\u00eancia iNFRA\",\"image\":{\"@type\":\"ImageObject\",\"inLanguage\":\"pt-BR\",\"@id\":\"https:\/\/agenciainfra.com\/blog\/#\/schema\/person\/image\/\",\"url\":\"https:\/\/secure.gravatar.com\/avatar\/d189e01678f06d8eb84d4e01f08eb848b3fffe3f8443818d3c356c66892f5be8?s=96&d=mm&r=g\",\"contentUrl\":\"https:\/\/secure.gravatar.com\/avatar\/d189e01678f06d8eb84d4e01f08eb848b3fffe3f8443818d3c356c66892f5be8?s=96&d=mm&r=g\",\"caption\":\"Ag\u00eancia iNFRA\"},\"url\":\"https:\/\/agenciainfra.com\/blog\/author\/admin\/\"}]}<\/script>\n<!-- \/ Yoast SEO Premium plugin. -->","yoast_head_json":{"title":"Deputado apresenta PL que unifica ICMS sobre combust\u00edveis e energia em 17% - Ag\u00eancia iNFRA","robots":{"index":"index","follow":"follow","max-snippet":"max-snippet:-1","max-image-preview":"max-image-preview:large","max-video-preview":"max-video-preview:-1"},"canonical":"https:\/\/agenciainfra.com\/blog\/deputado-apresenta-pl-que-unifica-icms-sobre-combustiveis-e-energia-em-17\/","og_locale":"pt_BR","og_type":"article","og_title":"Deputado apresenta PL que unifica ICMS sobre combust\u00edveis e energia em 17%","og_description":"Ludmylla Rocha,&nbsp;da&nbsp;Ag\u00eancia iNFRA O deputado Danilo Forte (PSDB-CE) apresentou um&nbsp;novo projeto de lei&nbsp;que mexe na cobran\u00e7a de ICMS sobre combust\u00edveis. A proposta atinge tamb\u00e9m energia, comunica\u00e7\u00f5es e transporte coletivo e fixa uma al\u00edquota m\u00e1xima de 17% sobre esses servi\u00e7os. \u201cTodos os estados do Brasil tiveram crescimento de arrecada\u00e7\u00e3o mesmo com recess\u00e3o, mesmo com a pandemia, [&hellip;]","og_url":"https:\/\/agenciainfra.com\/blog\/deputado-apresenta-pl-que-unifica-icms-sobre-combustiveis-e-energia-em-17\/","og_site_name":"Ag\u00eancia iNFRA","article_publisher":"https:\/\/www.facebook.com\/ageninfra","article_published_time":"2022-03-22T11:00:00+00:00","og_image":[{"width":1280,"height":851,"url":"https:\/\/agenciainfra.com\/blog\/wp-content\/uploads\/2022\/03\/danilo-forte-foto-valter-campanato-agencia-brasil.jpg","type":"image\/jpeg"}],"author":"Ag\u00eancia iNFRA","twitter_card":"summary_large_image","twitter_creator":"@agencia_infra","twitter_site":"@agencia_infra","twitter_misc":{"Escrito por":"Ag\u00eancia iNFRA","Est. tempo de leitura":"5 minutos"},"schema":{"@context":"https:\/\/schema.org","@graph":[{"@type":"Article","@id":"https:\/\/agenciainfra.com\/blog\/deputado-apresenta-pl-que-unifica-icms-sobre-combustiveis-e-energia-em-17\/#article","isPartOf":{"@id":"https:\/\/agenciainfra.com\/blog\/deputado-apresenta-pl-que-unifica-icms-sobre-combustiveis-e-energia-em-17\/"},"author":{"name":"Ag\u00eancia iNFRA","@id":"https:\/\/agenciainfra.com\/blog\/#\/schema\/person\/34af08dff6adea4cb22b06612ba7acfa"},"headline":"Deputado apresenta PL que unifica ICMS sobre combust\u00edveis e energia em 17%","datePublished":"2022-03-22T11:00:00+00:00","mainEntityOfPage":{"@id":"https:\/\/agenciainfra.com\/blog\/deputado-apresenta-pl-que-unifica-icms-sobre-combustiveis-e-energia-em-17\/"},"wordCount":958,"publisher":{"@id":"https:\/\/agenciainfra.com\/blog\/#organization"},"image":{"@id":"https:\/\/agenciainfra.com\/blog\/deputado-apresenta-pl-que-unifica-icms-sobre-combustiveis-e-energia-em-17\/#primaryimage"},"thumbnailUrl":"https:\/\/agenciainfra.com\/blog\/wp-content\/uploads\/2022\/03\/danilo-forte-foto-valter-campanato-agencia-brasil.jpg","keywords":["combust\u00edveis","energia","energia el\u00e9trica","ICMS","PLP 18\/2022","STF","tarifas de energia","telecomunica\u00e7\u00f5es","transportes","tributa\u00e7\u00e3o e energia"],"articleSection":["Geral","iNFRAEnergia"],"inLanguage":"pt-BR","copyrightYear":"2022","copyrightHolder":{"@id":"https:\/\/agenciainfra.com\/blog\/#organization"}},{"@type":"WebPage","@id":"https:\/\/agenciainfra.com\/blog\/deputado-apresenta-pl-que-unifica-icms-sobre-combustiveis-e-energia-em-17\/","url":"https:\/\/agenciainfra.com\/blog\/deputado-apresenta-pl-que-unifica-icms-sobre-combustiveis-e-energia-em-17\/","name":"Deputado apresenta PL que unifica ICMS sobre combust\u00edveis e energia em 17% - Ag\u00eancia iNFRA","isPartOf":{"@id":"https:\/\/agenciainfra.com\/blog\/#website"},"primaryImageOfPage":{"@id":"https:\/\/agenciainfra.com\/blog\/deputado-apresenta-pl-que-unifica-icms-sobre-combustiveis-e-energia-em-17\/#primaryimage"},"image":{"@id":"https:\/\/agenciainfra.com\/blog\/deputado-apresenta-pl-que-unifica-icms-sobre-combustiveis-e-energia-em-17\/#primaryimage"},"thumbnailUrl":"https:\/\/agenciainfra.com\/blog\/wp-content\/uploads\/2022\/03\/danilo-forte-foto-valter-campanato-agencia-brasil.jpg","datePublished":"2022-03-22T11:00:00+00:00","breadcrumb":{"@id":"https:\/\/agenciainfra.com\/blog\/deputado-apresenta-pl-que-unifica-icms-sobre-combustiveis-e-energia-em-17\/#breadcrumb"},"inLanguage":"pt-BR","potentialAction":[{"@type":"ReadAction","target":["https:\/\/agenciainfra.com\/blog\/deputado-apresenta-pl-que-unifica-icms-sobre-combustiveis-e-energia-em-17\/"]}]},{"@type":"ImageObject","inLanguage":"pt-BR","@id":"https:\/\/agenciainfra.com\/blog\/deputado-apresenta-pl-que-unifica-icms-sobre-combustiveis-e-energia-em-17\/#primaryimage","url":"https:\/\/agenciainfra.com\/blog\/wp-content\/uploads\/2022\/03\/danilo-forte-foto-valter-campanato-agencia-brasil.jpg","contentUrl":"https:\/\/agenciainfra.com\/blog\/wp-content\/uploads\/2022\/03\/danilo-forte-foto-valter-campanato-agencia-brasil.jpg","width":1280,"height":851,"caption":"O presidente da Comiss\u00e3o Especial sobre o Pacto Federativo, deputado Danilo Forte vota relat\u00f3rio (Valter Campanato\/Ag\u00eancia Brasil)"},{"@type":"BreadcrumbList","@id":"https:\/\/agenciainfra.com\/blog\/deputado-apresenta-pl-que-unifica-icms-sobre-combustiveis-e-energia-em-17\/#breadcrumb","itemListElement":[{"@type":"ListItem","position":1,"name":"In\u00edcio","item":"https:\/\/agenciainfra.com\/blog\/"},{"@type":"ListItem","position":2,"name":"Deputado apresenta PL que unifica ICMS sobre combust\u00edveis e energia em 17%"}]},{"@type":"WebSite","@id":"https:\/\/agenciainfra.com\/blog\/#website","url":"https:\/\/agenciainfra.com\/blog\/","name":"Ag\u00eancia iNFRA","description":"Multiplataforma de informa\u00e7\u00e3o jornal\u00edstica refer\u00eancia na \u00e1rea de infraestrutura no Brasil!","publisher":{"@id":"https:\/\/agenciainfra.com\/blog\/#organization"},"potentialAction":[{"@type":"SearchAction","target":{"@type":"EntryPoint","urlTemplate":"https:\/\/agenciainfra.com\/blog\/?s={search_term_string}"},"query-input":{"@type":"PropertyValueSpecification","valueRequired":true,"valueName":"search_term_string"}}],"inLanguage":"pt-BR"},{"@type":"Organization","@id":"https:\/\/agenciainfra.com\/blog\/#organization","name":"Ag\u00eancia iNFRA","url":"https:\/\/agenciainfra.com\/blog\/","logo":{"@type":"ImageObject","inLanguage":"pt-BR","@id":"https:\/\/agenciainfra.com\/blog\/#\/schema\/logo\/image\/","url":"https:\/\/agenciainfra.com\/blog\/wp-content\/uploads\/2023\/09\/iNFRA_5-e1761735885940.png","contentUrl":"https:\/\/agenciainfra.com\/blog\/wp-content\/uploads\/2023\/09\/iNFRA_5-e1761735885940.png","width":1672,"height":454,"caption":"Ag\u00eancia iNFRA"},"image":{"@id":"https:\/\/agenciainfra.com\/blog\/#\/schema\/logo\/image\/"},"sameAs":["https:\/\/www.facebook.com\/ageninfra","https:\/\/x.com\/agencia_infra","https:\/\/www.linkedin.com\/company\/ag\u00eanciainfra\/","https:\/\/www.instagram.com\/agenciainfra\/"]},{"@type":"Person","@id":"https:\/\/agenciainfra.com\/blog\/#\/schema\/person\/34af08dff6adea4cb22b06612ba7acfa","name":"Ag\u00eancia iNFRA","image":{"@type":"ImageObject","inLanguage":"pt-BR","@id":"https:\/\/agenciainfra.com\/blog\/#\/schema\/person\/image\/","url":"https:\/\/secure.gravatar.com\/avatar\/d189e01678f06d8eb84d4e01f08eb848b3fffe3f8443818d3c356c66892f5be8?s=96&d=mm&r=g","contentUrl":"https:\/\/secure.gravatar.com\/avatar\/d189e01678f06d8eb84d4e01f08eb848b3fffe3f8443818d3c356c66892f5be8?s=96&d=mm&r=g","caption":"Ag\u00eancia iNFRA"},"url":"https:\/\/agenciainfra.com\/blog\/author\/admin\/"}]}},"_links":{"self":[{"href":"https:\/\/agenciainfra.com\/blog\/wp-json\/wp\/v2\/posts\/9833","targetHints":{"allow":["GET"]}}],"collection":[{"href":"https:\/\/agenciainfra.com\/blog\/wp-json\/wp\/v2\/posts"}],"about":[{"href":"https:\/\/agenciainfra.com\/blog\/wp-json\/wp\/v2\/types\/post"}],"author":[{"embeddable":true,"href":"https:\/\/agenciainfra.com\/blog\/wp-json\/wp\/v2\/users\/1"}],"replies":[{"embeddable":true,"href":"https:\/\/agenciainfra.com\/blog\/wp-json\/wp\/v2\/comments?post=9833"}],"version-history":[{"count":0,"href":"https:\/\/agenciainfra.com\/blog\/wp-json\/wp\/v2\/posts\/9833\/revisions"}],"wp:featuredmedia":[{"embeddable":true,"href":"https:\/\/agenciainfra.com\/blog\/wp-json\/wp\/v2\/media\/9835"}],"wp:attachment":[{"href":"https:\/\/agenciainfra.com\/blog\/wp-json\/wp\/v2\/media?parent=9833"}],"wp:term":[{"taxonomy":"category","embeddable":true,"href":"https:\/\/agenciainfra.com\/blog\/wp-json\/wp\/v2\/categories?post=9833"},{"taxonomy":"post_tag","embeddable":true,"href":"https:\/\/agenciainfra.com\/blog\/wp-json\/wp\/v2\/tags?post=9833"}],"curies":[{"name":"wp","href":"https:\/\/api.w.org\/{rel}","templated":true}]}}