{"id":9841,"date":"2022-03-22T10:00:00","date_gmt":"2022-03-22T13:00:00","guid":{"rendered":"https:\/\/www.agenciainfra.com\/blog\/?p=9841"},"modified":"2022-03-22T09:34:19","modified_gmt":"2022-03-22T12:34:19","slug":"corpo-a-corpo-de-executivos-com-deputados-em-torno-do-pl-da-modernizacao-se-intensifica","status":"publish","type":"post","link":"https:\/\/agenciainfra.com\/blog\/corpo-a-corpo-de-executivos-com-deputados-em-torno-do-pl-da-modernizacao-se-intensifica\/","title":{"rendered":"Corpo a corpo de executivos com deputados em torno do PL da moderniza\u00e7\u00e3o se intensifica"},"content":{"rendered":"\n<p class=\"has-text-align-right\"><strong>Roberto Rockmann*<\/strong><\/p>\n\n\n\n<p>O corpo a corpo dos empres\u00e1rios do setor el\u00e9trico para a aprova\u00e7\u00e3o do Projeto de Lei 414 e para a n\u00e3o cria\u00e7\u00e3o de jabutis nele se intensificar\u00e1 nesta semana.<\/p>\n\n\n\n<p>Hoje (22), em evento no fim da tarde, no sal\u00e3o nobre da C\u00e2mara dos Deputados, empres\u00e1rios se re\u00fanem&nbsp;com parlamentares para defender a regula\u00e7\u00e3o de moderniza\u00e7\u00e3o do setor, que h\u00e1 cinco anos est\u00e1 sendo discutida enquanto se incorporam crescentemente novas tecnologias.<\/p>\n\n\n\n<p>A janela de vota\u00e7\u00e3o \u00e9 curta. Em junho, as festas no Nordeste devem dissipar parlamentares e antecipar a campanha eleitoral. A corrida presidencial coloca uma interroga\u00e7\u00e3o sobre o andamento do PL, caso n\u00e3o seja aprovado nas duas casas at\u00e9 maio.<\/p>\n\n\n\n<p>Al\u00e9m do receio de que a vota\u00e7\u00e3o seja empurrada mais um ano, existem preocupa\u00e7\u00f5es em rela\u00e7\u00e3o \u00e0 incorpora\u00e7\u00e3o de jabutis e de como ficar\u00e1 o texto final. Preocupa a cria\u00e7\u00e3o de novos encargos.<\/p>\n\n\n\n<p>O relat\u00f3rio preliminar do deputado Fernando Coelho Filho (Uni\u00e3o-PE) foi divulgado na sexta-feira antes do Carnaval.<\/p>\n\n\n\n<p>O setor tem uma no\u00e7\u00e3o das emendas apresentadas, mas ainda n\u00e3o tem certeza sobre qual o teor do parecer. Espera-se que o documento seja inscrito no sistema parlamentar at\u00e9 o fim do m\u00eas. A press\u00e3o sobre o deputado \u00e9 grande.<\/p>\n\n\n\n<p>No relat\u00f3rio, prev\u00ea-se que a abertura total do setor se d\u00ea 42 meses ap\u00f3s a san\u00e7\u00e3o da regra. Comercializadoras e o deputado Arnaldo Jardim (Cidadania-SP) buscam antecipar o prazo para 36 meses.<\/p>\n\n\n\n<p>Distribuidoras est\u00e3o divididas: algumas defendem a abertura o mais r\u00e1pido poss\u00edvel, outras querem mais de 60 meses. Alguns empres\u00e1rios de gera\u00e7\u00e3o distribu\u00edda solar tamb\u00e9m defendem mais de 60 meses, o que seria uma \u201creserva de mercado\u201d.<\/p>\n\n\n\n<p>Grandes consumidores t\u00eam preocupa\u00e7\u00e3o tamb\u00e9m com a cria\u00e7\u00e3o de jabutis sobre o mercado de g\u00e1s natural, a retomada de um jabuti conhecido como Brasduto, um encargo para contribuir com a expans\u00e3o de gasodutos.<\/p>\n\n\n\n<p>Na capitaliza\u00e7\u00e3o da Eletrobras, aprovou-se a constru\u00e7\u00e3o de 8 GW (gigawatts) em t\u00e9rmicas. Fixou-se um pre\u00e7o de R$ 360 o MWh (megawatt-hora) para os projetos. O pre\u00e7o \u00e9 formado pela cota\u00e7\u00e3o do g\u00e1s natural e pelo custo dos gasodutos.<\/p>\n\n\n\n<p>C\u00e1lculos do governo e de consultorias apontam que hoje esse pre\u00e7o \u00e9 extremamente desafiador para os projetos pararem de p\u00e9 no Norte, Nordeste e Centro-Oeste. A guerra na Ucr\u00e2nia e a pandemia mudaram o patamar de pre\u00e7os.<\/p>\n\n\n\n<p>O governo fez c\u00e1lculos n\u00e3o apenas com R$ 360 o MWh, mas com cota\u00e7\u00f5es atuais, na estrutura\u00e7\u00e3o dos leil\u00f5es dessas t\u00e9rmicas. Geradoras h\u00eddricas est\u00e3o de olho nesses projetos que poderiam causar um descasamento no GSF (sigla em ingl\u00eas para o risco hidrol\u00f3gico) ao longo dessa d\u00e9cada.<\/p>\n\n\n\n<p> Jabuti n\u00e3o sobe em \u00e1rvore, \u00e9 m\u00e3o de gente ou enchente. A ver quais m\u00e3os ter\u00e3o sucesso no tr\u00e2mite do projeto de moderniza\u00e7\u00e3o do setor el\u00e9trico. <\/p>\n\n\n\n<h6 class=\"wp-block-heading\" id=\"block-f323f59b-51bf-4eed-b17b-3c7d3b917007\">*Roberto Rockmann \u00e9 escritor e jornalista. Coautor do livro \u201cCurto-Circuito, quando o Brasil quase ficou \u00e0s escuras\u201d e produtor do podcast quinzenal \u201cGiro Energia\u201d sobre o setor el\u00e9trico. Organizou em 2018 o livro de 20 anos do mercado livre de energia el\u00e9trica, editado pela CCEE (C\u00e2mara de Comercializa\u00e7\u00e3o de Energia El\u00e9trica), al\u00e9m de v\u00e1rios outros livros e trabalhos premiados.<\/h6>\n\n\n\n<p> <strong>As opini\u00f5es dos autores n\u00e3o refletem necessariamente o pensamento da Ag\u00eancia iNFRA, sendo de total responsabilidade do autor as informa\u00e7\u00f5es, ju\u00edzos de valor e conceitos descritos no texto<\/strong>. <\/p>\n","protected":false},"excerpt":{"rendered":"<p>Roberto Rockmann* O corpo a corpo dos empres\u00e1rios do setor el\u00e9trico para a aprova\u00e7\u00e3o do Projeto de Lei 414 e para a n\u00e3o cria\u00e7\u00e3o de jabutis nele se intensificar\u00e1 nesta semana. Hoje (22), em evento no fim da tarde, no sal\u00e3o nobre da C\u00e2mara dos Deputados, empres\u00e1rios se re\u00fanem&nbsp;com parlamentares para defender a regula\u00e7\u00e3o de [&hellip;]<\/p>\n","protected":false},"author":1,"featured_media":3992,"comment_status":"closed","ping_status":"closed","sticky":false,"template":"","format":"standard","meta":{"_monsterinsights_skip_tracking":false,"_monsterinsights_sitenote_active":false,"_monsterinsights_sitenote_note":"","_monsterinsights_sitenote_category":0,"footnotes":""},"categories":[1],"tags":[888,305,5319,4672,25,1254,348,3627,193,54],"class_list":["post-9841","post","type-post","status-publish","format-standard","has-post-thumbnail","hentry","category-geral","tag-arnaldo-jardim","tag-camara-dos-deputados","tag-campanhas-eleitorais","tag-capitalizacao-da-eletrobras","tag-energia","tag-fernando-coelho-filho","tag-gsf","tag-pl-414-2021","tag-risco-hidrologico","tag-setor-eletrico"],"yoast_head":"<!-- This site is optimized with the Yoast SEO Premium plugin v25.4 (Yoast SEO v26.0) - https:\/\/yoast.com\/wordpress\/plugins\/seo\/ -->\n<title>Corpo a corpo de executivos com deputados em torno do PL da moderniza\u00e7\u00e3o se intensifica - Ag\u00eancia iNFRA<\/title>\n<meta name=\"robots\" content=\"index, follow, max-snippet:-1, max-image-preview:large, max-video-preview:-1\" \/>\n<link rel=\"canonical\" href=\"https:\/\/agenciainfra.com\/blog\/corpo-a-corpo-de-executivos-com-deputados-em-torno-do-pl-da-modernizacao-se-intensifica\/\" \/>\n<meta property=\"og:locale\" content=\"pt_BR\" \/>\n<meta property=\"og:type\" content=\"article\" \/>\n<meta property=\"og:title\" content=\"Corpo a corpo de executivos com deputados em torno do PL da moderniza\u00e7\u00e3o se intensifica\" \/>\n<meta property=\"og:description\" content=\"Roberto Rockmann* O corpo a corpo dos empres\u00e1rios do setor el\u00e9trico para a aprova\u00e7\u00e3o do Projeto de Lei 414 e para a n\u00e3o cria\u00e7\u00e3o de jabutis nele se intensificar\u00e1 nesta semana. Hoje (22), em evento no fim da tarde, no sal\u00e3o nobre da C\u00e2mara dos Deputados, empres\u00e1rios se re\u00fanem&nbsp;com parlamentares para defender a regula\u00e7\u00e3o de [&hellip;]\" \/>\n<meta property=\"og:url\" content=\"https:\/\/agenciainfra.com\/blog\/corpo-a-corpo-de-executivos-com-deputados-em-torno-do-pl-da-modernizacao-se-intensifica\/\" \/>\n<meta property=\"og:site_name\" content=\"Ag\u00eancia iNFRA\" \/>\n<meta property=\"article:publisher\" content=\"https:\/\/www.facebook.com\/ageninfra\" \/>\n<meta property=\"article:published_time\" content=\"2022-03-22T13:00:00+00:00\" \/>\n<meta property=\"og:image\" content=\"https:\/\/agenciainfra.com\/blog\/wp-content\/uploads\/2019\/11\/fernando-coelho-filho-luis-macedo-camara.jpg\" \/>\n\t<meta property=\"og:image:width\" content=\"1280\" \/>\n\t<meta property=\"og:image:height\" content=\"838\" \/>\n\t<meta property=\"og:image:type\" content=\"image\/jpeg\" \/>\n<meta name=\"author\" content=\"Ag\u00eancia iNFRA\" \/>\n<meta name=\"twitter:card\" content=\"summary_large_image\" \/>\n<meta name=\"twitter:creator\" content=\"@agencia_infra\" \/>\n<meta name=\"twitter:site\" content=\"@agencia_infra\" \/>\n<meta name=\"twitter:label1\" content=\"Escrito por\" \/>\n\t<meta name=\"twitter:data1\" content=\"Ag\u00eancia iNFRA\" \/>\n\t<meta name=\"twitter:label2\" content=\"Est. tempo de leitura\" \/>\n\t<meta name=\"twitter:data2\" content=\"3 minutos\" \/>\n<script type=\"application\/ld+json\" class=\"yoast-schema-graph\">{\"@context\":\"https:\/\/schema.org\",\"@graph\":[{\"@type\":\"Article\",\"@id\":\"https:\/\/agenciainfra.com\/blog\/corpo-a-corpo-de-executivos-com-deputados-em-torno-do-pl-da-modernizacao-se-intensifica\/#article\",\"isPartOf\":{\"@id\":\"https:\/\/agenciainfra.com\/blog\/corpo-a-corpo-de-executivos-com-deputados-em-torno-do-pl-da-modernizacao-se-intensifica\/\"},\"author\":{\"name\":\"Ag\u00eancia iNFRA\",\"@id\":\"https:\/\/agenciainfra.com\/blog\/#\/schema\/person\/34af08dff6adea4cb22b06612ba7acfa\"},\"headline\":\"Corpo a corpo de executivos com deputados em torno do PL da moderniza\u00e7\u00e3o se intensifica\",\"datePublished\":\"2022-03-22T13:00:00+00:00\",\"mainEntityOfPage\":{\"@id\":\"https:\/\/agenciainfra.com\/blog\/corpo-a-corpo-de-executivos-com-deputados-em-torno-do-pl-da-modernizacao-se-intensifica\/\"},\"wordCount\":620,\"publisher\":{\"@id\":\"https:\/\/agenciainfra.com\/blog\/#organization\"},\"image\":{\"@id\":\"https:\/\/agenciainfra.com\/blog\/corpo-a-corpo-de-executivos-com-deputados-em-torno-do-pl-da-modernizacao-se-intensifica\/#primaryimage\"},\"thumbnailUrl\":\"https:\/\/agenciainfra.com\/blog\/wp-content\/uploads\/2019\/11\/fernando-coelho-filho-luis-macedo-camara.jpg\",\"keywords\":[\"Arnaldo Jardim\",\"C\u00e2mara dos Deputados\",\"campanhas eleitorais\",\"capitaliza\u00e7\u00e3o da Eletrobras\",\"energia\",\"Fernando Coelho Filho\",\"GSF\",\"PL 414\/2021\",\"risco hidrol\u00f3gico\",\"Setor El\u00e9trico\"],\"articleSection\":[\"Geral\"],\"inLanguage\":\"pt-BR\",\"copyrightYear\":\"2022\",\"copyrightHolder\":{\"@id\":\"https:\/\/agenciainfra.com\/blog\/#organization\"}},{\"@type\":\"WebPage\",\"@id\":\"https:\/\/agenciainfra.com\/blog\/corpo-a-corpo-de-executivos-com-deputados-em-torno-do-pl-da-modernizacao-se-intensifica\/\",\"url\":\"https:\/\/agenciainfra.com\/blog\/corpo-a-corpo-de-executivos-com-deputados-em-torno-do-pl-da-modernizacao-se-intensifica\/\",\"name\":\"Corpo a corpo de executivos com deputados em torno do PL da moderniza\u00e7\u00e3o se intensifica - Ag\u00eancia iNFRA\",\"isPartOf\":{\"@id\":\"https:\/\/agenciainfra.com\/blog\/#website\"},\"primaryImageOfPage\":{\"@id\":\"https:\/\/agenciainfra.com\/blog\/corpo-a-corpo-de-executivos-com-deputados-em-torno-do-pl-da-modernizacao-se-intensifica\/#primaryimage\"},\"image\":{\"@id\":\"https:\/\/agenciainfra.com\/blog\/corpo-a-corpo-de-executivos-com-deputados-em-torno-do-pl-da-modernizacao-se-intensifica\/#primaryimage\"},\"thumbnailUrl\":\"https:\/\/agenciainfra.com\/blog\/wp-content\/uploads\/2019\/11\/fernando-coelho-filho-luis-macedo-camara.jpg\",\"datePublished\":\"2022-03-22T13:00:00+00:00\",\"breadcrumb\":{\"@id\":\"https:\/\/agenciainfra.com\/blog\/corpo-a-corpo-de-executivos-com-deputados-em-torno-do-pl-da-modernizacao-se-intensifica\/#breadcrumb\"},\"inLanguage\":\"pt-BR\",\"potentialAction\":[{\"@type\":\"ReadAction\",\"target\":[\"https:\/\/agenciainfra.com\/blog\/corpo-a-corpo-de-executivos-com-deputados-em-torno-do-pl-da-modernizacao-se-intensifica\/\"]}]},{\"@type\":\"ImageObject\",\"inLanguage\":\"pt-BR\",\"@id\":\"https:\/\/agenciainfra.com\/blog\/corpo-a-corpo-de-executivos-com-deputados-em-torno-do-pl-da-modernizacao-se-intensifica\/#primaryimage\",\"url\":\"https:\/\/agenciainfra.com\/blog\/wp-content\/uploads\/2019\/11\/fernando-coelho-filho-luis-macedo-camara.jpg\",\"contentUrl\":\"https:\/\/agenciainfra.com\/blog\/wp-content\/uploads\/2019\/11\/fernando-coelho-filho-luis-macedo-camara.jpg\",\"width\":1280,\"height\":838},{\"@type\":\"BreadcrumbList\",\"@id\":\"https:\/\/agenciainfra.com\/blog\/corpo-a-corpo-de-executivos-com-deputados-em-torno-do-pl-da-modernizacao-se-intensifica\/#breadcrumb\",\"itemListElement\":[{\"@type\":\"ListItem\",\"position\":1,\"name\":\"In\u00edcio\",\"item\":\"https:\/\/agenciainfra.com\/blog\/\"},{\"@type\":\"ListItem\",\"position\":2,\"name\":\"Corpo a corpo de executivos com deputados em torno do PL da moderniza\u00e7\u00e3o se intensifica\"}]},{\"@type\":\"WebSite\",\"@id\":\"https:\/\/agenciainfra.com\/blog\/#website\",\"url\":\"https:\/\/agenciainfra.com\/blog\/\",\"name\":\"Ag\u00eancia iNFRA\",\"description\":\"Multiplataforma de informa\u00e7\u00e3o jornal\u00edstica refer\u00eancia na \u00e1rea de infraestrutura no Brasil!\",\"publisher\":{\"@id\":\"https:\/\/agenciainfra.com\/blog\/#organization\"},\"potentialAction\":[{\"@type\":\"SearchAction\",\"target\":{\"@type\":\"EntryPoint\",\"urlTemplate\":\"https:\/\/agenciainfra.com\/blog\/?s={search_term_string}\"},\"query-input\":{\"@type\":\"PropertyValueSpecification\",\"valueRequired\":true,\"valueName\":\"search_term_string\"}}],\"inLanguage\":\"pt-BR\"},{\"@type\":\"Organization\",\"@id\":\"https:\/\/agenciainfra.com\/blog\/#organization\",\"name\":\"Ag\u00eancia iNFRA\",\"url\":\"https:\/\/agenciainfra.com\/blog\/\",\"logo\":{\"@type\":\"ImageObject\",\"inLanguage\":\"pt-BR\",\"@id\":\"https:\/\/agenciainfra.com\/blog\/#\/schema\/logo\/image\/\",\"url\":\"https:\/\/agenciainfra.com\/blog\/wp-content\/uploads\/2023\/09\/iNFRA_5-e1761735885940.png\",\"contentUrl\":\"https:\/\/agenciainfra.com\/blog\/wp-content\/uploads\/2023\/09\/iNFRA_5-e1761735885940.png\",\"width\":1672,\"height\":454,\"caption\":\"Ag\u00eancia iNFRA\"},\"image\":{\"@id\":\"https:\/\/agenciainfra.com\/blog\/#\/schema\/logo\/image\/\"},\"sameAs\":[\"https:\/\/www.facebook.com\/ageninfra\",\"https:\/\/x.com\/agencia_infra\",\"https:\/\/www.linkedin.com\/company\/ag\u00eanciainfra\/\",\"https:\/\/www.instagram.com\/agenciainfra\/\"]},{\"@type\":\"Person\",\"@id\":\"https:\/\/agenciainfra.com\/blog\/#\/schema\/person\/34af08dff6adea4cb22b06612ba7acfa\",\"name\":\"Ag\u00eancia iNFRA\",\"image\":{\"@type\":\"ImageObject\",\"inLanguage\":\"pt-BR\",\"@id\":\"https:\/\/agenciainfra.com\/blog\/#\/schema\/person\/image\/\",\"url\":\"https:\/\/secure.gravatar.com\/avatar\/d189e01678f06d8eb84d4e01f08eb848b3fffe3f8443818d3c356c66892f5be8?s=96&d=mm&r=g\",\"contentUrl\":\"https:\/\/secure.gravatar.com\/avatar\/d189e01678f06d8eb84d4e01f08eb848b3fffe3f8443818d3c356c66892f5be8?s=96&d=mm&r=g\",\"caption\":\"Ag\u00eancia iNFRA\"},\"url\":\"https:\/\/agenciainfra.com\/blog\/author\/admin\/\"}]}<\/script>\n<!-- \/ Yoast SEO Premium plugin. -->","yoast_head_json":{"title":"Corpo a corpo de executivos com deputados em torno do PL da moderniza\u00e7\u00e3o se intensifica - Ag\u00eancia iNFRA","robots":{"index":"index","follow":"follow","max-snippet":"max-snippet:-1","max-image-preview":"max-image-preview:large","max-video-preview":"max-video-preview:-1"},"canonical":"https:\/\/agenciainfra.com\/blog\/corpo-a-corpo-de-executivos-com-deputados-em-torno-do-pl-da-modernizacao-se-intensifica\/","og_locale":"pt_BR","og_type":"article","og_title":"Corpo a corpo de executivos com deputados em torno do PL da moderniza\u00e7\u00e3o se intensifica","og_description":"Roberto Rockmann* O corpo a corpo dos empres\u00e1rios do setor el\u00e9trico para a aprova\u00e7\u00e3o do Projeto de Lei 414 e para a n\u00e3o cria\u00e7\u00e3o de jabutis nele se intensificar\u00e1 nesta semana. Hoje (22), em evento no fim da tarde, no sal\u00e3o nobre da C\u00e2mara dos Deputados, empres\u00e1rios se re\u00fanem&nbsp;com parlamentares para defender a regula\u00e7\u00e3o de [&hellip;]","og_url":"https:\/\/agenciainfra.com\/blog\/corpo-a-corpo-de-executivos-com-deputados-em-torno-do-pl-da-modernizacao-se-intensifica\/","og_site_name":"Ag\u00eancia iNFRA","article_publisher":"https:\/\/www.facebook.com\/ageninfra","article_published_time":"2022-03-22T13:00:00+00:00","og_image":[{"width":1280,"height":838,"url":"https:\/\/agenciainfra.com\/blog\/wp-content\/uploads\/2019\/11\/fernando-coelho-filho-luis-macedo-camara.jpg","type":"image\/jpeg"}],"author":"Ag\u00eancia iNFRA","twitter_card":"summary_large_image","twitter_creator":"@agencia_infra","twitter_site":"@agencia_infra","twitter_misc":{"Escrito por":"Ag\u00eancia iNFRA","Est. tempo de leitura":"3 minutos"},"schema":{"@context":"https:\/\/schema.org","@graph":[{"@type":"Article","@id":"https:\/\/agenciainfra.com\/blog\/corpo-a-corpo-de-executivos-com-deputados-em-torno-do-pl-da-modernizacao-se-intensifica\/#article","isPartOf":{"@id":"https:\/\/agenciainfra.com\/blog\/corpo-a-corpo-de-executivos-com-deputados-em-torno-do-pl-da-modernizacao-se-intensifica\/"},"author":{"name":"Ag\u00eancia iNFRA","@id":"https:\/\/agenciainfra.com\/blog\/#\/schema\/person\/34af08dff6adea4cb22b06612ba7acfa"},"headline":"Corpo a corpo de executivos com deputados em torno do PL da moderniza\u00e7\u00e3o se intensifica","datePublished":"2022-03-22T13:00:00+00:00","mainEntityOfPage":{"@id":"https:\/\/agenciainfra.com\/blog\/corpo-a-corpo-de-executivos-com-deputados-em-torno-do-pl-da-modernizacao-se-intensifica\/"},"wordCount":620,"publisher":{"@id":"https:\/\/agenciainfra.com\/blog\/#organization"},"image":{"@id":"https:\/\/agenciainfra.com\/blog\/corpo-a-corpo-de-executivos-com-deputados-em-torno-do-pl-da-modernizacao-se-intensifica\/#primaryimage"},"thumbnailUrl":"https:\/\/agenciainfra.com\/blog\/wp-content\/uploads\/2019\/11\/fernando-coelho-filho-luis-macedo-camara.jpg","keywords":["Arnaldo Jardim","C\u00e2mara dos Deputados","campanhas eleitorais","capitaliza\u00e7\u00e3o da Eletrobras","energia","Fernando Coelho Filho","GSF","PL 414\/2021","risco hidrol\u00f3gico","Setor El\u00e9trico"],"articleSection":["Geral"],"inLanguage":"pt-BR","copyrightYear":"2022","copyrightHolder":{"@id":"https:\/\/agenciainfra.com\/blog\/#organization"}},{"@type":"WebPage","@id":"https:\/\/agenciainfra.com\/blog\/corpo-a-corpo-de-executivos-com-deputados-em-torno-do-pl-da-modernizacao-se-intensifica\/","url":"https:\/\/agenciainfra.com\/blog\/corpo-a-corpo-de-executivos-com-deputados-em-torno-do-pl-da-modernizacao-se-intensifica\/","name":"Corpo a corpo de executivos com deputados em torno do PL da moderniza\u00e7\u00e3o se intensifica - Ag\u00eancia iNFRA","isPartOf":{"@id":"https:\/\/agenciainfra.com\/blog\/#website"},"primaryImageOfPage":{"@id":"https:\/\/agenciainfra.com\/blog\/corpo-a-corpo-de-executivos-com-deputados-em-torno-do-pl-da-modernizacao-se-intensifica\/#primaryimage"},"image":{"@id":"https:\/\/agenciainfra.com\/blog\/corpo-a-corpo-de-executivos-com-deputados-em-torno-do-pl-da-modernizacao-se-intensifica\/#primaryimage"},"thumbnailUrl":"https:\/\/agenciainfra.com\/blog\/wp-content\/uploads\/2019\/11\/fernando-coelho-filho-luis-macedo-camara.jpg","datePublished":"2022-03-22T13:00:00+00:00","breadcrumb":{"@id":"https:\/\/agenciainfra.com\/blog\/corpo-a-corpo-de-executivos-com-deputados-em-torno-do-pl-da-modernizacao-se-intensifica\/#breadcrumb"},"inLanguage":"pt-BR","potentialAction":[{"@type":"ReadAction","target":["https:\/\/agenciainfra.com\/blog\/corpo-a-corpo-de-executivos-com-deputados-em-torno-do-pl-da-modernizacao-se-intensifica\/"]}]},{"@type":"ImageObject","inLanguage":"pt-BR","@id":"https:\/\/agenciainfra.com\/blog\/corpo-a-corpo-de-executivos-com-deputados-em-torno-do-pl-da-modernizacao-se-intensifica\/#primaryimage","url":"https:\/\/agenciainfra.com\/blog\/wp-content\/uploads\/2019\/11\/fernando-coelho-filho-luis-macedo-camara.jpg","contentUrl":"https:\/\/agenciainfra.com\/blog\/wp-content\/uploads\/2019\/11\/fernando-coelho-filho-luis-macedo-camara.jpg","width":1280,"height":838},{"@type":"BreadcrumbList","@id":"https:\/\/agenciainfra.com\/blog\/corpo-a-corpo-de-executivos-com-deputados-em-torno-do-pl-da-modernizacao-se-intensifica\/#breadcrumb","itemListElement":[{"@type":"ListItem","position":1,"name":"In\u00edcio","item":"https:\/\/agenciainfra.com\/blog\/"},{"@type":"ListItem","position":2,"name":"Corpo a corpo de executivos com deputados em torno do PL da moderniza\u00e7\u00e3o se intensifica"}]},{"@type":"WebSite","@id":"https:\/\/agenciainfra.com\/blog\/#website","url":"https:\/\/agenciainfra.com\/blog\/","name":"Ag\u00eancia iNFRA","description":"Multiplataforma de informa\u00e7\u00e3o jornal\u00edstica refer\u00eancia na \u00e1rea de infraestrutura no Brasil!","publisher":{"@id":"https:\/\/agenciainfra.com\/blog\/#organization"},"potentialAction":[{"@type":"SearchAction","target":{"@type":"EntryPoint","urlTemplate":"https:\/\/agenciainfra.com\/blog\/?s={search_term_string}"},"query-input":{"@type":"PropertyValueSpecification","valueRequired":true,"valueName":"search_term_string"}}],"inLanguage":"pt-BR"},{"@type":"Organization","@id":"https:\/\/agenciainfra.com\/blog\/#organization","name":"Ag\u00eancia iNFRA","url":"https:\/\/agenciainfra.com\/blog\/","logo":{"@type":"ImageObject","inLanguage":"pt-BR","@id":"https:\/\/agenciainfra.com\/blog\/#\/schema\/logo\/image\/","url":"https:\/\/agenciainfra.com\/blog\/wp-content\/uploads\/2023\/09\/iNFRA_5-e1761735885940.png","contentUrl":"https:\/\/agenciainfra.com\/blog\/wp-content\/uploads\/2023\/09\/iNFRA_5-e1761735885940.png","width":1672,"height":454,"caption":"Ag\u00eancia iNFRA"},"image":{"@id":"https:\/\/agenciainfra.com\/blog\/#\/schema\/logo\/image\/"},"sameAs":["https:\/\/www.facebook.com\/ageninfra","https:\/\/x.com\/agencia_infra","https:\/\/www.linkedin.com\/company\/ag\u00eanciainfra\/","https:\/\/www.instagram.com\/agenciainfra\/"]},{"@type":"Person","@id":"https:\/\/agenciainfra.com\/blog\/#\/schema\/person\/34af08dff6adea4cb22b06612ba7acfa","name":"Ag\u00eancia iNFRA","image":{"@type":"ImageObject","inLanguage":"pt-BR","@id":"https:\/\/agenciainfra.com\/blog\/#\/schema\/person\/image\/","url":"https:\/\/secure.gravatar.com\/avatar\/d189e01678f06d8eb84d4e01f08eb848b3fffe3f8443818d3c356c66892f5be8?s=96&d=mm&r=g","contentUrl":"https:\/\/secure.gravatar.com\/avatar\/d189e01678f06d8eb84d4e01f08eb848b3fffe3f8443818d3c356c66892f5be8?s=96&d=mm&r=g","caption":"Ag\u00eancia iNFRA"},"url":"https:\/\/agenciainfra.com\/blog\/author\/admin\/"}]}},"_links":{"self":[{"href":"https:\/\/agenciainfra.com\/blog\/wp-json\/wp\/v2\/posts\/9841","targetHints":{"allow":["GET"]}}],"collection":[{"href":"https:\/\/agenciainfra.com\/blog\/wp-json\/wp\/v2\/posts"}],"about":[{"href":"https:\/\/agenciainfra.com\/blog\/wp-json\/wp\/v2\/types\/post"}],"author":[{"embeddable":true,"href":"https:\/\/agenciainfra.com\/blog\/wp-json\/wp\/v2\/users\/1"}],"replies":[{"embeddable":true,"href":"https:\/\/agenciainfra.com\/blog\/wp-json\/wp\/v2\/comments?post=9841"}],"version-history":[{"count":0,"href":"https:\/\/agenciainfra.com\/blog\/wp-json\/wp\/v2\/posts\/9841\/revisions"}],"wp:featuredmedia":[{"embeddable":true,"href":"https:\/\/agenciainfra.com\/blog\/wp-json\/wp\/v2\/media\/3992"}],"wp:attachment":[{"href":"https:\/\/agenciainfra.com\/blog\/wp-json\/wp\/v2\/media?parent=9841"}],"wp:term":[{"taxonomy":"category","embeddable":true,"href":"https:\/\/agenciainfra.com\/blog\/wp-json\/wp\/v2\/categories?post=9841"},{"taxonomy":"post_tag","embeddable":true,"href":"https:\/\/agenciainfra.com\/blog\/wp-json\/wp\/v2\/tags?post=9841"}],"curies":[{"name":"wp","href":"https:\/\/api.w.org\/{rel}","templated":true}]}}