{"id":9854,"date":"2022-03-24T08:00:00","date_gmt":"2022-03-24T11:00:00","guid":{"rendered":"https:\/\/www.agenciainfra.com\/blog\/?p=9854"},"modified":"2022-03-23T11:10:28","modified_gmt":"2022-03-23T14:10:28","slug":"sem-negociacao-com-ministerio-da-infraestrutura-economia-propoe-abertura-geral-a-portos-secos","status":"publish","type":"post","link":"https:\/\/agenciainfra.com\/blog\/sem-negociacao-com-ministerio-da-infraestrutura-economia-propoe-abertura-geral-a-portos-secos\/","title":{"rendered":"Sem negocia\u00e7\u00e3o com Minist\u00e9rio da Infraestrutura, Economia prop\u00f5e abertura geral a portos secos"},"content":{"rendered":"\n<p class=\"has-text-align-right\"><strong>Dimmi Amora, da Ag\u00eancia iNFRA<\/strong><\/p>\n\n\n\n<p>O Minist\u00e9rio da Economia finalizou proposta para uma medida provis\u00f3ria para ampliar, via autoriza\u00e7\u00e3o, os chamados &#8220;portos secos&#8221;, recintos alfandegados nas \u00e1reas secund\u00e1rias (distantes de portos ou aeroportos, por exemplo). A proposta foi enviada \u00e0 Casa Civil da Presid\u00eancia para publica\u00e7\u00e3o.<\/p>\n\n\n\n<p>O texto \u2013 de acordo com uma vers\u00e3o obtida pela\u00a0<strong>Ag\u00eancia iNFRA<\/strong>\u00a0\u2013 prop\u00f5e que esses recintos possam ser autorizados pela Receita Federal do Brasil\u00a0para quem cumprir requisitos simples. Ela tamb\u00e9m regulariza dezenas dessas empresas que foram criadas nos \u00faltimos anos em duas medidas provis\u00f3rias n\u00e3o votadas no Congresso e cria uma nova taxa para as empresas que movimentam cargas.<\/p>\n\n\n\n<p>A justificativa apresentada para a urg\u00eancia de criar uma medida provis\u00f3ria sobre o tema \u00e9 que, segundo o documento, cerca de 20 portos secos do pa\u00eds, feitos por regime de concess\u00e3o ou permiss\u00e3o previstos na lei 9.074\/1995, j\u00e1 est\u00e3o com seus contratos vencidos ou v\u00e3o vencer at\u00e9 2025.&nbsp;<\/p>\n\n\n\n<p>Segundo a justificativa apresentada, fazer licita\u00e7\u00f5es previstas na lei \u00e9 um processo &#8220;moroso e burocr\u00e1tico&#8221; e&nbsp;pode acarretar &#8220;demandas judiciais&#8221;. Diz ainda que a Receita Federal n\u00e3o tem condi\u00e7\u00f5es de fazer estudos de viabilidade e que o regime da lei dos portos secos n\u00e3o est\u00e1 em conson\u00e2ncia com o princ\u00edpio da &#8220;livre concorr\u00eancia&#8221;.&nbsp;<\/p>\n\n\n\n<p>Outro problema a ser resolvido, segundo a justificativa apresentada, \u00e9 que a nova medida provis\u00f3ria criaria um sistema ison\u00f4mico para unificar os portos secos e os Clias (centros log\u00edsticos e industriais aduaneiros), que s\u00e3o tamb\u00e9m portos secos, mas com outro nome, criados pelas medidas provis\u00f3rias emitidas em 2006 e 2012 e n\u00e3o votadas.<\/p>\n\n\n\n<p>Economicamente, a defesa \u00e9 que os recintos em zona secund\u00e1ria aumentariam a fluidez no com\u00e9rcio exterior do pa\u00eds, eliminando &#8220;gargalos log\u00edsticos&#8221; em portos, aeroportos e zonas de fronteira, o que vai de encontro a discursos do atual ministro da Infraestrutura,&nbsp;Tarc\u00edsio de Freitas, que tem repetido que os portos n\u00e3o s\u00e3o mais um &#8220;gargalo&#8221; para o pa\u00eds.&nbsp;<\/p>\n\n\n\n<p><strong>Sem intera\u00e7\u00e3o<\/strong><br>Essa medida provis\u00f3ria vem sendo gestada desde o ano passado. Mas, mantendo o padr\u00e3o desde o in\u00edcio do atual governo, os minist\u00e9rios da Economia e da Infraestrutura tiveram pouca ou nenhuma intera\u00e7\u00e3o sobre o tema.&nbsp;<\/p>\n\n\n\n<p>As arrendat\u00e1rias de terminais portu\u00e1rios, que venceram licita\u00e7\u00f5es para fazer investimentos para receber navios de grande porte, foram ao Minist\u00e9rio da Infraestrutura para ter informa\u00e7\u00f5es sobre os impactos que essa medida provis\u00f3ria teria em seus contratos, mas receberam pouca ou nenhuma informa\u00e7\u00e3o.<\/p>\n\n\n\n<p>Servidores respons\u00e1veis pelo setor portu\u00e1rio, inclusive na ag\u00eancia reguladora respons\u00e1vel, tamb\u00e9m n\u00e3o tinham conhecimento sobre o tema, de acordo com relato de tr\u00eas envolvidos.<\/p>\n\n\n\n<p><strong>Di\u00e1logo na Casa Civil<\/strong><br>Ap\u00f3s as consultas, os representantes do Minist\u00e9rio da Infraestrutura iniciaram um di\u00e1logo com a Casa Civil, com reuni\u00f5es previstas esta semana, para tratar do tema. A ideia \u00e9 que, como o projeto afeta o setor portu\u00e1rio, o Minist\u00e9rio da Infraestrutura possa avaliar e apresentar seu parecer.<\/p>\n\n\n\n<p>De acordo com um respons\u00e1vel por terminal arrendado num grande porto do pa\u00eds, que pediu para n\u00e3o ser identificado, o impacto das medidas que est\u00e3o propostas poder\u00e1 ser severo sob os contratos atuais, afetando inclusive a decis\u00e3o de investimentos no setor, especialmente no de terminais de cont\u00eaineres e at\u00e9 mesmo nas novas concess\u00f5es.<\/p>\n\n\n\n<p>Isso ocorre pela caracter\u00edstica do com\u00e9rcio exterior nacional. O Brasil \u00e9 um pa\u00eds com baixa exporta\u00e7\u00e3o de produtos industrializados (e alta importa\u00e7\u00e3o). Al\u00e9m disso, h\u00e1 um grande n\u00famero de terminais espalhados pelo pa\u00eds. Isso faz com que o volume de cont\u00eaineres movimentados seja, em alguns casos, abaixo do que \u00e9 recomendado para que um terminal &#8220;molhado&#8221;, onde navios atracam os navios, tenha a produtividade adequada para custear os elevados investimentos necess\u00e1rios ao seu funcionamento.<\/p>\n\n\n\n<p>Al\u00e9m disso, a crise dos \u00faltimos anos criou uma ociosidade elevada na maior parte dos terminais de cont\u00eaineres \u2013 exce\u00e7\u00e3o aos que t\u00eam armadores (donos de navios) como seus propriet\u00e1rios, o que \u00e9 a minoria.<\/p>\n\n\n\n<p><strong>Mercado<\/strong><br>Por essas caracter\u00edsticas, parte consider\u00e1vel das receitas de terminais de cont\u00eaineres, que pode chegar a mais de 50%, vem da armazenagem de cont\u00eaineres e outros servi\u00e7os prestados (em pa\u00edses com mais exporta\u00e7\u00e3o de industrializados, esse percentual em geral \u00e9 bem menor).&nbsp;<\/p>\n\n\n\n<p>\u00c9 nesse mercado que os portos secos (Clias ou agora A2) concorrem com os terminais &#8220;molhados&#8221;, mas em condi\u00e7\u00f5es diferentes, j\u00e1 que os investimentos s\u00e3o mais baixos por n\u00e3o precisarem ter os equipamentos para a opera\u00e7\u00e3o dos navios.<\/p>\n\n\n\n<p>Com a amplia\u00e7\u00e3o indiscriminada proposta na minuta de medida provis\u00f3ria, as empresas do setor portu\u00e1rio temem que parte dos terminais de cont\u00eaineres com acesso a navios fiquem inviabilizados, porque teriam dificuldades para repassar pre\u00e7os, j\u00e1 que cobram de armadores (donos de navios) pelos servi\u00e7os que n\u00e3o s\u00e3o de armazenagem.<\/p>\n\n\n\n<p><strong>Mobiliza\u00e7\u00e3o<\/strong><br>Por isso, h\u00e1 uma mobiliza\u00e7\u00e3o da chamada Coaliz\u00e3o de Associa\u00e7\u00f5es Portu\u00e1rias, que re\u00fane as principais entidades de representa\u00e7\u00e3o das empresas portu\u00e1rias do pa\u00eds, para que a medida provis\u00f3ria passe por um processo de avalia\u00e7\u00e3o de impactos para o setor, o que n\u00e3o foi feito at\u00e9 o momento.<\/p>\n\n\n\n<p>Uma carta foi assinada pelos presidentes de todas as associa\u00e7\u00f5es alertando para os problemas que a medida poder\u00e1 gerar no setor. Eles pedem para que, antes da edi\u00e7\u00e3o, seja feita uma avalia\u00e7\u00e3o de impacto econ\u00f4mico e regulat\u00f3rio,\u00a0alertam que as inefici\u00eancias j\u00e1 apontadas em ac\u00f3rd\u00e3o do TCU (Tribunal de Contas da Uni\u00e3o) v\u00e3o se agravar e que poder\u00e1 haver impacto nos investimentos estimados para o setor nos pr\u00f3ximos anos.<\/p>\n\n\n\n<p>Consultado, o Minist\u00e9rio da Economia n\u00e3o respondeu.<\/p>\n","protected":false},"excerpt":{"rendered":"<p>Dimmi Amora, da Ag\u00eancia iNFRA O Minist\u00e9rio da Economia finalizou proposta para uma medida provis\u00f3ria para ampliar, via autoriza\u00e7\u00e3o, os chamados &#8220;portos secos&#8221;, recintos alfandegados nas \u00e1reas secund\u00e1rias (distantes de portos ou aeroportos, por exemplo). A proposta foi enviada \u00e0 Casa Civil da Presid\u00eancia para publica\u00e7\u00e3o. O texto \u2013 de acordo com uma vers\u00e3o obtida [&hellip;]<\/p>\n","protected":false},"author":1,"featured_media":4925,"comment_status":"closed","ping_status":"closed","sticky":false,"template":"","format":"standard","meta":{"_monsterinsights_skip_tracking":false,"_monsterinsights_sitenote_active":false,"_monsterinsights_sitenote_note":"","_monsterinsights_sitenote_category":0,"footnotes":""},"categories":[1,7],"tags":[873,1726,3437,766,775,310,5324,1201,448,70],"class_list":["post-9854","post","type-post","status-publish","format-standard","has-post-thumbnail","hentry","category-geral","category-infratransporte","tag-conteineres","tag-infraestrutura-portuaria","tag-livre-concorrencia","tag-ministerio-da-economia","tag-ministerio-da-infraestrutura","tag-portos","tag-portos-secos","tag-setor-portuario","tag-tarcisio-de-freitas","tag-transportes"],"yoast_head":"<!-- This site is optimized with the Yoast SEO Premium plugin v25.4 (Yoast SEO v26.0) - https:\/\/yoast.com\/wordpress\/plugins\/seo\/ -->\n<title>Sem negocia\u00e7\u00e3o com Minist\u00e9rio da Infraestrutura, Economia prop\u00f5e abertura geral a portos secos - Ag\u00eancia iNFRA<\/title>\n<meta name=\"robots\" content=\"index, follow, max-snippet:-1, max-image-preview:large, max-video-preview:-1\" \/>\n<link rel=\"canonical\" href=\"https:\/\/agenciainfra.com\/blog\/sem-negociacao-com-ministerio-da-infraestrutura-economia-propoe-abertura-geral-a-portos-secos\/\" \/>\n<meta property=\"og:locale\" content=\"pt_BR\" \/>\n<meta property=\"og:type\" content=\"article\" \/>\n<meta property=\"og:title\" content=\"Sem negocia\u00e7\u00e3o com Minist\u00e9rio da Infraestrutura, Economia prop\u00f5e abertura geral a portos secos\" \/>\n<meta property=\"og:description\" content=\"Dimmi Amora, da Ag\u00eancia iNFRA O Minist\u00e9rio da Economia finalizou proposta para uma medida provis\u00f3ria para ampliar, via autoriza\u00e7\u00e3o, os chamados &#8220;portos secos&#8221;, recintos alfandegados nas \u00e1reas secund\u00e1rias (distantes de portos ou aeroportos, por exemplo). A proposta foi enviada \u00e0 Casa Civil da Presid\u00eancia para publica\u00e7\u00e3o. O texto \u2013 de acordo com uma vers\u00e3o obtida [&hellip;]\" \/>\n<meta property=\"og:url\" content=\"https:\/\/agenciainfra.com\/blog\/sem-negociacao-com-ministerio-da-infraestrutura-economia-propoe-abertura-geral-a-portos-secos\/\" \/>\n<meta property=\"og:site_name\" content=\"Ag\u00eancia iNFRA\" \/>\n<meta property=\"article:publisher\" content=\"https:\/\/www.facebook.com\/ageninfra\" \/>\n<meta property=\"article:published_time\" content=\"2022-03-24T11:00:00+00:00\" \/>\n<meta property=\"og:image\" content=\"https:\/\/agenciainfra.com\/blog\/wp-content\/uploads\/2020\/05\/conteineres-foto-dominio-publico.jpg\" \/>\n\t<meta property=\"og:image:width\" content=\"1280\" \/>\n\t<meta property=\"og:image:height\" content=\"853\" \/>\n\t<meta property=\"og:image:type\" content=\"image\/jpeg\" \/>\n<meta name=\"author\" content=\"Ag\u00eancia iNFRA\" \/>\n<meta name=\"twitter:card\" content=\"summary_large_image\" \/>\n<meta name=\"twitter:creator\" content=\"@agencia_infra\" \/>\n<meta name=\"twitter:site\" content=\"@agencia_infra\" \/>\n<meta name=\"twitter:label1\" content=\"Escrito por\" \/>\n\t<meta name=\"twitter:data1\" content=\"Ag\u00eancia iNFRA\" \/>\n\t<meta name=\"twitter:label2\" content=\"Est. tempo de leitura\" \/>\n\t<meta name=\"twitter:data2\" content=\"5 minutos\" \/>\n<script type=\"application\/ld+json\" class=\"yoast-schema-graph\">{\"@context\":\"https:\/\/schema.org\",\"@graph\":[{\"@type\":\"Article\",\"@id\":\"https:\/\/agenciainfra.com\/blog\/sem-negociacao-com-ministerio-da-infraestrutura-economia-propoe-abertura-geral-a-portos-secos\/#article\",\"isPartOf\":{\"@id\":\"https:\/\/agenciainfra.com\/blog\/sem-negociacao-com-ministerio-da-infraestrutura-economia-propoe-abertura-geral-a-portos-secos\/\"},\"author\":{\"name\":\"Ag\u00eancia iNFRA\",\"@id\":\"https:\/\/agenciainfra.com\/blog\/#\/schema\/person\/34af08dff6adea4cb22b06612ba7acfa\"},\"headline\":\"Sem negocia\u00e7\u00e3o com Minist\u00e9rio da Infraestrutura, Economia prop\u00f5e abertura geral a portos secos\",\"datePublished\":\"2022-03-24T11:00:00+00:00\",\"mainEntityOfPage\":{\"@id\":\"https:\/\/agenciainfra.com\/blog\/sem-negociacao-com-ministerio-da-infraestrutura-economia-propoe-abertura-geral-a-portos-secos\/\"},\"wordCount\":1025,\"publisher\":{\"@id\":\"https:\/\/agenciainfra.com\/blog\/#organization\"},\"image\":{\"@id\":\"https:\/\/agenciainfra.com\/blog\/sem-negociacao-com-ministerio-da-infraestrutura-economia-propoe-abertura-geral-a-portos-secos\/#primaryimage\"},\"thumbnailUrl\":\"https:\/\/agenciainfra.com\/blog\/wp-content\/uploads\/2020\/05\/conteineres-foto-dominio-publico.jpg\",\"keywords\":[\"cont\u00eaineres\",\"infraestrutura portu\u00e1ria\",\"livre concorr\u00eancia\",\"Minist\u00e9rio da Economia\",\"Minist\u00e9rio da Infraestrutura\",\"portos\",\"portos secos\",\"setor portu\u00e1rio\",\"Tarc\u00edsio de Freitas\",\"transportes\"],\"articleSection\":[\"Geral\",\"iNFRATransporte\"],\"inLanguage\":\"pt-BR\",\"copyrightYear\":\"2022\",\"copyrightHolder\":{\"@id\":\"https:\/\/agenciainfra.com\/blog\/#organization\"}},{\"@type\":\"WebPage\",\"@id\":\"https:\/\/agenciainfra.com\/blog\/sem-negociacao-com-ministerio-da-infraestrutura-economia-propoe-abertura-geral-a-portos-secos\/\",\"url\":\"https:\/\/agenciainfra.com\/blog\/sem-negociacao-com-ministerio-da-infraestrutura-economia-propoe-abertura-geral-a-portos-secos\/\",\"name\":\"Sem negocia\u00e7\u00e3o com Minist\u00e9rio da Infraestrutura, Economia prop\u00f5e abertura geral a portos secos - Ag\u00eancia iNFRA\",\"isPartOf\":{\"@id\":\"https:\/\/agenciainfra.com\/blog\/#website\"},\"primaryImageOfPage\":{\"@id\":\"https:\/\/agenciainfra.com\/blog\/sem-negociacao-com-ministerio-da-infraestrutura-economia-propoe-abertura-geral-a-portos-secos\/#primaryimage\"},\"image\":{\"@id\":\"https:\/\/agenciainfra.com\/blog\/sem-negociacao-com-ministerio-da-infraestrutura-economia-propoe-abertura-geral-a-portos-secos\/#primaryimage\"},\"thumbnailUrl\":\"https:\/\/agenciainfra.com\/blog\/wp-content\/uploads\/2020\/05\/conteineres-foto-dominio-publico.jpg\",\"datePublished\":\"2022-03-24T11:00:00+00:00\",\"breadcrumb\":{\"@id\":\"https:\/\/agenciainfra.com\/blog\/sem-negociacao-com-ministerio-da-infraestrutura-economia-propoe-abertura-geral-a-portos-secos\/#breadcrumb\"},\"inLanguage\":\"pt-BR\",\"potentialAction\":[{\"@type\":\"ReadAction\",\"target\":[\"https:\/\/agenciainfra.com\/blog\/sem-negociacao-com-ministerio-da-infraestrutura-economia-propoe-abertura-geral-a-portos-secos\/\"]}]},{\"@type\":\"ImageObject\",\"inLanguage\":\"pt-BR\",\"@id\":\"https:\/\/agenciainfra.com\/blog\/sem-negociacao-com-ministerio-da-infraestrutura-economia-propoe-abertura-geral-a-portos-secos\/#primaryimage\",\"url\":\"https:\/\/agenciainfra.com\/blog\/wp-content\/uploads\/2020\/05\/conteineres-foto-dominio-publico.jpg\",\"contentUrl\":\"https:\/\/agenciainfra.com\/blog\/wp-content\/uploads\/2020\/05\/conteineres-foto-dominio-publico.jpg\",\"width\":1280,\"height\":853,\"caption\":\"Foto: Dom\u00ednio p\u00fablico\"},{\"@type\":\"BreadcrumbList\",\"@id\":\"https:\/\/agenciainfra.com\/blog\/sem-negociacao-com-ministerio-da-infraestrutura-economia-propoe-abertura-geral-a-portos-secos\/#breadcrumb\",\"itemListElement\":[{\"@type\":\"ListItem\",\"position\":1,\"name\":\"In\u00edcio\",\"item\":\"https:\/\/agenciainfra.com\/blog\/\"},{\"@type\":\"ListItem\",\"position\":2,\"name\":\"Sem negocia\u00e7\u00e3o com Minist\u00e9rio da Infraestrutura, Economia prop\u00f5e abertura geral a portos secos\"}]},{\"@type\":\"WebSite\",\"@id\":\"https:\/\/agenciainfra.com\/blog\/#website\",\"url\":\"https:\/\/agenciainfra.com\/blog\/\",\"name\":\"Ag\u00eancia iNFRA\",\"description\":\"Multiplataforma de informa\u00e7\u00e3o jornal\u00edstica refer\u00eancia na \u00e1rea de infraestrutura no Brasil!\",\"publisher\":{\"@id\":\"https:\/\/agenciainfra.com\/blog\/#organization\"},\"potentialAction\":[{\"@type\":\"SearchAction\",\"target\":{\"@type\":\"EntryPoint\",\"urlTemplate\":\"https:\/\/agenciainfra.com\/blog\/?s={search_term_string}\"},\"query-input\":{\"@type\":\"PropertyValueSpecification\",\"valueRequired\":true,\"valueName\":\"search_term_string\"}}],\"inLanguage\":\"pt-BR\"},{\"@type\":\"Organization\",\"@id\":\"https:\/\/agenciainfra.com\/blog\/#organization\",\"name\":\"Ag\u00eancia iNFRA\",\"url\":\"https:\/\/agenciainfra.com\/blog\/\",\"logo\":{\"@type\":\"ImageObject\",\"inLanguage\":\"pt-BR\",\"@id\":\"https:\/\/agenciainfra.com\/blog\/#\/schema\/logo\/image\/\",\"url\":\"https:\/\/agenciainfra.com\/blog\/wp-content\/uploads\/2023\/09\/iNFRA_5-e1761735885940.png\",\"contentUrl\":\"https:\/\/agenciainfra.com\/blog\/wp-content\/uploads\/2023\/09\/iNFRA_5-e1761735885940.png\",\"width\":1672,\"height\":454,\"caption\":\"Ag\u00eancia iNFRA\"},\"image\":{\"@id\":\"https:\/\/agenciainfra.com\/blog\/#\/schema\/logo\/image\/\"},\"sameAs\":[\"https:\/\/www.facebook.com\/ageninfra\",\"https:\/\/x.com\/agencia_infra\",\"https:\/\/www.linkedin.com\/company\/ag\u00eanciainfra\/\",\"https:\/\/www.instagram.com\/agenciainfra\/\"]},{\"@type\":\"Person\",\"@id\":\"https:\/\/agenciainfra.com\/blog\/#\/schema\/person\/34af08dff6adea4cb22b06612ba7acfa\",\"name\":\"Ag\u00eancia iNFRA\",\"image\":{\"@type\":\"ImageObject\",\"inLanguage\":\"pt-BR\",\"@id\":\"https:\/\/agenciainfra.com\/blog\/#\/schema\/person\/image\/\",\"url\":\"https:\/\/secure.gravatar.com\/avatar\/d189e01678f06d8eb84d4e01f08eb848b3fffe3f8443818d3c356c66892f5be8?s=96&d=mm&r=g\",\"contentUrl\":\"https:\/\/secure.gravatar.com\/avatar\/d189e01678f06d8eb84d4e01f08eb848b3fffe3f8443818d3c356c66892f5be8?s=96&d=mm&r=g\",\"caption\":\"Ag\u00eancia iNFRA\"},\"url\":\"https:\/\/agenciainfra.com\/blog\/author\/admin\/\"}]}<\/script>\n<!-- \/ Yoast SEO Premium plugin. -->","yoast_head_json":{"title":"Sem negocia\u00e7\u00e3o com Minist\u00e9rio da Infraestrutura, Economia prop\u00f5e abertura geral a portos secos - Ag\u00eancia iNFRA","robots":{"index":"index","follow":"follow","max-snippet":"max-snippet:-1","max-image-preview":"max-image-preview:large","max-video-preview":"max-video-preview:-1"},"canonical":"https:\/\/agenciainfra.com\/blog\/sem-negociacao-com-ministerio-da-infraestrutura-economia-propoe-abertura-geral-a-portos-secos\/","og_locale":"pt_BR","og_type":"article","og_title":"Sem negocia\u00e7\u00e3o com Minist\u00e9rio da Infraestrutura, Economia prop\u00f5e abertura geral a portos secos","og_description":"Dimmi Amora, da Ag\u00eancia iNFRA O Minist\u00e9rio da Economia finalizou proposta para uma medida provis\u00f3ria para ampliar, via autoriza\u00e7\u00e3o, os chamados &#8220;portos secos&#8221;, recintos alfandegados nas \u00e1reas secund\u00e1rias (distantes de portos ou aeroportos, por exemplo). A proposta foi enviada \u00e0 Casa Civil da Presid\u00eancia para publica\u00e7\u00e3o. O texto \u2013 de acordo com uma vers\u00e3o obtida [&hellip;]","og_url":"https:\/\/agenciainfra.com\/blog\/sem-negociacao-com-ministerio-da-infraestrutura-economia-propoe-abertura-geral-a-portos-secos\/","og_site_name":"Ag\u00eancia iNFRA","article_publisher":"https:\/\/www.facebook.com\/ageninfra","article_published_time":"2022-03-24T11:00:00+00:00","og_image":[{"width":1280,"height":853,"url":"https:\/\/agenciainfra.com\/blog\/wp-content\/uploads\/2020\/05\/conteineres-foto-dominio-publico.jpg","type":"image\/jpeg"}],"author":"Ag\u00eancia iNFRA","twitter_card":"summary_large_image","twitter_creator":"@agencia_infra","twitter_site":"@agencia_infra","twitter_misc":{"Escrito por":"Ag\u00eancia iNFRA","Est. tempo de leitura":"5 minutos"},"schema":{"@context":"https:\/\/schema.org","@graph":[{"@type":"Article","@id":"https:\/\/agenciainfra.com\/blog\/sem-negociacao-com-ministerio-da-infraestrutura-economia-propoe-abertura-geral-a-portos-secos\/#article","isPartOf":{"@id":"https:\/\/agenciainfra.com\/blog\/sem-negociacao-com-ministerio-da-infraestrutura-economia-propoe-abertura-geral-a-portos-secos\/"},"author":{"name":"Ag\u00eancia iNFRA","@id":"https:\/\/agenciainfra.com\/blog\/#\/schema\/person\/34af08dff6adea4cb22b06612ba7acfa"},"headline":"Sem negocia\u00e7\u00e3o com Minist\u00e9rio da Infraestrutura, Economia prop\u00f5e abertura geral a portos secos","datePublished":"2022-03-24T11:00:00+00:00","mainEntityOfPage":{"@id":"https:\/\/agenciainfra.com\/blog\/sem-negociacao-com-ministerio-da-infraestrutura-economia-propoe-abertura-geral-a-portos-secos\/"},"wordCount":1025,"publisher":{"@id":"https:\/\/agenciainfra.com\/blog\/#organization"},"image":{"@id":"https:\/\/agenciainfra.com\/blog\/sem-negociacao-com-ministerio-da-infraestrutura-economia-propoe-abertura-geral-a-portos-secos\/#primaryimage"},"thumbnailUrl":"https:\/\/agenciainfra.com\/blog\/wp-content\/uploads\/2020\/05\/conteineres-foto-dominio-publico.jpg","keywords":["cont\u00eaineres","infraestrutura portu\u00e1ria","livre concorr\u00eancia","Minist\u00e9rio da Economia","Minist\u00e9rio da Infraestrutura","portos","portos secos","setor portu\u00e1rio","Tarc\u00edsio de Freitas","transportes"],"articleSection":["Geral","iNFRATransporte"],"inLanguage":"pt-BR","copyrightYear":"2022","copyrightHolder":{"@id":"https:\/\/agenciainfra.com\/blog\/#organization"}},{"@type":"WebPage","@id":"https:\/\/agenciainfra.com\/blog\/sem-negociacao-com-ministerio-da-infraestrutura-economia-propoe-abertura-geral-a-portos-secos\/","url":"https:\/\/agenciainfra.com\/blog\/sem-negociacao-com-ministerio-da-infraestrutura-economia-propoe-abertura-geral-a-portos-secos\/","name":"Sem negocia\u00e7\u00e3o com Minist\u00e9rio da Infraestrutura, Economia prop\u00f5e abertura geral a portos secos - Ag\u00eancia iNFRA","isPartOf":{"@id":"https:\/\/agenciainfra.com\/blog\/#website"},"primaryImageOfPage":{"@id":"https:\/\/agenciainfra.com\/blog\/sem-negociacao-com-ministerio-da-infraestrutura-economia-propoe-abertura-geral-a-portos-secos\/#primaryimage"},"image":{"@id":"https:\/\/agenciainfra.com\/blog\/sem-negociacao-com-ministerio-da-infraestrutura-economia-propoe-abertura-geral-a-portos-secos\/#primaryimage"},"thumbnailUrl":"https:\/\/agenciainfra.com\/blog\/wp-content\/uploads\/2020\/05\/conteineres-foto-dominio-publico.jpg","datePublished":"2022-03-24T11:00:00+00:00","breadcrumb":{"@id":"https:\/\/agenciainfra.com\/blog\/sem-negociacao-com-ministerio-da-infraestrutura-economia-propoe-abertura-geral-a-portos-secos\/#breadcrumb"},"inLanguage":"pt-BR","potentialAction":[{"@type":"ReadAction","target":["https:\/\/agenciainfra.com\/blog\/sem-negociacao-com-ministerio-da-infraestrutura-economia-propoe-abertura-geral-a-portos-secos\/"]}]},{"@type":"ImageObject","inLanguage":"pt-BR","@id":"https:\/\/agenciainfra.com\/blog\/sem-negociacao-com-ministerio-da-infraestrutura-economia-propoe-abertura-geral-a-portos-secos\/#primaryimage","url":"https:\/\/agenciainfra.com\/blog\/wp-content\/uploads\/2020\/05\/conteineres-foto-dominio-publico.jpg","contentUrl":"https:\/\/agenciainfra.com\/blog\/wp-content\/uploads\/2020\/05\/conteineres-foto-dominio-publico.jpg","width":1280,"height":853,"caption":"Foto: Dom\u00ednio p\u00fablico"},{"@type":"BreadcrumbList","@id":"https:\/\/agenciainfra.com\/blog\/sem-negociacao-com-ministerio-da-infraestrutura-economia-propoe-abertura-geral-a-portos-secos\/#breadcrumb","itemListElement":[{"@type":"ListItem","position":1,"name":"In\u00edcio","item":"https:\/\/agenciainfra.com\/blog\/"},{"@type":"ListItem","position":2,"name":"Sem negocia\u00e7\u00e3o com Minist\u00e9rio da Infraestrutura, Economia prop\u00f5e abertura geral a portos secos"}]},{"@type":"WebSite","@id":"https:\/\/agenciainfra.com\/blog\/#website","url":"https:\/\/agenciainfra.com\/blog\/","name":"Ag\u00eancia iNFRA","description":"Multiplataforma de informa\u00e7\u00e3o jornal\u00edstica refer\u00eancia na \u00e1rea de infraestrutura no Brasil!","publisher":{"@id":"https:\/\/agenciainfra.com\/blog\/#organization"},"potentialAction":[{"@type":"SearchAction","target":{"@type":"EntryPoint","urlTemplate":"https:\/\/agenciainfra.com\/blog\/?s={search_term_string}"},"query-input":{"@type":"PropertyValueSpecification","valueRequired":true,"valueName":"search_term_string"}}],"inLanguage":"pt-BR"},{"@type":"Organization","@id":"https:\/\/agenciainfra.com\/blog\/#organization","name":"Ag\u00eancia iNFRA","url":"https:\/\/agenciainfra.com\/blog\/","logo":{"@type":"ImageObject","inLanguage":"pt-BR","@id":"https:\/\/agenciainfra.com\/blog\/#\/schema\/logo\/image\/","url":"https:\/\/agenciainfra.com\/blog\/wp-content\/uploads\/2023\/09\/iNFRA_5-e1761735885940.png","contentUrl":"https:\/\/agenciainfra.com\/blog\/wp-content\/uploads\/2023\/09\/iNFRA_5-e1761735885940.png","width":1672,"height":454,"caption":"Ag\u00eancia iNFRA"},"image":{"@id":"https:\/\/agenciainfra.com\/blog\/#\/schema\/logo\/image\/"},"sameAs":["https:\/\/www.facebook.com\/ageninfra","https:\/\/x.com\/agencia_infra","https:\/\/www.linkedin.com\/company\/ag\u00eanciainfra\/","https:\/\/www.instagram.com\/agenciainfra\/"]},{"@type":"Person","@id":"https:\/\/agenciainfra.com\/blog\/#\/schema\/person\/34af08dff6adea4cb22b06612ba7acfa","name":"Ag\u00eancia iNFRA","image":{"@type":"ImageObject","inLanguage":"pt-BR","@id":"https:\/\/agenciainfra.com\/blog\/#\/schema\/person\/image\/","url":"https:\/\/secure.gravatar.com\/avatar\/d189e01678f06d8eb84d4e01f08eb848b3fffe3f8443818d3c356c66892f5be8?s=96&d=mm&r=g","contentUrl":"https:\/\/secure.gravatar.com\/avatar\/d189e01678f06d8eb84d4e01f08eb848b3fffe3f8443818d3c356c66892f5be8?s=96&d=mm&r=g","caption":"Ag\u00eancia iNFRA"},"url":"https:\/\/agenciainfra.com\/blog\/author\/admin\/"}]}},"_links":{"self":[{"href":"https:\/\/agenciainfra.com\/blog\/wp-json\/wp\/v2\/posts\/9854","targetHints":{"allow":["GET"]}}],"collection":[{"href":"https:\/\/agenciainfra.com\/blog\/wp-json\/wp\/v2\/posts"}],"about":[{"href":"https:\/\/agenciainfra.com\/blog\/wp-json\/wp\/v2\/types\/post"}],"author":[{"embeddable":true,"href":"https:\/\/agenciainfra.com\/blog\/wp-json\/wp\/v2\/users\/1"}],"replies":[{"embeddable":true,"href":"https:\/\/agenciainfra.com\/blog\/wp-json\/wp\/v2\/comments?post=9854"}],"version-history":[{"count":0,"href":"https:\/\/agenciainfra.com\/blog\/wp-json\/wp\/v2\/posts\/9854\/revisions"}],"wp:featuredmedia":[{"embeddable":true,"href":"https:\/\/agenciainfra.com\/blog\/wp-json\/wp\/v2\/media\/4925"}],"wp:attachment":[{"href":"https:\/\/agenciainfra.com\/blog\/wp-json\/wp\/v2\/media?parent=9854"}],"wp:term":[{"taxonomy":"category","embeddable":true,"href":"https:\/\/agenciainfra.com\/blog\/wp-json\/wp\/v2\/categories?post=9854"},{"taxonomy":"post_tag","embeddable":true,"href":"https:\/\/agenciainfra.com\/blog\/wp-json\/wp\/v2\/tags?post=9854"}],"curies":[{"name":"wp","href":"https:\/\/api.w.org\/{rel}","templated":true}]}}