{"id":9857,"date":"2022-03-24T09:00:00","date_gmt":"2022-03-24T12:00:00","guid":{"rendered":"https:\/\/www.agenciainfra.com\/blog\/?p=9857"},"modified":"2022-03-23T21:20:56","modified_gmt":"2022-03-24T00:20:56","slug":"economia-propoe-criar-nova-taxa-para-fiscalizar-todos-os-terminais-alfandegados","status":"publish","type":"post","link":"https:\/\/agenciainfra.com\/blog\/economia-propoe-criar-nova-taxa-para-fiscalizar-todos-os-terminais-alfandegados\/","title":{"rendered":"Economia prop\u00f5e nova taxa para terminais alfandegados com incid\u00eancia tamb\u00e9m sobre remessas expressas"},"content":{"rendered":"\n<p class=\"has-text-align-right\"><strong>da&nbsp;Ag\u00eancia iNFRA<\/strong><\/p>\n\n\n\n<p>A medida provis\u00f3ria proposta pelo Minist\u00e9rio da Economia, com o objetivo de criar um novo regime para os portos secos (chamados agora de A2 \u2013 Armaz\u00e9m Alfandegado de Zona Secund\u00e1ria), estabelece a cria\u00e7\u00e3o de uma nova taxa que vai incidir sobre todos os recintos alfandegados, inclusive os terminais portu\u00e1rios.\u00a0O texto foi enviado \u00e0 Casa Civil da Presid\u00eancia para publica\u00e7\u00e3o <a href=\"https:\/\/agenciainfra.com\/blog\/sem-negociacao-com-ministerio-da-infraestrutura-economia-propoe-abertura-geral-a-portos-secos\/\" data-type=\"URL\" data-id=\"https:\/\/agenciainfra.com\/blog\/sem-negociacao-com-ministerio-da-infraestrutura-economia-propoe-abertura-geral-a-portos-secos\/\" target=\"_blank\" rel=\"noreferrer noopener\">sem passar por negocia\u00e7\u00e3o com o Minist\u00e9rio da Infraestrutura<\/a>.<\/p>\n\n\n\n<p>O valor da taxa ser\u00e1 cobrado por conhecimento de carga emitido, inclusive para as remessas expressas, que s\u00e3o muito utilizadas para envios de mercadorias no e-commerce.<\/p>\n\n\n\n<p>A nova taxa ganhou nome de TFA (Taxa de Fiscaliza\u00e7\u00e3o Aduaneira). Ela incidir\u00e1 sobre cada recinto, mas eles ter\u00e3o que pagar pelo n\u00famero de conhecimentos de carga que apresentam em importa\u00e7\u00e3o, exporta\u00e7\u00e3o ou remessa expressa.<\/p>\n\n\n\n<p>O conhecimento de carga \u00e9 o documento que \u00e9 emitido pelo transportador para informar qual o tipo e o dono da carga que est\u00e1 sendo levada. A estimativa feita no projeto \u00e9 que a arrecada\u00e7\u00e3o dessa taxa fique entre R$ 70 milh\u00f5es e R$ 81 milh\u00f5es ano.<\/p>\n\n\n\n<p><strong>Sem or\u00e7amento<\/strong><br>A justificativa apresentada \u00e9 que a medida provis\u00f3ria que vai criar os A2 ampliar\u00e1 as despesas da Receita Federal do Brasil com fiscaliza\u00e7\u00e3o das cargas, j\u00e1 que ser\u00e3o criadas novos \u00e1reas em que os fiscais precisar\u00e3o atuar.<\/p>\n\n\n\n<p>Mas n\u00e3o h\u00e1 or\u00e7amento previsto para esse tipo de aumento de despesas no or\u00e7amento da Uni\u00e3o e, por isso, a necessidade de criar a taxa. No entanto, ela n\u00e3o vai ser cobrada apenas dos portos secos, novos ou existentes.&nbsp;<\/p>\n\n\n\n<p>Todos os terminais alfandegados, inclusive os que est\u00e3o sob a resposabilidade do Minist\u00e9rio da Infraestrutura, v\u00e3o ter que pagar a nova taxa. A justificativa para isso, segundo o documento, seria a isonomia tribut\u00e1ria prevista na Constitui\u00e7\u00e3o.<\/p>\n\n\n\n<p>Segundo um respons\u00e1vel por terminal, como os contratos de terminais portu\u00e1rios licitados pelo Minist\u00e9rio da Infraestrutura n\u00e3o preveem essa taxa, o mais prov\u00e1vel \u00e9 que ter\u00e3o que ser reequilibrados tamb\u00e9m por esse motivo,&nbsp;j\u00e1 que h\u00e1 previs\u00e3o expressa para compensa\u00e7\u00f5es em caso de cria\u00e7\u00e3o de novas despesas nos arrendamentos.<\/p>\n\n\n\n<p>Al\u00e9m da institui\u00e7\u00e3o dos A2 e da TFA, a proposta da medida provis\u00f3ria tamb\u00e9m faz uma reforma em pontos espec\u00edficos das leis que tratam de despachos de mercadorias e no projeto do OEA (Operador Econ\u00f4mico Autorizado).<\/p>\n","protected":false},"excerpt":{"rendered":"<p>da&nbsp;Ag\u00eancia iNFRA A medida provis\u00f3ria proposta pelo Minist\u00e9rio da Economia, com o objetivo de criar um novo regime para os portos secos (chamados agora de A2 \u2013 Armaz\u00e9m Alfandegado de Zona Secund\u00e1ria), estabelece a cria\u00e7\u00e3o de uma nova taxa que vai incidir sobre todos os recintos alfandegados, inclusive os terminais portu\u00e1rios.\u00a0O texto foi enviado \u00e0 [&hellip;]<\/p>\n","protected":false},"author":1,"featured_media":9858,"comment_status":"closed","ping_status":"closed","sticky":false,"template":"","format":"standard","meta":{"_monsterinsights_skip_tracking":false,"_monsterinsights_sitenote_active":false,"_monsterinsights_sitenote_note":"","_monsterinsights_sitenote_category":0,"footnotes":""},"categories":[1,7],"tags":[873,34,1726,5326,310,5040,623,5325,1059,70],"class_list":["post-9857","post","type-post","status-publish","format-standard","has-post-thumbnail","hentry","category-geral","category-infratransporte","tag-conteineres","tag-infraestrutura","tag-infraestrutura-portuaria","tag-oea","tag-portos","tag-taxas-portuarias","tag-terminais-portuarios","tag-tfa","tag-transporte-de-cargas","tag-transportes"],"yoast_head":"<!-- This site is optimized with the Yoast SEO Premium plugin v25.4 (Yoast SEO v26.0) - https:\/\/yoast.com\/wordpress\/plugins\/seo\/ -->\n<title>Economia prop\u00f5e nova taxa para terminais alfandegados com incid\u00eancia tamb\u00e9m sobre remessas expressas - Ag\u00eancia iNFRA<\/title>\n<meta name=\"robots\" content=\"index, follow, max-snippet:-1, max-image-preview:large, max-video-preview:-1\" \/>\n<link rel=\"canonical\" href=\"https:\/\/agenciainfra.com\/blog\/economia-propoe-criar-nova-taxa-para-fiscalizar-todos-os-terminais-alfandegados\/\" \/>\n<meta property=\"og:locale\" content=\"pt_BR\" \/>\n<meta property=\"og:type\" content=\"article\" \/>\n<meta property=\"og:title\" content=\"Economia prop\u00f5e nova taxa para terminais alfandegados com incid\u00eancia tamb\u00e9m sobre remessas expressas\" \/>\n<meta property=\"og:description\" content=\"da&nbsp;Ag\u00eancia iNFRA A medida provis\u00f3ria proposta pelo Minist\u00e9rio da Economia, com o objetivo de criar um novo regime para os portos secos (chamados agora de A2 \u2013 Armaz\u00e9m Alfandegado de Zona Secund\u00e1ria), estabelece a cria\u00e7\u00e3o de uma nova taxa que vai incidir sobre todos os recintos alfandegados, inclusive os terminais portu\u00e1rios.\u00a0O texto foi enviado \u00e0 [&hellip;]\" \/>\n<meta property=\"og:url\" content=\"https:\/\/agenciainfra.com\/blog\/economia-propoe-criar-nova-taxa-para-fiscalizar-todos-os-terminais-alfandegados\/\" \/>\n<meta property=\"og:site_name\" content=\"Ag\u00eancia iNFRA\" \/>\n<meta property=\"article:publisher\" content=\"https:\/\/www.facebook.com\/ageninfra\" \/>\n<meta property=\"article:published_time\" content=\"2022-03-24T12:00:00+00:00\" \/>\n<meta property=\"og:image\" content=\"https:\/\/agenciainfra.com\/blog\/wp-content\/uploads\/2022\/03\/tecon-suape-foto-suape.jpeg\" \/>\n\t<meta property=\"og:image:width\" content=\"1280\" \/>\n\t<meta property=\"og:image:height\" content=\"720\" \/>\n\t<meta property=\"og:image:type\" content=\"image\/jpeg\" \/>\n<meta name=\"author\" content=\"Ag\u00eancia iNFRA\" \/>\n<meta name=\"twitter:card\" content=\"summary_large_image\" \/>\n<meta name=\"twitter:creator\" content=\"@agencia_infra\" \/>\n<meta name=\"twitter:site\" content=\"@agencia_infra\" \/>\n<meta name=\"twitter:label1\" content=\"Escrito por\" \/>\n\t<meta name=\"twitter:data1\" content=\"Ag\u00eancia iNFRA\" \/>\n\t<meta name=\"twitter:label2\" content=\"Est. tempo de leitura\" \/>\n\t<meta name=\"twitter:data2\" content=\"2 minutos\" \/>\n<script type=\"application\/ld+json\" class=\"yoast-schema-graph\">{\"@context\":\"https:\/\/schema.org\",\"@graph\":[{\"@type\":\"Article\",\"@id\":\"https:\/\/agenciainfra.com\/blog\/economia-propoe-criar-nova-taxa-para-fiscalizar-todos-os-terminais-alfandegados\/#article\",\"isPartOf\":{\"@id\":\"https:\/\/agenciainfra.com\/blog\/economia-propoe-criar-nova-taxa-para-fiscalizar-todos-os-terminais-alfandegados\/\"},\"author\":{\"name\":\"Ag\u00eancia iNFRA\",\"@id\":\"https:\/\/agenciainfra.com\/blog\/#\/schema\/person\/34af08dff6adea4cb22b06612ba7acfa\"},\"headline\":\"Economia prop\u00f5e nova taxa para terminais alfandegados com incid\u00eancia tamb\u00e9m sobre remessas expressas\",\"datePublished\":\"2022-03-24T12:00:00+00:00\",\"mainEntityOfPage\":{\"@id\":\"https:\/\/agenciainfra.com\/blog\/economia-propoe-criar-nova-taxa-para-fiscalizar-todos-os-terminais-alfandegados\/\"},\"wordCount\":440,\"publisher\":{\"@id\":\"https:\/\/agenciainfra.com\/blog\/#organization\"},\"image\":{\"@id\":\"https:\/\/agenciainfra.com\/blog\/economia-propoe-criar-nova-taxa-para-fiscalizar-todos-os-terminais-alfandegados\/#primaryimage\"},\"thumbnailUrl\":\"https:\/\/agenciainfra.com\/blog\/wp-content\/uploads\/2022\/03\/tecon-suape-foto-suape.jpeg\",\"keywords\":[\"cont\u00eaineres\",\"Infraestrutura\",\"infraestrutura portu\u00e1ria\",\"OEA\",\"portos\",\"taxas portu\u00e1rias\",\"terminais portu\u00e1rios\",\"TFA\",\"transporte de cargas\",\"transportes\"],\"articleSection\":[\"Geral\",\"iNFRATransporte\"],\"inLanguage\":\"pt-BR\",\"copyrightYear\":\"2022\",\"copyrightHolder\":{\"@id\":\"https:\/\/agenciainfra.com\/blog\/#organization\"}},{\"@type\":\"WebPage\",\"@id\":\"https:\/\/agenciainfra.com\/blog\/economia-propoe-criar-nova-taxa-para-fiscalizar-todos-os-terminais-alfandegados\/\",\"url\":\"https:\/\/agenciainfra.com\/blog\/economia-propoe-criar-nova-taxa-para-fiscalizar-todos-os-terminais-alfandegados\/\",\"name\":\"Economia prop\u00f5e nova taxa para terminais alfandegados com incid\u00eancia tamb\u00e9m sobre remessas expressas - Ag\u00eancia iNFRA\",\"isPartOf\":{\"@id\":\"https:\/\/agenciainfra.com\/blog\/#website\"},\"primaryImageOfPage\":{\"@id\":\"https:\/\/agenciainfra.com\/blog\/economia-propoe-criar-nova-taxa-para-fiscalizar-todos-os-terminais-alfandegados\/#primaryimage\"},\"image\":{\"@id\":\"https:\/\/agenciainfra.com\/blog\/economia-propoe-criar-nova-taxa-para-fiscalizar-todos-os-terminais-alfandegados\/#primaryimage\"},\"thumbnailUrl\":\"https:\/\/agenciainfra.com\/blog\/wp-content\/uploads\/2022\/03\/tecon-suape-foto-suape.jpeg\",\"datePublished\":\"2022-03-24T12:00:00+00:00\",\"breadcrumb\":{\"@id\":\"https:\/\/agenciainfra.com\/blog\/economia-propoe-criar-nova-taxa-para-fiscalizar-todos-os-terminais-alfandegados\/#breadcrumb\"},\"inLanguage\":\"pt-BR\",\"potentialAction\":[{\"@type\":\"ReadAction\",\"target\":[\"https:\/\/agenciainfra.com\/blog\/economia-propoe-criar-nova-taxa-para-fiscalizar-todos-os-terminais-alfandegados\/\"]}]},{\"@type\":\"ImageObject\",\"inLanguage\":\"pt-BR\",\"@id\":\"https:\/\/agenciainfra.com\/blog\/economia-propoe-criar-nova-taxa-para-fiscalizar-todos-os-terminais-alfandegados\/#primaryimage\",\"url\":\"https:\/\/agenciainfra.com\/blog\/wp-content\/uploads\/2022\/03\/tecon-suape-foto-suape.jpeg\",\"contentUrl\":\"https:\/\/agenciainfra.com\/blog\/wp-content\/uploads\/2022\/03\/tecon-suape-foto-suape.jpeg\",\"width\":1280,\"height\":720,\"caption\":\"Foto: Porto de Suape\"},{\"@type\":\"BreadcrumbList\",\"@id\":\"https:\/\/agenciainfra.com\/blog\/economia-propoe-criar-nova-taxa-para-fiscalizar-todos-os-terminais-alfandegados\/#breadcrumb\",\"itemListElement\":[{\"@type\":\"ListItem\",\"position\":1,\"name\":\"In\u00edcio\",\"item\":\"https:\/\/agenciainfra.com\/blog\/\"},{\"@type\":\"ListItem\",\"position\":2,\"name\":\"Economia prop\u00f5e nova taxa para terminais alfandegados com incid\u00eancia tamb\u00e9m sobre remessas expressas\"}]},{\"@type\":\"WebSite\",\"@id\":\"https:\/\/agenciainfra.com\/blog\/#website\",\"url\":\"https:\/\/agenciainfra.com\/blog\/\",\"name\":\"Ag\u00eancia iNFRA\",\"description\":\"Multiplataforma de informa\u00e7\u00e3o jornal\u00edstica refer\u00eancia na \u00e1rea de infraestrutura no Brasil!\",\"publisher\":{\"@id\":\"https:\/\/agenciainfra.com\/blog\/#organization\"},\"potentialAction\":[{\"@type\":\"SearchAction\",\"target\":{\"@type\":\"EntryPoint\",\"urlTemplate\":\"https:\/\/agenciainfra.com\/blog\/?s={search_term_string}\"},\"query-input\":{\"@type\":\"PropertyValueSpecification\",\"valueRequired\":true,\"valueName\":\"search_term_string\"}}],\"inLanguage\":\"pt-BR\"},{\"@type\":\"Organization\",\"@id\":\"https:\/\/agenciainfra.com\/blog\/#organization\",\"name\":\"Ag\u00eancia iNFRA\",\"url\":\"https:\/\/agenciainfra.com\/blog\/\",\"logo\":{\"@type\":\"ImageObject\",\"inLanguage\":\"pt-BR\",\"@id\":\"https:\/\/agenciainfra.com\/blog\/#\/schema\/logo\/image\/\",\"url\":\"https:\/\/agenciainfra.com\/blog\/wp-content\/uploads\/2023\/09\/iNFRA_5-e1761735885940.png\",\"contentUrl\":\"https:\/\/agenciainfra.com\/blog\/wp-content\/uploads\/2023\/09\/iNFRA_5-e1761735885940.png\",\"width\":1672,\"height\":454,\"caption\":\"Ag\u00eancia iNFRA\"},\"image\":{\"@id\":\"https:\/\/agenciainfra.com\/blog\/#\/schema\/logo\/image\/\"},\"sameAs\":[\"https:\/\/www.facebook.com\/ageninfra\",\"https:\/\/x.com\/agencia_infra\",\"https:\/\/www.linkedin.com\/company\/ag\u00eanciainfra\/\",\"https:\/\/www.instagram.com\/agenciainfra\/\"]},{\"@type\":\"Person\",\"@id\":\"https:\/\/agenciainfra.com\/blog\/#\/schema\/person\/34af08dff6adea4cb22b06612ba7acfa\",\"name\":\"Ag\u00eancia iNFRA\",\"image\":{\"@type\":\"ImageObject\",\"inLanguage\":\"pt-BR\",\"@id\":\"https:\/\/agenciainfra.com\/blog\/#\/schema\/person\/image\/\",\"url\":\"https:\/\/secure.gravatar.com\/avatar\/d189e01678f06d8eb84d4e01f08eb848b3fffe3f8443818d3c356c66892f5be8?s=96&d=mm&r=g\",\"contentUrl\":\"https:\/\/secure.gravatar.com\/avatar\/d189e01678f06d8eb84d4e01f08eb848b3fffe3f8443818d3c356c66892f5be8?s=96&d=mm&r=g\",\"caption\":\"Ag\u00eancia iNFRA\"},\"url\":\"https:\/\/agenciainfra.com\/blog\/author\/admin\/\"}]}<\/script>\n<!-- \/ Yoast SEO Premium plugin. -->","yoast_head_json":{"title":"Economia prop\u00f5e nova taxa para terminais alfandegados com incid\u00eancia tamb\u00e9m sobre remessas expressas - Ag\u00eancia iNFRA","robots":{"index":"index","follow":"follow","max-snippet":"max-snippet:-1","max-image-preview":"max-image-preview:large","max-video-preview":"max-video-preview:-1"},"canonical":"https:\/\/agenciainfra.com\/blog\/economia-propoe-criar-nova-taxa-para-fiscalizar-todos-os-terminais-alfandegados\/","og_locale":"pt_BR","og_type":"article","og_title":"Economia prop\u00f5e nova taxa para terminais alfandegados com incid\u00eancia tamb\u00e9m sobre remessas expressas","og_description":"da&nbsp;Ag\u00eancia iNFRA A medida provis\u00f3ria proposta pelo Minist\u00e9rio da Economia, com o objetivo de criar um novo regime para os portos secos (chamados agora de A2 \u2013 Armaz\u00e9m Alfandegado de Zona Secund\u00e1ria), estabelece a cria\u00e7\u00e3o de uma nova taxa que vai incidir sobre todos os recintos alfandegados, inclusive os terminais portu\u00e1rios.\u00a0O texto foi enviado \u00e0 [&hellip;]","og_url":"https:\/\/agenciainfra.com\/blog\/economia-propoe-criar-nova-taxa-para-fiscalizar-todos-os-terminais-alfandegados\/","og_site_name":"Ag\u00eancia iNFRA","article_publisher":"https:\/\/www.facebook.com\/ageninfra","article_published_time":"2022-03-24T12:00:00+00:00","og_image":[{"width":1280,"height":720,"url":"https:\/\/agenciainfra.com\/blog\/wp-content\/uploads\/2022\/03\/tecon-suape-foto-suape.jpeg","type":"image\/jpeg"}],"author":"Ag\u00eancia iNFRA","twitter_card":"summary_large_image","twitter_creator":"@agencia_infra","twitter_site":"@agencia_infra","twitter_misc":{"Escrito por":"Ag\u00eancia iNFRA","Est. tempo de leitura":"2 minutos"},"schema":{"@context":"https:\/\/schema.org","@graph":[{"@type":"Article","@id":"https:\/\/agenciainfra.com\/blog\/economia-propoe-criar-nova-taxa-para-fiscalizar-todos-os-terminais-alfandegados\/#article","isPartOf":{"@id":"https:\/\/agenciainfra.com\/blog\/economia-propoe-criar-nova-taxa-para-fiscalizar-todos-os-terminais-alfandegados\/"},"author":{"name":"Ag\u00eancia iNFRA","@id":"https:\/\/agenciainfra.com\/blog\/#\/schema\/person\/34af08dff6adea4cb22b06612ba7acfa"},"headline":"Economia prop\u00f5e nova taxa para terminais alfandegados com incid\u00eancia tamb\u00e9m sobre remessas expressas","datePublished":"2022-03-24T12:00:00+00:00","mainEntityOfPage":{"@id":"https:\/\/agenciainfra.com\/blog\/economia-propoe-criar-nova-taxa-para-fiscalizar-todos-os-terminais-alfandegados\/"},"wordCount":440,"publisher":{"@id":"https:\/\/agenciainfra.com\/blog\/#organization"},"image":{"@id":"https:\/\/agenciainfra.com\/blog\/economia-propoe-criar-nova-taxa-para-fiscalizar-todos-os-terminais-alfandegados\/#primaryimage"},"thumbnailUrl":"https:\/\/agenciainfra.com\/blog\/wp-content\/uploads\/2022\/03\/tecon-suape-foto-suape.jpeg","keywords":["cont\u00eaineres","Infraestrutura","infraestrutura portu\u00e1ria","OEA","portos","taxas portu\u00e1rias","terminais portu\u00e1rios","TFA","transporte de cargas","transportes"],"articleSection":["Geral","iNFRATransporte"],"inLanguage":"pt-BR","copyrightYear":"2022","copyrightHolder":{"@id":"https:\/\/agenciainfra.com\/blog\/#organization"}},{"@type":"WebPage","@id":"https:\/\/agenciainfra.com\/blog\/economia-propoe-criar-nova-taxa-para-fiscalizar-todos-os-terminais-alfandegados\/","url":"https:\/\/agenciainfra.com\/blog\/economia-propoe-criar-nova-taxa-para-fiscalizar-todos-os-terminais-alfandegados\/","name":"Economia prop\u00f5e nova taxa para terminais alfandegados com incid\u00eancia tamb\u00e9m sobre remessas expressas - Ag\u00eancia iNFRA","isPartOf":{"@id":"https:\/\/agenciainfra.com\/blog\/#website"},"primaryImageOfPage":{"@id":"https:\/\/agenciainfra.com\/blog\/economia-propoe-criar-nova-taxa-para-fiscalizar-todos-os-terminais-alfandegados\/#primaryimage"},"image":{"@id":"https:\/\/agenciainfra.com\/blog\/economia-propoe-criar-nova-taxa-para-fiscalizar-todos-os-terminais-alfandegados\/#primaryimage"},"thumbnailUrl":"https:\/\/agenciainfra.com\/blog\/wp-content\/uploads\/2022\/03\/tecon-suape-foto-suape.jpeg","datePublished":"2022-03-24T12:00:00+00:00","breadcrumb":{"@id":"https:\/\/agenciainfra.com\/blog\/economia-propoe-criar-nova-taxa-para-fiscalizar-todos-os-terminais-alfandegados\/#breadcrumb"},"inLanguage":"pt-BR","potentialAction":[{"@type":"ReadAction","target":["https:\/\/agenciainfra.com\/blog\/economia-propoe-criar-nova-taxa-para-fiscalizar-todos-os-terminais-alfandegados\/"]}]},{"@type":"ImageObject","inLanguage":"pt-BR","@id":"https:\/\/agenciainfra.com\/blog\/economia-propoe-criar-nova-taxa-para-fiscalizar-todos-os-terminais-alfandegados\/#primaryimage","url":"https:\/\/agenciainfra.com\/blog\/wp-content\/uploads\/2022\/03\/tecon-suape-foto-suape.jpeg","contentUrl":"https:\/\/agenciainfra.com\/blog\/wp-content\/uploads\/2022\/03\/tecon-suape-foto-suape.jpeg","width":1280,"height":720,"caption":"Foto: Porto de Suape"},{"@type":"BreadcrumbList","@id":"https:\/\/agenciainfra.com\/blog\/economia-propoe-criar-nova-taxa-para-fiscalizar-todos-os-terminais-alfandegados\/#breadcrumb","itemListElement":[{"@type":"ListItem","position":1,"name":"In\u00edcio","item":"https:\/\/agenciainfra.com\/blog\/"},{"@type":"ListItem","position":2,"name":"Economia prop\u00f5e nova taxa para terminais alfandegados com incid\u00eancia tamb\u00e9m sobre remessas expressas"}]},{"@type":"WebSite","@id":"https:\/\/agenciainfra.com\/blog\/#website","url":"https:\/\/agenciainfra.com\/blog\/","name":"Ag\u00eancia iNFRA","description":"Multiplataforma de informa\u00e7\u00e3o jornal\u00edstica refer\u00eancia na \u00e1rea de infraestrutura no Brasil!","publisher":{"@id":"https:\/\/agenciainfra.com\/blog\/#organization"},"potentialAction":[{"@type":"SearchAction","target":{"@type":"EntryPoint","urlTemplate":"https:\/\/agenciainfra.com\/blog\/?s={search_term_string}"},"query-input":{"@type":"PropertyValueSpecification","valueRequired":true,"valueName":"search_term_string"}}],"inLanguage":"pt-BR"},{"@type":"Organization","@id":"https:\/\/agenciainfra.com\/blog\/#organization","name":"Ag\u00eancia iNFRA","url":"https:\/\/agenciainfra.com\/blog\/","logo":{"@type":"ImageObject","inLanguage":"pt-BR","@id":"https:\/\/agenciainfra.com\/blog\/#\/schema\/logo\/image\/","url":"https:\/\/agenciainfra.com\/blog\/wp-content\/uploads\/2023\/09\/iNFRA_5-e1761735885940.png","contentUrl":"https:\/\/agenciainfra.com\/blog\/wp-content\/uploads\/2023\/09\/iNFRA_5-e1761735885940.png","width":1672,"height":454,"caption":"Ag\u00eancia iNFRA"},"image":{"@id":"https:\/\/agenciainfra.com\/blog\/#\/schema\/logo\/image\/"},"sameAs":["https:\/\/www.facebook.com\/ageninfra","https:\/\/x.com\/agencia_infra","https:\/\/www.linkedin.com\/company\/ag\u00eanciainfra\/","https:\/\/www.instagram.com\/agenciainfra\/"]},{"@type":"Person","@id":"https:\/\/agenciainfra.com\/blog\/#\/schema\/person\/34af08dff6adea4cb22b06612ba7acfa","name":"Ag\u00eancia iNFRA","image":{"@type":"ImageObject","inLanguage":"pt-BR","@id":"https:\/\/agenciainfra.com\/blog\/#\/schema\/person\/image\/","url":"https:\/\/secure.gravatar.com\/avatar\/d189e01678f06d8eb84d4e01f08eb848b3fffe3f8443818d3c356c66892f5be8?s=96&d=mm&r=g","contentUrl":"https:\/\/secure.gravatar.com\/avatar\/d189e01678f06d8eb84d4e01f08eb848b3fffe3f8443818d3c356c66892f5be8?s=96&d=mm&r=g","caption":"Ag\u00eancia iNFRA"},"url":"https:\/\/agenciainfra.com\/blog\/author\/admin\/"}]}},"_links":{"self":[{"href":"https:\/\/agenciainfra.com\/blog\/wp-json\/wp\/v2\/posts\/9857","targetHints":{"allow":["GET"]}}],"collection":[{"href":"https:\/\/agenciainfra.com\/blog\/wp-json\/wp\/v2\/posts"}],"about":[{"href":"https:\/\/agenciainfra.com\/blog\/wp-json\/wp\/v2\/types\/post"}],"author":[{"embeddable":true,"href":"https:\/\/agenciainfra.com\/blog\/wp-json\/wp\/v2\/users\/1"}],"replies":[{"embeddable":true,"href":"https:\/\/agenciainfra.com\/blog\/wp-json\/wp\/v2\/comments?post=9857"}],"version-history":[{"count":0,"href":"https:\/\/agenciainfra.com\/blog\/wp-json\/wp\/v2\/posts\/9857\/revisions"}],"wp:featuredmedia":[{"embeddable":true,"href":"https:\/\/agenciainfra.com\/blog\/wp-json\/wp\/v2\/media\/9858"}],"wp:attachment":[{"href":"https:\/\/agenciainfra.com\/blog\/wp-json\/wp\/v2\/media?parent=9857"}],"wp:term":[{"taxonomy":"category","embeddable":true,"href":"https:\/\/agenciainfra.com\/blog\/wp-json\/wp\/v2\/categories?post=9857"},{"taxonomy":"post_tag","embeddable":true,"href":"https:\/\/agenciainfra.com\/blog\/wp-json\/wp\/v2\/tags?post=9857"}],"curies":[{"name":"wp","href":"https:\/\/api.w.org\/{rel}","templated":true}]}}