{"id":9866,"date":"2022-03-26T08:00:00","date_gmt":"2022-03-26T11:00:00","guid":{"rendered":"https:\/\/www.agenciainfra.com\/blog\/?p=9866"},"modified":"2022-03-25T10:50:45","modified_gmt":"2022-03-25T13:50:45","slug":"disparada-de-precos-de-insumos-leva-a-nova-rodada-de-pedidos-de-reequilibrio-no-setor-de-transportes","status":"publish","type":"post","link":"https:\/\/agenciainfra.com\/blog\/disparada-de-precos-de-insumos-leva-a-nova-rodada-de-pedidos-de-reequilibrio-no-setor-de-transportes\/","title":{"rendered":"Disparada de pre\u00e7os de insumos leva a nova rodada de pedidos de reequil\u00edbrio no setor de transportes"},"content":{"rendered":"\n<p class=\"has-text-align-right\"><strong>Dimmi Amora, da Ag\u00eancia iNFRA<\/strong><\/p>\n\n\n\n<p>Empresas que atuam no setor de infraestrutura na \u00e1rea de&nbsp;transportes est\u00e3o em estudos avan\u00e7ados para iniciar uma nova rodada de pedidos de reequil\u00edbrio de seus contratos com \u00f3rg\u00e3os p\u00fablicos em decorr\u00eancia da Covid-19.<\/p>\n\n\n\n<p>O motivo dos pedidos ser\u00e1 a disparada de pre\u00e7os de insumos considerados essenciais para a realiza\u00e7\u00e3o de investimentos ou at\u00e9 mesmo, em alguns casos, para a opera\u00e7\u00e3o de servi\u00e7os p\u00fablicos. A nova rodada deve afetar as concess\u00f5es em todos os setores e tamb\u00e9m&nbsp;empresas que t\u00eam contratos diretos com a administra\u00e7\u00e3o para obras.<\/p>\n\n\n\n<p>O descolamento entre os pre\u00e7os de insumos essenciais e os \u00edndices inflacion\u00e1rios que corrigem os contratos, especialmente o IPCA, foi demonstrado em estudo realizado pela consultoria Tend\u00eancias, feito a pedido da ABCR (Associa\u00e7\u00e3o Brasileira de Concession\u00e1rias de Rodovias).<\/p>\n\n\n\n<p>Esse fator amea\u00e7a, na vis\u00e3o dos agentes do setor privado ouvidos pela&nbsp;<strong>Ag\u00eancia iNFRA<\/strong>, os contratos que j\u00e1 foram firmados, especialmente os que est\u00e3o em fase de obras no momento ou pr\u00f3ximas. E, tamb\u00e9m, as concorr\u00eancias planejadas na carteira de projetos de todos os entes governamentais.<\/p>\n\n\n\n<p><strong>Avalia\u00e7\u00e3o de previsibilidade<\/strong><br>Em entrevista \u00e0&nbsp;<strong>Ag\u00eancia iNFRA<\/strong>, o diretor-presidente da ABCR, Marco Aur\u00e9lio Barcelos, afirmou que o estudo foi contratado para que a Tend\u00eancias pudesse avaliar se os aumentos de insumos provocados pelo per\u00edodo de pandemia de fato ocorreram e se fugiram \u00e0 normalidade. Mais ainda, se poderiam ser previstos por quem participou de leil\u00f5es nos \u00faltimos anos.<\/p>\n\n\n\n<p>Com programas de computador especializados, foram rodados cen\u00e1rios diversos, baseados em 16 vari\u00e1veis setoriais de pre\u00e7os, algumas com dados internacionais. O objetivo era comparar o comportamento real dos pre\u00e7os de diversos insumos importantes \u2013 como a\u00e7o, cimento, asfalto, combust\u00edveis e outros \u2013 com previs\u00f5es que pudessem ser tiradas para avalia\u00e7\u00f5es de cen\u00e1rios futuros a partir das vari\u00e1veis.<\/p>\n\n\n\n<p>Essas vari\u00e1veis consideram dados em diferentes anos, como 2015, 2017 e 2019, sempre per\u00edodos em que houve uma crise. O que ocorreu como resultado foi que, para todos os insumos, os cen\u00e1rios criados pelo programa est\u00e3o com pre\u00e7os sempre muito abaixo do comportamento real, o que para Barcelos comprova que o descolamento entre os \u00edndices de pre\u00e7os que reajustam contratos e os pre\u00e7os reais dos insumos era &#8220;imprevis\u00edvel&#8221;.&nbsp;<\/p>\n\n\n\n<p>E o descolamento da curva foi especialmente notado em 2019, mesmo&nbsp;com dados das 16 vari\u00e1veis setoriais atualizados at\u00e9 aquele ano. Ou seja, mesmo se tivessem sido rodados os melhores programas de previs\u00e3o, com dados at\u00e9 2019, eles errariam os pre\u00e7os notados ap\u00f3s a Covid-19 em muito, na avalia\u00e7\u00e3o do estudo.<\/p>\n\n\n\n<p>&#8220;N\u00e3o havia como prever, por melhor que fosse o modelo [usado por quem venceu os leil\u00f5es]. A melhor capacidade para precificar existente erraria&#8221;, afirmou Barcelos.&nbsp;<\/p>\n\n\n\n<p><strong>For\u00e7a maior<\/strong><br>A classifica\u00e7\u00e3o do descolamento dos pre\u00e7os dos insumos em rela\u00e7\u00e3o aos \u00edndices de reajustes oficiais como algo imprevis\u00edvel e de for\u00e7a maior \u00e9 parte da solu\u00e7\u00e3o que a ABCR e outras associa\u00e7\u00f5es que trabalham no tema querem encaminhar para resolver o problema apontado.<\/p>\n\n\n\n<figure class=\"wp-block-image\"><img decoding=\"async\" src=\"https:\/\/ci5.googleusercontent.com\/proxy\/bBVMOLXdV8NeiJwLC1e9rrH2EA81wZR2xfCUvPbiSVhhTEM8dC-oYT8Nx8ypum0pWMlmWsQHELAgMl6MSxQhsiVS7F40r08bJBtsyAmULNTZDnFXrcMqSH2nm0hKCO47aDIhelZP58zMzHSjUxE2wLD2NYHvlXk=s0-d-e1-ft#https:\/\/mcusercontent.com\/d460dd1bcf9ba0ae040e1fc0f\/images\/46cc52c7-cb36-40e6-4347-7d3741b7880a.jpeg\" alt=\"\"\/><\/figure>\n\n\n\n<p>Isso porque o Minist\u00e9rio da Infraestrutura j\u00e1 deu parecer jur\u00eddico, ainda em 2020, para caracterizar a Covid-19 como um evento extraordin\u00e1rio e de for\u00e7a maior e, com isso, permitir reequil\u00edbrios de contrato em rela\u00e7\u00e3o \u00e0 perda de demanda, o que est\u00e1 em andamento no setor de aeroportos e de rodovias.<\/p>\n\n\n\n<p>Como no caso da demanda, o risco de aumento de insumos \u00e9 assumido pelos proponentes de concess\u00f5es ou obras p\u00fablicas, em praticamente todos os contratos. Barcelos defende que, o que ocorreu ap\u00f3s a Covid-19 &#8220;\u00e9 incerteza, n\u00e3o \u00e9 risco. Risco \u00e9 algo que voc\u00ea pode administrar&#8221;.<\/p>\n\n\n\n<p><strong>Apresenta\u00e7\u00e3o na ANTT<\/strong><br>O presidente da ABCR disse que iniciou um processo de apresenta\u00e7\u00e3o para os \u00f3rg\u00e3os de governo na semana passada, inclusive na ANTT (Ag\u00eancia Nacional de Transportes Terrestres), para que seja poss\u00edvel fazer, como foi no caso dos reequil\u00edbrios por demanda, um processo &#8220;transparente e aberto&#8221; de consulta \u00e0 sociedade. As conversas v\u00e3o se estender para as concess\u00f5es estaduais.<\/p>\n\n\n\n<p>A tentativa tamb\u00e9m ser\u00e1, por parte da associa\u00e7\u00e3o, de evitar impactos diretos aos usu\u00e1rios de rodovias no pagamento das tarifas de ped\u00e1gio, buscando outras formas de reequil\u00edbrio dos contratos como reprograma\u00e7\u00e3o de obras ou amplia\u00e7\u00e3o de prazos de contrato.<\/p>\n\n\n\n<p>De acordo com Barcelos, a situa\u00e7\u00e3o atual das empresas \u00e9 de deteriora\u00e7\u00e3o de seus caixas para sustentar os investimentos diante&nbsp;dos aumentos de custos, o que pode levar a um passivo de &#8220;consequ\u00eancias desastrosas&#8221; para o futuro.<\/p>\n\n\n\n<p>&#8220;Precisamos atacar o mal pela raiz, dando tratamento c\u00e9lere ao problema, como foi com a primeira pernada dos reequil\u00edbrios da Covid-19&#8221;, disse o presidente.<\/p>\n\n\n\n<p><strong>Trabalhar no tema<\/strong><br>Davi Barreto, um dos diretores da ANTT que esteve na reuni\u00e3o com a ABCR, afirmou \u00e0&nbsp;<strong>Ag\u00eancia iNFRA<\/strong>&nbsp;que o trabalho apresentado foi bem recebido e que h\u00e1 um esp\u00edrito para se trabalhar no tema dentro da ag\u00eancia.&nbsp;<\/p>\n\n\n\n<p>Ele reconheceu que, de fato, h\u00e1 um descolamento entre as corre\u00e7\u00f5es de valores dos contratos pelos \u00edndices inflacion\u00e1rios e os aumentos reais. Mas, segundo ele, a revis\u00e3o de par\u00e2metros de concess\u00f5es \u00e9 um processo complexo, que vai precisar de avalia\u00e7\u00f5es por parte da ag\u00eancia e do poder concedente, lembrando ainda que passam por \u00f3rg\u00e3os de controle.<\/p>\n\n\n\n<p>O descolamento de pre\u00e7os que mais afeta o setor rodovi\u00e1rio \u00e9 o das ligas asf\u00e1lticas. O comportamento das curvas de pre\u00e7os reais com as esperadas chega a mostrar alguns pre\u00e7os com valores 50% superiores ao esperado pelas previs\u00f5es criadas no estudo.<\/p>\n\n\n\n<p>Nas primeiras conversas com a ANTT, a tentativa foi a de fazer com que o pre\u00e7o desse insumo, que \u00e9 proporcionalmente alto dentro de uma obra rodovi\u00e1ria, fosse tratado separadamente nos contratos, dentro de uma banda de flutua\u00e7\u00e3o que geraria gatilhos de corre\u00e7\u00e3o, para mais e para menos.<\/p>\n\n\n\n<p>Barreto disse&nbsp;que fazer a desvincula\u00e7\u00e3o de um insumo espec\u00edfico precisa de uma avalia\u00e7\u00e3o rigorosa, porque pode afetar o equil\u00edbrio de outros itens do contrato, e que a ag\u00eancia j\u00e1 est\u00e1 trabalhando em alguns mecanismos para melhorar a atualiza\u00e7\u00e3o dos pre\u00e7os dos contratos.<\/p>\n\n\n\n<p><strong>Reajustes no DNIT<\/strong><br>A ideia de fazer um reajuste espec\u00edfico para itens \u00e9 parcialmente usada pelo DNIT (Departamento Nacional de Infraestrutura de Transportes) em seus contratos para obras rodovi\u00e1rias, cujos pre\u00e7os de parte dos insumos n\u00e3o \u00e9 corrigido apenas pelo IPCA. Mas, mesmo l\u00e1, os problemas est\u00e3o ocorrendo e as empresas j\u00e1 est\u00e3o em&nbsp;dificuldades.<\/p>\n\n\n\n<p>\u00c9 o que afirmou o presidente da Aneor (Associa\u00e7\u00e3o Nacional das Empresas de Obras Rodovi\u00e1rias), Danniel Zveiter, que re\u00fane a maior parte das companhias que prestam servi\u00e7os ao \u00f3rg\u00e3o. Segundo ele, ser\u00e1 necess\u00e1rio criar uma frequ\u00eancia maior que a atual (anual) para os reajustes.<\/p>\n\n\n\n<figure class=\"wp-block-image\"><img decoding=\"async\" src=\"https:\/\/ci3.googleusercontent.com\/proxy\/Nk0gUufL4OhPjMUc3gaOdI5xq1PrHr5Ta-kYMN9VE7pariCrAXSRworYZcdg1gYAjYhRnhipoQJ4QoMqUB2DqmoZ4YsZAxBUSuCkzsUwzqUmlSuArrcZJmuGfAnQ3OjQ4Yju3aaPSLhptIethd1SRvQjH7Vn9PE=s0-d-e1-ft#https:\/\/mcusercontent.com\/d460dd1bcf9ba0ae040e1fc0f\/images\/3dd27ddf-b49b-c1df-990e-86fa7dd17bbd.jpeg\" alt=\"\"\/><figcaption>A defasagem entre o aumento dos custos dos insumos e o reajuste dos contratos pode levar, segundo ele, as empresas a ficarem sem condi\u00e7\u00f5es financeiras de tocar contratos e, mais ainda, desistir de concorr\u00eancias do setor.<br><br>&#8220;J\u00e1 temos visto alguns leil\u00f5es desertos [sem concorrentes], o que era muito incomum at\u00e9 alguns meses atr\u00e1s&#8221;, disse Zveiter. Procurado, o DNIT n\u00e3o respondeu.<\/figcaption><\/figure>\n","protected":false},"excerpt":{"rendered":"<p>Dimmi Amora, da Ag\u00eancia iNFRA Empresas que atuam no setor de infraestrutura na \u00e1rea de&nbsp;transportes est\u00e3o em estudos avan\u00e7ados para iniciar uma nova rodada de pedidos de reequil\u00edbrio de seus contratos com \u00f3rg\u00e3os p\u00fablicos em decorr\u00eancia da Covid-19. O motivo dos pedidos ser\u00e1 a disparada de pre\u00e7os de insumos considerados essenciais para a realiza\u00e7\u00e3o de [&hellip;]<\/p>\n","protected":false},"author":1,"featured_media":4870,"comment_status":"closed","ping_status":"closed","sticky":false,"template":"","format":"standard","meta":{"_monsterinsights_skip_tracking":false,"_monsterinsights_sitenote_active":false,"_monsterinsights_sitenote_note":"","_monsterinsights_sitenote_category":0,"footnotes":""},"categories":[1,7],"tags":[613,19,1182,78,34,838,1986,126,902,70],"class_list":["post-9866","post","type-post","status-publish","format-standard","has-post-thumbnail","hentry","category-geral","category-infratransporte","tag-abcr","tag-antt","tag-cimento-asfaltico-de-petroleo","tag-concessoes","tag-infraestrutura","tag-infraestrutura-rodoviaria","tag-marco-aurelio-barcelos","tag-rodovias","tag-transporte-rodoviario","tag-transportes"],"yoast_head":"<!-- This site is optimized with the Yoast SEO Premium plugin v25.4 (Yoast SEO v26.0) - https:\/\/yoast.com\/wordpress\/plugins\/seo\/ -->\n<title>Disparada de pre\u00e7os de insumos leva a nova rodada de pedidos de reequil\u00edbrio no setor de transportes - Ag\u00eancia iNFRA<\/title>\n<meta name=\"robots\" content=\"index, follow, max-snippet:-1, max-image-preview:large, max-video-preview:-1\" \/>\n<link rel=\"canonical\" href=\"https:\/\/agenciainfra.com\/blog\/disparada-de-precos-de-insumos-leva-a-nova-rodada-de-pedidos-de-reequilibrio-no-setor-de-transportes\/\" \/>\n<meta property=\"og:locale\" content=\"pt_BR\" \/>\n<meta property=\"og:type\" content=\"article\" \/>\n<meta property=\"og:title\" content=\"Disparada de pre\u00e7os de insumos leva a nova rodada de pedidos de reequil\u00edbrio no setor de transportes\" \/>\n<meta property=\"og:description\" content=\"Dimmi Amora, da Ag\u00eancia iNFRA Empresas que atuam no setor de infraestrutura na \u00e1rea de&nbsp;transportes est\u00e3o em estudos avan\u00e7ados para iniciar uma nova rodada de pedidos de reequil\u00edbrio de seus contratos com \u00f3rg\u00e3os p\u00fablicos em decorr\u00eancia da Covid-19. O motivo dos pedidos ser\u00e1 a disparada de pre\u00e7os de insumos considerados essenciais para a realiza\u00e7\u00e3o de [&hellip;]\" \/>\n<meta property=\"og:url\" content=\"https:\/\/agenciainfra.com\/blog\/disparada-de-precos-de-insumos-leva-a-nova-rodada-de-pedidos-de-reequilibrio-no-setor-de-transportes\/\" \/>\n<meta property=\"og:site_name\" content=\"Ag\u00eancia iNFRA\" \/>\n<meta property=\"article:publisher\" content=\"https:\/\/www.facebook.com\/ageninfra\" \/>\n<meta property=\"article:published_time\" content=\"2022-03-26T11:00:00+00:00\" \/>\n<meta property=\"og:image\" content=\"https:\/\/agenciainfra.com\/blog\/wp-content\/uploads\/2020\/05\/marco-aurelio-barcelos-foto-bernardo-dias-CMBH-e1709648538279.jpg\" \/>\n\t<meta property=\"og:image:width\" content=\"1202\" \/>\n\t<meta property=\"og:image:height\" content=\"802\" \/>\n\t<meta property=\"og:image:type\" content=\"image\/jpeg\" \/>\n<meta name=\"author\" content=\"Ag\u00eancia iNFRA\" \/>\n<meta name=\"twitter:card\" content=\"summary_large_image\" \/>\n<meta name=\"twitter:creator\" content=\"@agencia_infra\" \/>\n<meta name=\"twitter:site\" content=\"@agencia_infra\" \/>\n<meta name=\"twitter:label1\" content=\"Escrito por\" \/>\n\t<meta name=\"twitter:data1\" content=\"Ag\u00eancia iNFRA\" \/>\n\t<meta name=\"twitter:label2\" content=\"Est. tempo de leitura\" \/>\n\t<meta name=\"twitter:data2\" content=\"6 minutos\" \/>\n<script type=\"application\/ld+json\" class=\"yoast-schema-graph\">{\"@context\":\"https:\/\/schema.org\",\"@graph\":[{\"@type\":\"Article\",\"@id\":\"https:\/\/agenciainfra.com\/blog\/disparada-de-precos-de-insumos-leva-a-nova-rodada-de-pedidos-de-reequilibrio-no-setor-de-transportes\/#article\",\"isPartOf\":{\"@id\":\"https:\/\/agenciainfra.com\/blog\/disparada-de-precos-de-insumos-leva-a-nova-rodada-de-pedidos-de-reequilibrio-no-setor-de-transportes\/\"},\"author\":{\"name\":\"Ag\u00eancia iNFRA\",\"@id\":\"https:\/\/agenciainfra.com\/blog\/#\/schema\/person\/34af08dff6adea4cb22b06612ba7acfa\"},\"headline\":\"Disparada de pre\u00e7os de insumos leva a nova rodada de pedidos de reequil\u00edbrio no setor de transportes\",\"datePublished\":\"2022-03-26T11:00:00+00:00\",\"mainEntityOfPage\":{\"@id\":\"https:\/\/agenciainfra.com\/blog\/disparada-de-precos-de-insumos-leva-a-nova-rodada-de-pedidos-de-reequilibrio-no-setor-de-transportes\/\"},\"wordCount\":1274,\"publisher\":{\"@id\":\"https:\/\/agenciainfra.com\/blog\/#organization\"},\"image\":{\"@id\":\"https:\/\/agenciainfra.com\/blog\/disparada-de-precos-de-insumos-leva-a-nova-rodada-de-pedidos-de-reequilibrio-no-setor-de-transportes\/#primaryimage\"},\"thumbnailUrl\":\"https:\/\/agenciainfra.com\/blog\/wp-content\/uploads\/2020\/05\/marco-aurelio-barcelos-foto-bernardo-dias-CMBH-e1709648538279.jpg\",\"keywords\":[\"abcr\",\"ANTT\",\"Cimento Asf\u00e1ltico de Petr\u00f3leo\",\"concess\u00f5es\",\"Infraestrutura\",\"infraestrutura rodovi\u00e1ria\",\"Marco Aur\u00e9lio Barcelos\",\"rodovias\",\"transporte rodovi\u00e1rio\",\"transportes\"],\"articleSection\":[\"Geral\",\"iNFRATransporte\"],\"inLanguage\":\"pt-BR\",\"copyrightYear\":\"2022\",\"copyrightHolder\":{\"@id\":\"https:\/\/agenciainfra.com\/blog\/#organization\"}},{\"@type\":\"WebPage\",\"@id\":\"https:\/\/agenciainfra.com\/blog\/disparada-de-precos-de-insumos-leva-a-nova-rodada-de-pedidos-de-reequilibrio-no-setor-de-transportes\/\",\"url\":\"https:\/\/agenciainfra.com\/blog\/disparada-de-precos-de-insumos-leva-a-nova-rodada-de-pedidos-de-reequilibrio-no-setor-de-transportes\/\",\"name\":\"Disparada de pre\u00e7os de insumos leva a nova rodada de pedidos de reequil\u00edbrio no setor de transportes - Ag\u00eancia iNFRA\",\"isPartOf\":{\"@id\":\"https:\/\/agenciainfra.com\/blog\/#website\"},\"primaryImageOfPage\":{\"@id\":\"https:\/\/agenciainfra.com\/blog\/disparada-de-precos-de-insumos-leva-a-nova-rodada-de-pedidos-de-reequilibrio-no-setor-de-transportes\/#primaryimage\"},\"image\":{\"@id\":\"https:\/\/agenciainfra.com\/blog\/disparada-de-precos-de-insumos-leva-a-nova-rodada-de-pedidos-de-reequilibrio-no-setor-de-transportes\/#primaryimage\"},\"thumbnailUrl\":\"https:\/\/agenciainfra.com\/blog\/wp-content\/uploads\/2020\/05\/marco-aurelio-barcelos-foto-bernardo-dias-CMBH-e1709648538279.jpg\",\"datePublished\":\"2022-03-26T11:00:00+00:00\",\"breadcrumb\":{\"@id\":\"https:\/\/agenciainfra.com\/blog\/disparada-de-precos-de-insumos-leva-a-nova-rodada-de-pedidos-de-reequilibrio-no-setor-de-transportes\/#breadcrumb\"},\"inLanguage\":\"pt-BR\",\"potentialAction\":[{\"@type\":\"ReadAction\",\"target\":[\"https:\/\/agenciainfra.com\/blog\/disparada-de-precos-de-insumos-leva-a-nova-rodada-de-pedidos-de-reequilibrio-no-setor-de-transportes\/\"]}]},{\"@type\":\"ImageObject\",\"inLanguage\":\"pt-BR\",\"@id\":\"https:\/\/agenciainfra.com\/blog\/disparada-de-precos-de-insumos-leva-a-nova-rodada-de-pedidos-de-reequilibrio-no-setor-de-transportes\/#primaryimage\",\"url\":\"https:\/\/agenciainfra.com\/blog\/wp-content\/uploads\/2020\/05\/marco-aurelio-barcelos-foto-bernardo-dias-CMBH-e1709648538279.jpg\",\"contentUrl\":\"https:\/\/agenciainfra.com\/blog\/wp-content\/uploads\/2020\/05\/marco-aurelio-barcelos-foto-bernardo-dias-CMBH-e1709648538279.jpg\",\"width\":1202,\"height\":802},{\"@type\":\"BreadcrumbList\",\"@id\":\"https:\/\/agenciainfra.com\/blog\/disparada-de-precos-de-insumos-leva-a-nova-rodada-de-pedidos-de-reequilibrio-no-setor-de-transportes\/#breadcrumb\",\"itemListElement\":[{\"@type\":\"ListItem\",\"position\":1,\"name\":\"In\u00edcio\",\"item\":\"https:\/\/agenciainfra.com\/blog\/\"},{\"@type\":\"ListItem\",\"position\":2,\"name\":\"Disparada de pre\u00e7os de insumos leva a nova rodada de pedidos de reequil\u00edbrio no setor de transportes\"}]},{\"@type\":\"WebSite\",\"@id\":\"https:\/\/agenciainfra.com\/blog\/#website\",\"url\":\"https:\/\/agenciainfra.com\/blog\/\",\"name\":\"Ag\u00eancia iNFRA\",\"description\":\"Multiplataforma de informa\u00e7\u00e3o jornal\u00edstica refer\u00eancia na \u00e1rea de infraestrutura no Brasil!\",\"publisher\":{\"@id\":\"https:\/\/agenciainfra.com\/blog\/#organization\"},\"potentialAction\":[{\"@type\":\"SearchAction\",\"target\":{\"@type\":\"EntryPoint\",\"urlTemplate\":\"https:\/\/agenciainfra.com\/blog\/?s={search_term_string}\"},\"query-input\":{\"@type\":\"PropertyValueSpecification\",\"valueRequired\":true,\"valueName\":\"search_term_string\"}}],\"inLanguage\":\"pt-BR\"},{\"@type\":\"Organization\",\"@id\":\"https:\/\/agenciainfra.com\/blog\/#organization\",\"name\":\"Ag\u00eancia iNFRA\",\"url\":\"https:\/\/agenciainfra.com\/blog\/\",\"logo\":{\"@type\":\"ImageObject\",\"inLanguage\":\"pt-BR\",\"@id\":\"https:\/\/agenciainfra.com\/blog\/#\/schema\/logo\/image\/\",\"url\":\"https:\/\/agenciainfra.com\/blog\/wp-content\/uploads\/2023\/09\/iNFRA_5-e1761735885940.png\",\"contentUrl\":\"https:\/\/agenciainfra.com\/blog\/wp-content\/uploads\/2023\/09\/iNFRA_5-e1761735885940.png\",\"width\":1672,\"height\":454,\"caption\":\"Ag\u00eancia iNFRA\"},\"image\":{\"@id\":\"https:\/\/agenciainfra.com\/blog\/#\/schema\/logo\/image\/\"},\"sameAs\":[\"https:\/\/www.facebook.com\/ageninfra\",\"https:\/\/x.com\/agencia_infra\",\"https:\/\/www.linkedin.com\/company\/ag\u00eanciainfra\/\",\"https:\/\/www.instagram.com\/agenciainfra\/\"]},{\"@type\":\"Person\",\"@id\":\"https:\/\/agenciainfra.com\/blog\/#\/schema\/person\/34af08dff6adea4cb22b06612ba7acfa\",\"name\":\"Ag\u00eancia iNFRA\",\"image\":{\"@type\":\"ImageObject\",\"inLanguage\":\"pt-BR\",\"@id\":\"https:\/\/agenciainfra.com\/blog\/#\/schema\/person\/image\/\",\"url\":\"https:\/\/secure.gravatar.com\/avatar\/d189e01678f06d8eb84d4e01f08eb848b3fffe3f8443818d3c356c66892f5be8?s=96&d=mm&r=g\",\"contentUrl\":\"https:\/\/secure.gravatar.com\/avatar\/d189e01678f06d8eb84d4e01f08eb848b3fffe3f8443818d3c356c66892f5be8?s=96&d=mm&r=g\",\"caption\":\"Ag\u00eancia iNFRA\"},\"url\":\"https:\/\/agenciainfra.com\/blog\/author\/admin\/\"}]}<\/script>\n<!-- \/ Yoast SEO Premium plugin. -->","yoast_head_json":{"title":"Disparada de pre\u00e7os de insumos leva a nova rodada de pedidos de reequil\u00edbrio no setor de transportes - Ag\u00eancia iNFRA","robots":{"index":"index","follow":"follow","max-snippet":"max-snippet:-1","max-image-preview":"max-image-preview:large","max-video-preview":"max-video-preview:-1"},"canonical":"https:\/\/agenciainfra.com\/blog\/disparada-de-precos-de-insumos-leva-a-nova-rodada-de-pedidos-de-reequilibrio-no-setor-de-transportes\/","og_locale":"pt_BR","og_type":"article","og_title":"Disparada de pre\u00e7os de insumos leva a nova rodada de pedidos de reequil\u00edbrio no setor de transportes","og_description":"Dimmi Amora, da Ag\u00eancia iNFRA Empresas que atuam no setor de infraestrutura na \u00e1rea de&nbsp;transportes est\u00e3o em estudos avan\u00e7ados para iniciar uma nova rodada de pedidos de reequil\u00edbrio de seus contratos com \u00f3rg\u00e3os p\u00fablicos em decorr\u00eancia da Covid-19. O motivo dos pedidos ser\u00e1 a disparada de pre\u00e7os de insumos considerados essenciais para a realiza\u00e7\u00e3o de [&hellip;]","og_url":"https:\/\/agenciainfra.com\/blog\/disparada-de-precos-de-insumos-leva-a-nova-rodada-de-pedidos-de-reequilibrio-no-setor-de-transportes\/","og_site_name":"Ag\u00eancia iNFRA","article_publisher":"https:\/\/www.facebook.com\/ageninfra","article_published_time":"2022-03-26T11:00:00+00:00","og_image":[{"width":1202,"height":802,"url":"https:\/\/agenciainfra.com\/blog\/wp-content\/uploads\/2020\/05\/marco-aurelio-barcelos-foto-bernardo-dias-CMBH-e1709648538279.jpg","type":"image\/jpeg"}],"author":"Ag\u00eancia iNFRA","twitter_card":"summary_large_image","twitter_creator":"@agencia_infra","twitter_site":"@agencia_infra","twitter_misc":{"Escrito por":"Ag\u00eancia iNFRA","Est. tempo de leitura":"6 minutos"},"schema":{"@context":"https:\/\/schema.org","@graph":[{"@type":"Article","@id":"https:\/\/agenciainfra.com\/blog\/disparada-de-precos-de-insumos-leva-a-nova-rodada-de-pedidos-de-reequilibrio-no-setor-de-transportes\/#article","isPartOf":{"@id":"https:\/\/agenciainfra.com\/blog\/disparada-de-precos-de-insumos-leva-a-nova-rodada-de-pedidos-de-reequilibrio-no-setor-de-transportes\/"},"author":{"name":"Ag\u00eancia iNFRA","@id":"https:\/\/agenciainfra.com\/blog\/#\/schema\/person\/34af08dff6adea4cb22b06612ba7acfa"},"headline":"Disparada de pre\u00e7os de insumos leva a nova rodada de pedidos de reequil\u00edbrio no setor de transportes","datePublished":"2022-03-26T11:00:00+00:00","mainEntityOfPage":{"@id":"https:\/\/agenciainfra.com\/blog\/disparada-de-precos-de-insumos-leva-a-nova-rodada-de-pedidos-de-reequilibrio-no-setor-de-transportes\/"},"wordCount":1274,"publisher":{"@id":"https:\/\/agenciainfra.com\/blog\/#organization"},"image":{"@id":"https:\/\/agenciainfra.com\/blog\/disparada-de-precos-de-insumos-leva-a-nova-rodada-de-pedidos-de-reequilibrio-no-setor-de-transportes\/#primaryimage"},"thumbnailUrl":"https:\/\/agenciainfra.com\/blog\/wp-content\/uploads\/2020\/05\/marco-aurelio-barcelos-foto-bernardo-dias-CMBH-e1709648538279.jpg","keywords":["abcr","ANTT","Cimento Asf\u00e1ltico de Petr\u00f3leo","concess\u00f5es","Infraestrutura","infraestrutura rodovi\u00e1ria","Marco Aur\u00e9lio Barcelos","rodovias","transporte rodovi\u00e1rio","transportes"],"articleSection":["Geral","iNFRATransporte"],"inLanguage":"pt-BR","copyrightYear":"2022","copyrightHolder":{"@id":"https:\/\/agenciainfra.com\/blog\/#organization"}},{"@type":"WebPage","@id":"https:\/\/agenciainfra.com\/blog\/disparada-de-precos-de-insumos-leva-a-nova-rodada-de-pedidos-de-reequilibrio-no-setor-de-transportes\/","url":"https:\/\/agenciainfra.com\/blog\/disparada-de-precos-de-insumos-leva-a-nova-rodada-de-pedidos-de-reequilibrio-no-setor-de-transportes\/","name":"Disparada de pre\u00e7os de insumos leva a nova rodada de pedidos de reequil\u00edbrio no setor de transportes - Ag\u00eancia iNFRA","isPartOf":{"@id":"https:\/\/agenciainfra.com\/blog\/#website"},"primaryImageOfPage":{"@id":"https:\/\/agenciainfra.com\/blog\/disparada-de-precos-de-insumos-leva-a-nova-rodada-de-pedidos-de-reequilibrio-no-setor-de-transportes\/#primaryimage"},"image":{"@id":"https:\/\/agenciainfra.com\/blog\/disparada-de-precos-de-insumos-leva-a-nova-rodada-de-pedidos-de-reequilibrio-no-setor-de-transportes\/#primaryimage"},"thumbnailUrl":"https:\/\/agenciainfra.com\/blog\/wp-content\/uploads\/2020\/05\/marco-aurelio-barcelos-foto-bernardo-dias-CMBH-e1709648538279.jpg","datePublished":"2022-03-26T11:00:00+00:00","breadcrumb":{"@id":"https:\/\/agenciainfra.com\/blog\/disparada-de-precos-de-insumos-leva-a-nova-rodada-de-pedidos-de-reequilibrio-no-setor-de-transportes\/#breadcrumb"},"inLanguage":"pt-BR","potentialAction":[{"@type":"ReadAction","target":["https:\/\/agenciainfra.com\/blog\/disparada-de-precos-de-insumos-leva-a-nova-rodada-de-pedidos-de-reequilibrio-no-setor-de-transportes\/"]}]},{"@type":"ImageObject","inLanguage":"pt-BR","@id":"https:\/\/agenciainfra.com\/blog\/disparada-de-precos-de-insumos-leva-a-nova-rodada-de-pedidos-de-reequilibrio-no-setor-de-transportes\/#primaryimage","url":"https:\/\/agenciainfra.com\/blog\/wp-content\/uploads\/2020\/05\/marco-aurelio-barcelos-foto-bernardo-dias-CMBH-e1709648538279.jpg","contentUrl":"https:\/\/agenciainfra.com\/blog\/wp-content\/uploads\/2020\/05\/marco-aurelio-barcelos-foto-bernardo-dias-CMBH-e1709648538279.jpg","width":1202,"height":802},{"@type":"BreadcrumbList","@id":"https:\/\/agenciainfra.com\/blog\/disparada-de-precos-de-insumos-leva-a-nova-rodada-de-pedidos-de-reequilibrio-no-setor-de-transportes\/#breadcrumb","itemListElement":[{"@type":"ListItem","position":1,"name":"In\u00edcio","item":"https:\/\/agenciainfra.com\/blog\/"},{"@type":"ListItem","position":2,"name":"Disparada de pre\u00e7os de insumos leva a nova rodada de pedidos de reequil\u00edbrio no setor de transportes"}]},{"@type":"WebSite","@id":"https:\/\/agenciainfra.com\/blog\/#website","url":"https:\/\/agenciainfra.com\/blog\/","name":"Ag\u00eancia iNFRA","description":"Multiplataforma de informa\u00e7\u00e3o jornal\u00edstica refer\u00eancia na \u00e1rea de infraestrutura no Brasil!","publisher":{"@id":"https:\/\/agenciainfra.com\/blog\/#organization"},"potentialAction":[{"@type":"SearchAction","target":{"@type":"EntryPoint","urlTemplate":"https:\/\/agenciainfra.com\/blog\/?s={search_term_string}"},"query-input":{"@type":"PropertyValueSpecification","valueRequired":true,"valueName":"search_term_string"}}],"inLanguage":"pt-BR"},{"@type":"Organization","@id":"https:\/\/agenciainfra.com\/blog\/#organization","name":"Ag\u00eancia iNFRA","url":"https:\/\/agenciainfra.com\/blog\/","logo":{"@type":"ImageObject","inLanguage":"pt-BR","@id":"https:\/\/agenciainfra.com\/blog\/#\/schema\/logo\/image\/","url":"https:\/\/agenciainfra.com\/blog\/wp-content\/uploads\/2023\/09\/iNFRA_5-e1761735885940.png","contentUrl":"https:\/\/agenciainfra.com\/blog\/wp-content\/uploads\/2023\/09\/iNFRA_5-e1761735885940.png","width":1672,"height":454,"caption":"Ag\u00eancia iNFRA"},"image":{"@id":"https:\/\/agenciainfra.com\/blog\/#\/schema\/logo\/image\/"},"sameAs":["https:\/\/www.facebook.com\/ageninfra","https:\/\/x.com\/agencia_infra","https:\/\/www.linkedin.com\/company\/ag\u00eanciainfra\/","https:\/\/www.instagram.com\/agenciainfra\/"]},{"@type":"Person","@id":"https:\/\/agenciainfra.com\/blog\/#\/schema\/person\/34af08dff6adea4cb22b06612ba7acfa","name":"Ag\u00eancia iNFRA","image":{"@type":"ImageObject","inLanguage":"pt-BR","@id":"https:\/\/agenciainfra.com\/blog\/#\/schema\/person\/image\/","url":"https:\/\/secure.gravatar.com\/avatar\/d189e01678f06d8eb84d4e01f08eb848b3fffe3f8443818d3c356c66892f5be8?s=96&d=mm&r=g","contentUrl":"https:\/\/secure.gravatar.com\/avatar\/d189e01678f06d8eb84d4e01f08eb848b3fffe3f8443818d3c356c66892f5be8?s=96&d=mm&r=g","caption":"Ag\u00eancia iNFRA"},"url":"https:\/\/agenciainfra.com\/blog\/author\/admin\/"}]}},"_links":{"self":[{"href":"https:\/\/agenciainfra.com\/blog\/wp-json\/wp\/v2\/posts\/9866","targetHints":{"allow":["GET"]}}],"collection":[{"href":"https:\/\/agenciainfra.com\/blog\/wp-json\/wp\/v2\/posts"}],"about":[{"href":"https:\/\/agenciainfra.com\/blog\/wp-json\/wp\/v2\/types\/post"}],"author":[{"embeddable":true,"href":"https:\/\/agenciainfra.com\/blog\/wp-json\/wp\/v2\/users\/1"}],"replies":[{"embeddable":true,"href":"https:\/\/agenciainfra.com\/blog\/wp-json\/wp\/v2\/comments?post=9866"}],"version-history":[{"count":0,"href":"https:\/\/agenciainfra.com\/blog\/wp-json\/wp\/v2\/posts\/9866\/revisions"}],"wp:featuredmedia":[{"embeddable":true,"href":"https:\/\/agenciainfra.com\/blog\/wp-json\/wp\/v2\/media\/4870"}],"wp:attachment":[{"href":"https:\/\/agenciainfra.com\/blog\/wp-json\/wp\/v2\/media?parent=9866"}],"wp:term":[{"taxonomy":"category","embeddable":true,"href":"https:\/\/agenciainfra.com\/blog\/wp-json\/wp\/v2\/categories?post=9866"},{"taxonomy":"post_tag","embeddable":true,"href":"https:\/\/agenciainfra.com\/blog\/wp-json\/wp\/v2\/tags?post=9866"}],"curies":[{"name":"wp","href":"https:\/\/api.w.org\/{rel}","templated":true}]}}