{"id":9868,"date":"2022-03-26T09:00:00","date_gmt":"2022-03-26T12:00:00","guid":{"rendered":"https:\/\/www.agenciainfra.com\/blog\/?p=9868"},"modified":"2022-03-25T10:53:08","modified_gmt":"2022-03-25T13:53:08","slug":"ferrovias-tem-impacto-da-covid-19-e-da-guerra-da-ucrania-com-aumento-do-diesel","status":"publish","type":"post","link":"https:\/\/agenciainfra.com\/blog\/ferrovias-tem-impacto-da-covid-19-e-da-guerra-da-ucrania-com-aumento-do-diesel\/","title":{"rendered":"Ferrovias t\u00eam impacto da Covid-19 e da guerra da Ucr\u00e2nia com aumento do diesel"},"content":{"rendered":"\n<p class=\"has-text-align-right\"><strong>Dimmi Amora, da Ag\u00eancia iNFRA<\/strong><\/p>\n\n\n\n<p>O <a href=\"https:\/\/agenciainfra.com\/blog\/disparada-de-precos-de-insumos-leva-a-nova-rodada-de-pedidos-de-reequilibrio-no-setor-de-transportes\/\" data-type=\"URL\" data-id=\"https:\/\/agenciainfra.com\/blog\/disparada-de-precos-de-insumos-leva-a-nova-rodada-de-pedidos-de-reequilibrio-no-setor-de-transportes\/\" target=\"_blank\" rel=\"noreferrer noopener\">estudo que a ABCR produziu<\/a> sobre o descolamento de pre\u00e7os de insumos em rela\u00e7\u00e3o aos \u00edndices de infla\u00e7\u00e3o est\u00e1 servindo de base tamb\u00e9m para outros setores, dentro da Alian\u00e7a para a Infraestrutura, que re\u00fane associa\u00e7\u00f5es setoriais da \u00e1rea de transportes. O presidente da ANTF (Associa\u00e7\u00e3o Nacional dos Transportadores Ferrovi\u00e1rios), Fernando Paes, disse que as concession\u00e1rias do setor come\u00e7aram a sentir os impactos ainda durante a pandemia.<\/p>\n\n\n\n<p>Custos de produtos essenciais para implanta\u00e7\u00e3o de vias ou a manuten\u00e7\u00e3o delas subiram em valores de mais de 50% acima da infla\u00e7\u00e3o, num per\u00edodo em que boa parte das concession\u00e1rias est\u00e1 com pesadas obriga\u00e7\u00f5es de investimentos decorrentes de leil\u00f5es e renova\u00e7\u00f5es de contratos, citando as obras da Ferrovia Norte-Sul, Malha Paulista, Fiol (Ferrovia de Integra\u00e7\u00e3o Oeste-Leste) e Fico (Ferrovia de Integra\u00e7\u00e3o Centro-Oeste).<\/p>\n\n\n\n<p>Segundo Paes, uma amplia\u00e7\u00e3o de prazos de obras dada pelo Congresso pelo per\u00edodo de pandemia n\u00e3o ser\u00e1 suficiente para o equil\u00edbrio desses contratos e ser\u00e1 necess\u00e1rio atuar com urg\u00eancia devido \u00e0 outra crise que j\u00e1 come\u00e7ou.<\/p>\n\n\n\n<p><strong>Fluxos deficit\u00e1rios<\/strong><br>Ele lembrou que os estudos feitos pela Tend\u00eancias foram com dados at\u00e9 o ano passado, ou seja, n\u00e3o est\u00e3o captando a crise atual de pre\u00e7os causada pela guerra na Ucr\u00e2nia, especialmente com os combust\u00edveis. Para Paes, os desequil\u00edbrios com a Covid-19 j\u00e1 podem ser bem mensurados. Mas os da guerra, ainda n\u00e3o.<\/p>\n\n\n\n<p>Apesar disso, os impactos dos efeitos dos pre\u00e7os no per\u00edodo de guerra j\u00e1 podem ser sentidos. Segundo o presidente da ANTF, o aumento do custo do diesel \u2013 um dos principais custos da opera\u00e7\u00e3o das ferrovias \u2013 est\u00e1 trazendo novos impactos para o setor, amea\u00e7ando inclusive alguns fluxos de transportes que passaram a ser deficit\u00e1rios.<\/p>\n\n\n\n<p>&#8220;Vamos pedir para a ag\u00eancia atuar o mais rapidamente poss\u00edvel para que n\u00e3o se tenha o estrangulamento de algumas opera\u00e7\u00f5es ou at\u00e9 de concess\u00f5es, no limite&#8221;, disse Paes.<\/p>\n\n\n\n<figure class=\"wp-block-image\"><img decoding=\"async\" src=\"https:\/\/ci6.googleusercontent.com\/proxy\/mmEuqnv5-FRtxrdmubjB2wnNROYPAWqF3Y0s2xqE9v3V-Z6oOiYzu14h3gMbuZ191K-6g-8mSTmCDay4VJFggH7rZaEnuxD6C8YnvhreUVECMzrr50AQ12f2Y-5x107rkvXJx7WrVUMPhXdE5HH-I3M20bJt6ns=s0-d-e1-ft#https:\/\/mcusercontent.com\/d460dd1bcf9ba0ae040e1fc0f\/images\/ab1d71f9-f0a9-f34c-3b69-d6e0b74bf7dc.jpeg\" alt=\"\"\/><\/figure>\n","protected":false},"excerpt":{"rendered":"<p>Dimmi Amora, da Ag\u00eancia iNFRA O estudo que a ABCR produziu sobre o descolamento de pre\u00e7os de insumos em rela\u00e7\u00e3o aos \u00edndices de infla\u00e7\u00e3o est\u00e1 servindo de base tamb\u00e9m para outros setores, dentro da Alian\u00e7a para a Infraestrutura, que re\u00fane associa\u00e7\u00f5es setoriais da \u00e1rea de transportes. O presidente da ANTF (Associa\u00e7\u00e3o Nacional dos Transportadores Ferrovi\u00e1rios), [&hellip;]<\/p>\n","protected":false},"author":1,"featured_media":5710,"comment_status":"closed","ping_status":"closed","sticky":false,"template":"","format":"standard","meta":{"_monsterinsights_skip_tracking":false,"_monsterinsights_sitenote_active":false,"_monsterinsights_sitenote_note":"","_monsterinsights_sitenote_category":0,"footnotes":""},"categories":[1,7],"tags":[59,315,31,120,472,156,5292,3853,85,70],"class_list":["post-9868","post","type-post","status-publish","format-standard","has-post-thumbnail","hentry","category-geral","category-infratransporte","tag-antf","tag-diesel","tag-ferrovia-norte-sul","tag-ferrovias","tag-fico","tag-fiol","tag-guerra-na-ucrania","tag-infraestrutura-ferroviaria","tag-malha-paulista","tag-transportes"],"yoast_head":"<!-- This site is optimized with the Yoast SEO Premium plugin v25.4 (Yoast SEO v26.0) - https:\/\/yoast.com\/wordpress\/plugins\/seo\/ -->\n<title>Ferrovias t\u00eam impacto da Covid-19 e da guerra da Ucr\u00e2nia com aumento do diesel - Ag\u00eancia iNFRA<\/title>\n<meta name=\"robots\" content=\"index, follow, max-snippet:-1, max-image-preview:large, max-video-preview:-1\" \/>\n<link rel=\"canonical\" href=\"https:\/\/agenciainfra.com\/blog\/ferrovias-tem-impacto-da-covid-19-e-da-guerra-da-ucrania-com-aumento-do-diesel\/\" \/>\n<meta property=\"og:locale\" content=\"pt_BR\" \/>\n<meta property=\"og:type\" content=\"article\" \/>\n<meta property=\"og:title\" content=\"Ferrovias t\u00eam impacto da Covid-19 e da guerra da Ucr\u00e2nia com aumento do diesel\" \/>\n<meta property=\"og:description\" content=\"Dimmi Amora, da Ag\u00eancia iNFRA O estudo que a ABCR produziu sobre o descolamento de pre\u00e7os de insumos em rela\u00e7\u00e3o aos \u00edndices de infla\u00e7\u00e3o est\u00e1 servindo de base tamb\u00e9m para outros setores, dentro da Alian\u00e7a para a Infraestrutura, que re\u00fane associa\u00e7\u00f5es setoriais da \u00e1rea de transportes. O presidente da ANTF (Associa\u00e7\u00e3o Nacional dos Transportadores Ferrovi\u00e1rios), [&hellip;]\" \/>\n<meta property=\"og:url\" content=\"https:\/\/agenciainfra.com\/blog\/ferrovias-tem-impacto-da-covid-19-e-da-guerra-da-ucrania-com-aumento-do-diesel\/\" \/>\n<meta property=\"og:site_name\" content=\"Ag\u00eancia iNFRA\" \/>\n<meta property=\"article:publisher\" content=\"https:\/\/www.facebook.com\/ageninfra\" \/>\n<meta property=\"article:published_time\" content=\"2022-03-26T12:00:00+00:00\" \/>\n<meta property=\"og:image\" content=\"https:\/\/agenciainfra.com\/blog\/wp-content\/uploads\/2020\/08\/fiol-bahia-foto-govba.jpeg\" \/>\n\t<meta property=\"og:image:width\" content=\"1280\" \/>\n\t<meta property=\"og:image:height\" content=\"853\" \/>\n\t<meta property=\"og:image:type\" content=\"image\/jpeg\" \/>\n<meta name=\"author\" content=\"Ag\u00eancia iNFRA\" \/>\n<meta name=\"twitter:card\" content=\"summary_large_image\" \/>\n<meta name=\"twitter:creator\" content=\"@agencia_infra\" \/>\n<meta name=\"twitter:site\" content=\"@agencia_infra\" \/>\n<meta name=\"twitter:label1\" content=\"Escrito por\" \/>\n\t<meta name=\"twitter:data1\" content=\"Ag\u00eancia iNFRA\" \/>\n\t<meta name=\"twitter:label2\" content=\"Est. tempo de leitura\" \/>\n\t<meta name=\"twitter:data2\" content=\"2 minutos\" \/>\n<script type=\"application\/ld+json\" class=\"yoast-schema-graph\">{\"@context\":\"https:\/\/schema.org\",\"@graph\":[{\"@type\":\"Article\",\"@id\":\"https:\/\/agenciainfra.com\/blog\/ferrovias-tem-impacto-da-covid-19-e-da-guerra-da-ucrania-com-aumento-do-diesel\/#article\",\"isPartOf\":{\"@id\":\"https:\/\/agenciainfra.com\/blog\/ferrovias-tem-impacto-da-covid-19-e-da-guerra-da-ucrania-com-aumento-do-diesel\/\"},\"author\":{\"name\":\"Ag\u00eancia iNFRA\",\"@id\":\"https:\/\/agenciainfra.com\/blog\/#\/schema\/person\/34af08dff6adea4cb22b06612ba7acfa\"},\"headline\":\"Ferrovias t\u00eam impacto da Covid-19 e da guerra da Ucr\u00e2nia com aumento do diesel\",\"datePublished\":\"2022-03-26T12:00:00+00:00\",\"mainEntityOfPage\":{\"@id\":\"https:\/\/agenciainfra.com\/blog\/ferrovias-tem-impacto-da-covid-19-e-da-guerra-da-ucrania-com-aumento-do-diesel\/\"},\"wordCount\":367,\"publisher\":{\"@id\":\"https:\/\/agenciainfra.com\/blog\/#organization\"},\"image\":{\"@id\":\"https:\/\/agenciainfra.com\/blog\/ferrovias-tem-impacto-da-covid-19-e-da-guerra-da-ucrania-com-aumento-do-diesel\/#primaryimage\"},\"thumbnailUrl\":\"https:\/\/agenciainfra.com\/blog\/wp-content\/uploads\/2020\/08\/fiol-bahia-foto-govba.jpeg\",\"keywords\":[\"ANTF\",\"diesel\",\"Ferrovia Norte-Sul\",\"Ferrovias\",\"FICO\",\"FIOL\",\"guerra na Ucr\u00e2nia\",\"infraestrutura ferrovi\u00e1ria\",\"Malha Paulista\",\"transportes\"],\"articleSection\":[\"Geral\",\"iNFRATransporte\"],\"inLanguage\":\"pt-BR\",\"copyrightYear\":\"2022\",\"copyrightHolder\":{\"@id\":\"https:\/\/agenciainfra.com\/blog\/#organization\"}},{\"@type\":\"WebPage\",\"@id\":\"https:\/\/agenciainfra.com\/blog\/ferrovias-tem-impacto-da-covid-19-e-da-guerra-da-ucrania-com-aumento-do-diesel\/\",\"url\":\"https:\/\/agenciainfra.com\/blog\/ferrovias-tem-impacto-da-covid-19-e-da-guerra-da-ucrania-com-aumento-do-diesel\/\",\"name\":\"Ferrovias t\u00eam impacto da Covid-19 e da guerra da Ucr\u00e2nia com aumento do diesel - Ag\u00eancia iNFRA\",\"isPartOf\":{\"@id\":\"https:\/\/agenciainfra.com\/blog\/#website\"},\"primaryImageOfPage\":{\"@id\":\"https:\/\/agenciainfra.com\/blog\/ferrovias-tem-impacto-da-covid-19-e-da-guerra-da-ucrania-com-aumento-do-diesel\/#primaryimage\"},\"image\":{\"@id\":\"https:\/\/agenciainfra.com\/blog\/ferrovias-tem-impacto-da-covid-19-e-da-guerra-da-ucrania-com-aumento-do-diesel\/#primaryimage\"},\"thumbnailUrl\":\"https:\/\/agenciainfra.com\/blog\/wp-content\/uploads\/2020\/08\/fiol-bahia-foto-govba.jpeg\",\"datePublished\":\"2022-03-26T12:00:00+00:00\",\"breadcrumb\":{\"@id\":\"https:\/\/agenciainfra.com\/blog\/ferrovias-tem-impacto-da-covid-19-e-da-guerra-da-ucrania-com-aumento-do-diesel\/#breadcrumb\"},\"inLanguage\":\"pt-BR\",\"potentialAction\":[{\"@type\":\"ReadAction\",\"target\":[\"https:\/\/agenciainfra.com\/blog\/ferrovias-tem-impacto-da-covid-19-e-da-guerra-da-ucrania-com-aumento-do-diesel\/\"]}]},{\"@type\":\"ImageObject\",\"inLanguage\":\"pt-BR\",\"@id\":\"https:\/\/agenciainfra.com\/blog\/ferrovias-tem-impacto-da-covid-19-e-da-guerra-da-ucrania-com-aumento-do-diesel\/#primaryimage\",\"url\":\"https:\/\/agenciainfra.com\/blog\/wp-content\/uploads\/2020\/08\/fiol-bahia-foto-govba.jpeg\",\"contentUrl\":\"https:\/\/agenciainfra.com\/blog\/wp-content\/uploads\/2020\/08\/fiol-bahia-foto-govba.jpeg\",\"width\":1280,\"height\":853,\"caption\":\"Foto: El\u00f3i Corr\u00eaa\/Governo da Bahia\"},{\"@type\":\"BreadcrumbList\",\"@id\":\"https:\/\/agenciainfra.com\/blog\/ferrovias-tem-impacto-da-covid-19-e-da-guerra-da-ucrania-com-aumento-do-diesel\/#breadcrumb\",\"itemListElement\":[{\"@type\":\"ListItem\",\"position\":1,\"name\":\"In\u00edcio\",\"item\":\"https:\/\/agenciainfra.com\/blog\/\"},{\"@type\":\"ListItem\",\"position\":2,\"name\":\"Ferrovias t\u00eam impacto da Covid-19 e da guerra da Ucr\u00e2nia com aumento do diesel\"}]},{\"@type\":\"WebSite\",\"@id\":\"https:\/\/agenciainfra.com\/blog\/#website\",\"url\":\"https:\/\/agenciainfra.com\/blog\/\",\"name\":\"Ag\u00eancia iNFRA\",\"description\":\"Multiplataforma de informa\u00e7\u00e3o jornal\u00edstica refer\u00eancia na \u00e1rea de infraestrutura no Brasil!\",\"publisher\":{\"@id\":\"https:\/\/agenciainfra.com\/blog\/#organization\"},\"potentialAction\":[{\"@type\":\"SearchAction\",\"target\":{\"@type\":\"EntryPoint\",\"urlTemplate\":\"https:\/\/agenciainfra.com\/blog\/?s={search_term_string}\"},\"query-input\":{\"@type\":\"PropertyValueSpecification\",\"valueRequired\":true,\"valueName\":\"search_term_string\"}}],\"inLanguage\":\"pt-BR\"},{\"@type\":\"Organization\",\"@id\":\"https:\/\/agenciainfra.com\/blog\/#organization\",\"name\":\"Ag\u00eancia iNFRA\",\"url\":\"https:\/\/agenciainfra.com\/blog\/\",\"logo\":{\"@type\":\"ImageObject\",\"inLanguage\":\"pt-BR\",\"@id\":\"https:\/\/agenciainfra.com\/blog\/#\/schema\/logo\/image\/\",\"url\":\"https:\/\/agenciainfra.com\/blog\/wp-content\/uploads\/2023\/09\/iNFRA_5-e1761735885940.png\",\"contentUrl\":\"https:\/\/agenciainfra.com\/blog\/wp-content\/uploads\/2023\/09\/iNFRA_5-e1761735885940.png\",\"width\":1672,\"height\":454,\"caption\":\"Ag\u00eancia iNFRA\"},\"image\":{\"@id\":\"https:\/\/agenciainfra.com\/blog\/#\/schema\/logo\/image\/\"},\"sameAs\":[\"https:\/\/www.facebook.com\/ageninfra\",\"https:\/\/x.com\/agencia_infra\",\"https:\/\/www.linkedin.com\/company\/ag\u00eanciainfra\/\",\"https:\/\/www.instagram.com\/agenciainfra\/\"]},{\"@type\":\"Person\",\"@id\":\"https:\/\/agenciainfra.com\/blog\/#\/schema\/person\/34af08dff6adea4cb22b06612ba7acfa\",\"name\":\"Ag\u00eancia iNFRA\",\"image\":{\"@type\":\"ImageObject\",\"inLanguage\":\"pt-BR\",\"@id\":\"https:\/\/agenciainfra.com\/blog\/#\/schema\/person\/image\/\",\"url\":\"https:\/\/secure.gravatar.com\/avatar\/d189e01678f06d8eb84d4e01f08eb848b3fffe3f8443818d3c356c66892f5be8?s=96&d=mm&r=g\",\"contentUrl\":\"https:\/\/secure.gravatar.com\/avatar\/d189e01678f06d8eb84d4e01f08eb848b3fffe3f8443818d3c356c66892f5be8?s=96&d=mm&r=g\",\"caption\":\"Ag\u00eancia iNFRA\"},\"url\":\"https:\/\/agenciainfra.com\/blog\/author\/admin\/\"}]}<\/script>\n<!-- \/ Yoast SEO Premium plugin. -->","yoast_head_json":{"title":"Ferrovias t\u00eam impacto da Covid-19 e da guerra da Ucr\u00e2nia com aumento do diesel - Ag\u00eancia iNFRA","robots":{"index":"index","follow":"follow","max-snippet":"max-snippet:-1","max-image-preview":"max-image-preview:large","max-video-preview":"max-video-preview:-1"},"canonical":"https:\/\/agenciainfra.com\/blog\/ferrovias-tem-impacto-da-covid-19-e-da-guerra-da-ucrania-com-aumento-do-diesel\/","og_locale":"pt_BR","og_type":"article","og_title":"Ferrovias t\u00eam impacto da Covid-19 e da guerra da Ucr\u00e2nia com aumento do diesel","og_description":"Dimmi Amora, da Ag\u00eancia iNFRA O estudo que a ABCR produziu sobre o descolamento de pre\u00e7os de insumos em rela\u00e7\u00e3o aos \u00edndices de infla\u00e7\u00e3o est\u00e1 servindo de base tamb\u00e9m para outros setores, dentro da Alian\u00e7a para a Infraestrutura, que re\u00fane associa\u00e7\u00f5es setoriais da \u00e1rea de transportes. O presidente da ANTF (Associa\u00e7\u00e3o Nacional dos Transportadores Ferrovi\u00e1rios), [&hellip;]","og_url":"https:\/\/agenciainfra.com\/blog\/ferrovias-tem-impacto-da-covid-19-e-da-guerra-da-ucrania-com-aumento-do-diesel\/","og_site_name":"Ag\u00eancia iNFRA","article_publisher":"https:\/\/www.facebook.com\/ageninfra","article_published_time":"2022-03-26T12:00:00+00:00","og_image":[{"width":1280,"height":853,"url":"https:\/\/agenciainfra.com\/blog\/wp-content\/uploads\/2020\/08\/fiol-bahia-foto-govba.jpeg","type":"image\/jpeg"}],"author":"Ag\u00eancia iNFRA","twitter_card":"summary_large_image","twitter_creator":"@agencia_infra","twitter_site":"@agencia_infra","twitter_misc":{"Escrito por":"Ag\u00eancia iNFRA","Est. tempo de leitura":"2 minutos"},"schema":{"@context":"https:\/\/schema.org","@graph":[{"@type":"Article","@id":"https:\/\/agenciainfra.com\/blog\/ferrovias-tem-impacto-da-covid-19-e-da-guerra-da-ucrania-com-aumento-do-diesel\/#article","isPartOf":{"@id":"https:\/\/agenciainfra.com\/blog\/ferrovias-tem-impacto-da-covid-19-e-da-guerra-da-ucrania-com-aumento-do-diesel\/"},"author":{"name":"Ag\u00eancia iNFRA","@id":"https:\/\/agenciainfra.com\/blog\/#\/schema\/person\/34af08dff6adea4cb22b06612ba7acfa"},"headline":"Ferrovias t\u00eam impacto da Covid-19 e da guerra da Ucr\u00e2nia com aumento do diesel","datePublished":"2022-03-26T12:00:00+00:00","mainEntityOfPage":{"@id":"https:\/\/agenciainfra.com\/blog\/ferrovias-tem-impacto-da-covid-19-e-da-guerra-da-ucrania-com-aumento-do-diesel\/"},"wordCount":367,"publisher":{"@id":"https:\/\/agenciainfra.com\/blog\/#organization"},"image":{"@id":"https:\/\/agenciainfra.com\/blog\/ferrovias-tem-impacto-da-covid-19-e-da-guerra-da-ucrania-com-aumento-do-diesel\/#primaryimage"},"thumbnailUrl":"https:\/\/agenciainfra.com\/blog\/wp-content\/uploads\/2020\/08\/fiol-bahia-foto-govba.jpeg","keywords":["ANTF","diesel","Ferrovia Norte-Sul","Ferrovias","FICO","FIOL","guerra na Ucr\u00e2nia","infraestrutura ferrovi\u00e1ria","Malha Paulista","transportes"],"articleSection":["Geral","iNFRATransporte"],"inLanguage":"pt-BR","copyrightYear":"2022","copyrightHolder":{"@id":"https:\/\/agenciainfra.com\/blog\/#organization"}},{"@type":"WebPage","@id":"https:\/\/agenciainfra.com\/blog\/ferrovias-tem-impacto-da-covid-19-e-da-guerra-da-ucrania-com-aumento-do-diesel\/","url":"https:\/\/agenciainfra.com\/blog\/ferrovias-tem-impacto-da-covid-19-e-da-guerra-da-ucrania-com-aumento-do-diesel\/","name":"Ferrovias t\u00eam impacto da Covid-19 e da guerra da Ucr\u00e2nia com aumento do diesel - Ag\u00eancia iNFRA","isPartOf":{"@id":"https:\/\/agenciainfra.com\/blog\/#website"},"primaryImageOfPage":{"@id":"https:\/\/agenciainfra.com\/blog\/ferrovias-tem-impacto-da-covid-19-e-da-guerra-da-ucrania-com-aumento-do-diesel\/#primaryimage"},"image":{"@id":"https:\/\/agenciainfra.com\/blog\/ferrovias-tem-impacto-da-covid-19-e-da-guerra-da-ucrania-com-aumento-do-diesel\/#primaryimage"},"thumbnailUrl":"https:\/\/agenciainfra.com\/blog\/wp-content\/uploads\/2020\/08\/fiol-bahia-foto-govba.jpeg","datePublished":"2022-03-26T12:00:00+00:00","breadcrumb":{"@id":"https:\/\/agenciainfra.com\/blog\/ferrovias-tem-impacto-da-covid-19-e-da-guerra-da-ucrania-com-aumento-do-diesel\/#breadcrumb"},"inLanguage":"pt-BR","potentialAction":[{"@type":"ReadAction","target":["https:\/\/agenciainfra.com\/blog\/ferrovias-tem-impacto-da-covid-19-e-da-guerra-da-ucrania-com-aumento-do-diesel\/"]}]},{"@type":"ImageObject","inLanguage":"pt-BR","@id":"https:\/\/agenciainfra.com\/blog\/ferrovias-tem-impacto-da-covid-19-e-da-guerra-da-ucrania-com-aumento-do-diesel\/#primaryimage","url":"https:\/\/agenciainfra.com\/blog\/wp-content\/uploads\/2020\/08\/fiol-bahia-foto-govba.jpeg","contentUrl":"https:\/\/agenciainfra.com\/blog\/wp-content\/uploads\/2020\/08\/fiol-bahia-foto-govba.jpeg","width":1280,"height":853,"caption":"Foto: El\u00f3i Corr\u00eaa\/Governo da Bahia"},{"@type":"BreadcrumbList","@id":"https:\/\/agenciainfra.com\/blog\/ferrovias-tem-impacto-da-covid-19-e-da-guerra-da-ucrania-com-aumento-do-diesel\/#breadcrumb","itemListElement":[{"@type":"ListItem","position":1,"name":"In\u00edcio","item":"https:\/\/agenciainfra.com\/blog\/"},{"@type":"ListItem","position":2,"name":"Ferrovias t\u00eam impacto da Covid-19 e da guerra da Ucr\u00e2nia com aumento do diesel"}]},{"@type":"WebSite","@id":"https:\/\/agenciainfra.com\/blog\/#website","url":"https:\/\/agenciainfra.com\/blog\/","name":"Ag\u00eancia iNFRA","description":"Multiplataforma de informa\u00e7\u00e3o jornal\u00edstica refer\u00eancia na \u00e1rea de infraestrutura no Brasil!","publisher":{"@id":"https:\/\/agenciainfra.com\/blog\/#organization"},"potentialAction":[{"@type":"SearchAction","target":{"@type":"EntryPoint","urlTemplate":"https:\/\/agenciainfra.com\/blog\/?s={search_term_string}"},"query-input":{"@type":"PropertyValueSpecification","valueRequired":true,"valueName":"search_term_string"}}],"inLanguage":"pt-BR"},{"@type":"Organization","@id":"https:\/\/agenciainfra.com\/blog\/#organization","name":"Ag\u00eancia iNFRA","url":"https:\/\/agenciainfra.com\/blog\/","logo":{"@type":"ImageObject","inLanguage":"pt-BR","@id":"https:\/\/agenciainfra.com\/blog\/#\/schema\/logo\/image\/","url":"https:\/\/agenciainfra.com\/blog\/wp-content\/uploads\/2023\/09\/iNFRA_5-e1761735885940.png","contentUrl":"https:\/\/agenciainfra.com\/blog\/wp-content\/uploads\/2023\/09\/iNFRA_5-e1761735885940.png","width":1672,"height":454,"caption":"Ag\u00eancia iNFRA"},"image":{"@id":"https:\/\/agenciainfra.com\/blog\/#\/schema\/logo\/image\/"},"sameAs":["https:\/\/www.facebook.com\/ageninfra","https:\/\/x.com\/agencia_infra","https:\/\/www.linkedin.com\/company\/ag\u00eanciainfra\/","https:\/\/www.instagram.com\/agenciainfra\/"]},{"@type":"Person","@id":"https:\/\/agenciainfra.com\/blog\/#\/schema\/person\/34af08dff6adea4cb22b06612ba7acfa","name":"Ag\u00eancia iNFRA","image":{"@type":"ImageObject","inLanguage":"pt-BR","@id":"https:\/\/agenciainfra.com\/blog\/#\/schema\/person\/image\/","url":"https:\/\/secure.gravatar.com\/avatar\/d189e01678f06d8eb84d4e01f08eb848b3fffe3f8443818d3c356c66892f5be8?s=96&d=mm&r=g","contentUrl":"https:\/\/secure.gravatar.com\/avatar\/d189e01678f06d8eb84d4e01f08eb848b3fffe3f8443818d3c356c66892f5be8?s=96&d=mm&r=g","caption":"Ag\u00eancia iNFRA"},"url":"https:\/\/agenciainfra.com\/blog\/author\/admin\/"}]}},"_links":{"self":[{"href":"https:\/\/agenciainfra.com\/blog\/wp-json\/wp\/v2\/posts\/9868","targetHints":{"allow":["GET"]}}],"collection":[{"href":"https:\/\/agenciainfra.com\/blog\/wp-json\/wp\/v2\/posts"}],"about":[{"href":"https:\/\/agenciainfra.com\/blog\/wp-json\/wp\/v2\/types\/post"}],"author":[{"embeddable":true,"href":"https:\/\/agenciainfra.com\/blog\/wp-json\/wp\/v2\/users\/1"}],"replies":[{"embeddable":true,"href":"https:\/\/agenciainfra.com\/blog\/wp-json\/wp\/v2\/comments?post=9868"}],"version-history":[{"count":0,"href":"https:\/\/agenciainfra.com\/blog\/wp-json\/wp\/v2\/posts\/9868\/revisions"}],"wp:featuredmedia":[{"embeddable":true,"href":"https:\/\/agenciainfra.com\/blog\/wp-json\/wp\/v2\/media\/5710"}],"wp:attachment":[{"href":"https:\/\/agenciainfra.com\/blog\/wp-json\/wp\/v2\/media?parent=9868"}],"wp:term":[{"taxonomy":"category","embeddable":true,"href":"https:\/\/agenciainfra.com\/blog\/wp-json\/wp\/v2\/categories?post=9868"},{"taxonomy":"post_tag","embeddable":true,"href":"https:\/\/agenciainfra.com\/blog\/wp-json\/wp\/v2\/tags?post=9868"}],"curies":[{"name":"wp","href":"https:\/\/api.w.org\/{rel}","templated":true}]}}