{"id":9913,"date":"2022-04-01T09:00:00","date_gmt":"2022-04-01T12:00:00","guid":{"rendered":"https:\/\/www.agenciainfra.com\/blog\/?p=9913"},"modified":"2022-03-30T08:24:41","modified_gmt":"2022-03-30T11:24:41","slug":"considerada-prioritaria-ponte-entre-brasil-e-argentina-tem-licitacao-fracassada-no-dnit","status":"publish","type":"post","link":"https:\/\/agenciainfra.com\/blog\/considerada-prioritaria-ponte-entre-brasil-e-argentina-tem-licitacao-fracassada-no-dnit\/","title":{"rendered":"Considerada priorit\u00e1ria, ponte entre Brasil e Argentina tem licita\u00e7\u00e3o fracassada no DNIT"},"content":{"rendered":"\n<p class=\"has-text-align-right\"><strong>Dimmi Amora, da Ag\u00eancia iNFRA<\/strong><\/p>\n\n\n\n<p>A primeira tentativa para licitar a Ponte Internacional Porto Xavier e San Xavier, ligando Brasil e Argentina no Rio Grande do Sul, foi fracassada. Nenhuma das cinco empresas que entraram na disputa realizada pelo DNIT (Departamento Nacional de Infraestrutura de Transportes) chegou ao valor que o \u00f3rg\u00e3o entende adequado para implementar essa obra.<\/p>\n\n\n\n<p>A disputa ocorreu em 17 de mar\u00e7o e se tratava da Licita\u00e7\u00e3o 533\/2021, no modelo de contrata\u00e7\u00e3o integrada, ou seja, a vencedora seria respons\u00e1vel pelo projeto e pelas obras de implanta\u00e7\u00e3o da ponte na BR-392\/RS, sobre o Rio Uruguai.<\/p>\n\n\n\n<p>Nesse tipo de licita\u00e7\u00e3o, os valores m\u00e1ximos aceitos pelo \u00f3rg\u00e3o n\u00e3o s\u00e3o anunciados aos concorrentes. Cinco empresas fizeram ofertas que variaram entre R$ 200 milh\u00f5es e R$ 310 milh\u00f5es. S\u00e3o construtoras de m\u00e9dio porte com experi\u00eancia em outras obras do \u00f3rg\u00e3o.&nbsp;<\/p>\n\n\n\n<p>No mesmo dia, o pregoeiro informou: &#8220;Considerando que todas as propostas foram recusadas por estarem acima do or\u00e7amento, irei fracassar o certame&#8221; \u2013 e abriu prazo para recursos. Nenhuma empresa entrou com recurso, pela informa\u00e7\u00e3o do documento da disputa. A&nbsp;<strong>Ag\u00eancia iNFRA<\/strong>&nbsp;pediu um posicionamento sobre o tema ao DNIT e n\u00e3o obteve resposta.<\/p>\n\n\n\n<p><strong>Pronta no fim do mandato<\/strong><br>A ponte foi tratada pelo ministro Tarc\u00edsio de Freitas como uma prioridade para o governo, com v\u00e1rios an\u00fancios de que ela seria feita ao longo dos \u00faltimos anos. Em mar\u00e7o do ano passado, ele&nbsp;<a href=\"https:\/\/agenciainfra.us14.list-manage.com\/track\/click?u=d460dd1bcf9ba0ae040e1fc0f&amp;id=201d5dd0d5&amp;e=3cd2fde004\" target=\"_blank\" rel=\"noreferrer noopener\">recebeu parlamentares<\/a>&nbsp;para tratar do tema e garantiu a licita\u00e7\u00e3o em 2021.<\/p>\n\n\n\n<p><a href=\"https:\/\/agenciainfra.us14.list-manage.com\/track\/click?u=d460dd1bcf9ba0ae040e1fc0f&amp;id=7b4e4ace09&amp;e=3cd2fde004\" target=\"_blank\" rel=\"noreferrer noopener\">Neste v\u00eddeo<\/a>, o ministro confirma falas do deputado federal Sanderson (PL-RS) de que a ponte estaria pronta no fim do mandado&nbsp;do presidente Jair Bolsonaro, em 2022. Em&nbsp;<a href=\"https:\/\/agenciainfra.us14.list-manage.com\/track\/click?u=d460dd1bcf9ba0ae040e1fc0f&amp;id=979f290e76&amp;e=3cd2fde004\" target=\"_blank\" rel=\"noreferrer noopener\">outubro<\/a>, Tarc\u00edsio se reuniu com parlamentares e prefeitos do estado e anunciou que a licita\u00e7\u00e3o ocorreria em dezembro.<\/p>\n\n\n\n<p>Mesmo com&nbsp;a prioridade para o tema, a realidade \u00e9 que o momento atual tornou complicada a realiza\u00e7\u00e3o de projetos de infraestrutura no pa\u00eds, seja os feitos com contrata\u00e7\u00e3o direta ou por concess\u00f5es. Em fevereiro, fracassou a licita\u00e7\u00e3o para a concess\u00e3o da BR-381-262\/MG-ES (reportagem abaixo sobre o tema).<\/p>\n\n\n\n<p><strong>Defasagem de pre\u00e7os de insumos<\/strong><br>Nos dois casos, empresas do setor alegam que h\u00e1 uma forte defasagem entre os pre\u00e7os que baseiam os editais e os custos reais dos principais insumos necess\u00e1rios para grandes projetos de infraestrutura, como ligas asf\u00e1lticas, cimento, a\u00e7o e outros, que t\u00eam maior impacto no custo total do projeto.<\/p>\n\n\n\n<p>Esses itens s\u00e3o reajustados por \u00edndices inflacion\u00e1rios quando os contratos s\u00e3o iniciados.&nbsp;Mas um estudo contratado pela ABCR (Associa\u00e7\u00e3o Brasileira de Concession\u00e1rias de Rodovias) indicou que h\u00e1 um forte descolamento do aumento dos pre\u00e7os desses itens e os \u00edndices inflacion\u00e1rios que corrigem os contratos.<\/p>\n\n\n\n<p>Com isso, as empresas temem que os contratos futuros j\u00e1 sejam iniciados com custos maiores que as receitas previstas, o que levar\u00e1 a d\u00e9ficits nos contratos, tanto os de obras em concess\u00f5es como as realizadas com or\u00e7amento p\u00fablico. Por isso, a maior dificuldade para que as licita\u00e7\u00f5es tenham participantes.<\/p>\n\n\n\n<p><strong>Solu\u00e7\u00e3o na contrata\u00e7\u00e3o integrada<\/strong><br>Outras licita\u00e7\u00f5es no \u00f3rg\u00e3o federal de infraestrutura tamb\u00e9m est\u00e3o encontrando dificuldades para serem realizadas no atual momento. Fato semelhante ocorreu no in\u00edcio do processo de contrata\u00e7\u00e3o integrada, nos anos de 2013\/2014. Empresas alegavam que o modelo trazia um elevado risco e deixaram de entrar em licita\u00e7\u00f5es.<\/p>\n\n\n\n<p>Na \u00e9poca, o hoje ministro Tarc\u00edsio de Freitas era secret\u00e1rio-executivo do DNIT e, com sua equipe, liderou a cria\u00e7\u00e3o de um modelo matem\u00e1tico que ampliava os valores das licita\u00e7\u00f5es na medida em que os projetos estavam com estudos menos maduros, o que fez com que as concorr\u00eancias voltassem ao padr\u00e3o normal de participa\u00e7\u00e3o das empresas ap\u00f3s a implanta\u00e7\u00e3o do sistema.<\/p>\n\n\n\n<p><strong>Revis\u00f5es<\/strong><br>No caso das concess\u00f5es, a ANTT (Ag\u00eancia Nacional de Transportes Terrestres) informou que est\u00e1 trabalhando em revis\u00f5es na forma como os projetos s\u00e3o licitados, inclusive com estudos para mudar o WACC, o c\u00e1lculo que estima o retorno dos investimentos, conforme <a href=\"https:\/\/agenciainfra.com\/blog\/antt-trabalha-para-alterar-wacc-dos-estudos-de-leiloes-de-concessao-rodoviaria\/\" data-type=\"URL\" data-id=\"https:\/\/agenciainfra.com\/blog\/antt-trabalha-para-alterar-wacc-dos-estudos-de-leiloes-de-concessao-rodoviaria\/\" target=\"_blank\" rel=\"noreferrer noopener\">informou<\/a> a&nbsp;<strong>Ag\u00eancia iNFRA<\/strong>. Questionado, o DNIT n\u00e3o se pronunciou&nbsp;sobre o tema.<\/p>\n","protected":false},"excerpt":{"rendered":"<p>Dimmi Amora, da Ag\u00eancia iNFRA A primeira tentativa para licitar a Ponte Internacional Porto Xavier e San Xavier, ligando Brasil e Argentina no Rio Grande do Sul, foi fracassada. Nenhuma das cinco empresas que entraram na disputa realizada pelo DNIT (Departamento Nacional de Infraestrutura de Transportes) chegou ao valor que o \u00f3rg\u00e3o entende adequado para [&hellip;]<\/p>\n","protected":false},"author":1,"featured_media":9914,"comment_status":"closed","ping_status":"closed","sticky":false,"template":"","format":"standard","meta":{"_monsterinsights_skip_tracking":false,"_monsterinsights_sitenote_active":false,"_monsterinsights_sitenote_note":"","_monsterinsights_sitenote_category":0,"footnotes":""},"categories":[1,7],"tags":[19,4601,5332,5330,328,34,5331,287,360,5329],"class_list":["post-9913","post","type-post","status-publish","format-standard","has-post-thumbnail","hentry","category-geral","category-infratransporte","tag-antt","tag-argentina","tag-br-392-rs","tag-brasil-e-argentina","tag-dnit","tag-infraestrutura","tag-infraestrutura-de-transportes","tag-licitacoes","tag-obras","tag-ponte"],"yoast_head":"<!-- This site is optimized with the Yoast SEO Premium plugin v25.4 (Yoast SEO v26.0) - https:\/\/yoast.com\/wordpress\/plugins\/seo\/ -->\n<title>Considerada priorit\u00e1ria, ponte entre Brasil e Argentina tem licita\u00e7\u00e3o fracassada no DNIT - Ag\u00eancia iNFRA<\/title>\n<meta name=\"robots\" content=\"index, follow, max-snippet:-1, max-image-preview:large, max-video-preview:-1\" \/>\n<link rel=\"canonical\" href=\"https:\/\/agenciainfra.com\/blog\/considerada-prioritaria-ponte-entre-brasil-e-argentina-tem-licitacao-fracassada-no-dnit\/\" \/>\n<meta property=\"og:locale\" content=\"pt_BR\" \/>\n<meta property=\"og:type\" content=\"article\" \/>\n<meta property=\"og:title\" content=\"Considerada priorit\u00e1ria, ponte entre Brasil e Argentina tem licita\u00e7\u00e3o fracassada no DNIT\" \/>\n<meta property=\"og:description\" content=\"Dimmi Amora, da Ag\u00eancia iNFRA A primeira tentativa para licitar a Ponte Internacional Porto Xavier e San Xavier, ligando Brasil e Argentina no Rio Grande do Sul, foi fracassada. Nenhuma das cinco empresas que entraram na disputa realizada pelo DNIT (Departamento Nacional de Infraestrutura de Transportes) chegou ao valor que o \u00f3rg\u00e3o entende adequado para [&hellip;]\" \/>\n<meta property=\"og:url\" content=\"https:\/\/agenciainfra.com\/blog\/considerada-prioritaria-ponte-entre-brasil-e-argentina-tem-licitacao-fracassada-no-dnit\/\" \/>\n<meta property=\"og:site_name\" content=\"Ag\u00eancia iNFRA\" \/>\n<meta property=\"article:publisher\" content=\"https:\/\/www.facebook.com\/ageninfra\" \/>\n<meta property=\"article:published_time\" content=\"2022-04-01T12:00:00+00:00\" \/>\n<meta property=\"og:image\" content=\"https:\/\/agenciainfra.com\/blog\/wp-content\/uploads\/2022\/03\/ponte-br-argentina-foto-pref-sao-borja.jpeg\" \/>\n\t<meta property=\"og:image:width\" content=\"1300\" \/>\n\t<meta property=\"og:image:height\" content=\"867\" \/>\n\t<meta property=\"og:image:type\" content=\"image\/jpeg\" \/>\n<meta name=\"author\" content=\"Ag\u00eancia iNFRA\" \/>\n<meta name=\"twitter:card\" content=\"summary_large_image\" \/>\n<meta name=\"twitter:creator\" content=\"@agencia_infra\" \/>\n<meta name=\"twitter:site\" content=\"@agencia_infra\" \/>\n<meta name=\"twitter:label1\" content=\"Escrito por\" \/>\n\t<meta name=\"twitter:data1\" content=\"Ag\u00eancia iNFRA\" \/>\n\t<meta name=\"twitter:label2\" content=\"Est. tempo de leitura\" \/>\n\t<meta name=\"twitter:data2\" content=\"4 minutos\" \/>\n<script type=\"application\/ld+json\" class=\"yoast-schema-graph\">{\"@context\":\"https:\/\/schema.org\",\"@graph\":[{\"@type\":\"Article\",\"@id\":\"https:\/\/agenciainfra.com\/blog\/considerada-prioritaria-ponte-entre-brasil-e-argentina-tem-licitacao-fracassada-no-dnit\/#article\",\"isPartOf\":{\"@id\":\"https:\/\/agenciainfra.com\/blog\/considerada-prioritaria-ponte-entre-brasil-e-argentina-tem-licitacao-fracassada-no-dnit\/\"},\"author\":{\"name\":\"Ag\u00eancia iNFRA\",\"@id\":\"https:\/\/agenciainfra.com\/blog\/#\/schema\/person\/34af08dff6adea4cb22b06612ba7acfa\"},\"headline\":\"Considerada priorit\u00e1ria, ponte entre Brasil e Argentina tem licita\u00e7\u00e3o fracassada no DNIT\",\"datePublished\":\"2022-04-01T12:00:00+00:00\",\"mainEntityOfPage\":{\"@id\":\"https:\/\/agenciainfra.com\/blog\/considerada-prioritaria-ponte-entre-brasil-e-argentina-tem-licitacao-fracassada-no-dnit\/\"},\"wordCount\":747,\"publisher\":{\"@id\":\"https:\/\/agenciainfra.com\/blog\/#organization\"},\"image\":{\"@id\":\"https:\/\/agenciainfra.com\/blog\/considerada-prioritaria-ponte-entre-brasil-e-argentina-tem-licitacao-fracassada-no-dnit\/#primaryimage\"},\"thumbnailUrl\":\"https:\/\/agenciainfra.com\/blog\/wp-content\/uploads\/2022\/03\/ponte-br-argentina-foto-pref-sao-borja.jpeg\",\"keywords\":[\"ANTT\",\"Argentina\",\"BR-392\/RS\",\"Brasil e Argentina\",\"DNIT\",\"Infraestrutura\",\"infraestrutura de transportes\",\"licita\u00e7\u00f5es\",\"obras\",\"ponte\"],\"articleSection\":[\"Geral\",\"iNFRATransporte\"],\"inLanguage\":\"pt-BR\",\"copyrightYear\":\"2022\",\"copyrightHolder\":{\"@id\":\"https:\/\/agenciainfra.com\/blog\/#organization\"}},{\"@type\":\"WebPage\",\"@id\":\"https:\/\/agenciainfra.com\/blog\/considerada-prioritaria-ponte-entre-brasil-e-argentina-tem-licitacao-fracassada-no-dnit\/\",\"url\":\"https:\/\/agenciainfra.com\/blog\/considerada-prioritaria-ponte-entre-brasil-e-argentina-tem-licitacao-fracassada-no-dnit\/\",\"name\":\"Considerada priorit\u00e1ria, ponte entre Brasil e Argentina tem licita\u00e7\u00e3o fracassada no DNIT - Ag\u00eancia iNFRA\",\"isPartOf\":{\"@id\":\"https:\/\/agenciainfra.com\/blog\/#website\"},\"primaryImageOfPage\":{\"@id\":\"https:\/\/agenciainfra.com\/blog\/considerada-prioritaria-ponte-entre-brasil-e-argentina-tem-licitacao-fracassada-no-dnit\/#primaryimage\"},\"image\":{\"@id\":\"https:\/\/agenciainfra.com\/blog\/considerada-prioritaria-ponte-entre-brasil-e-argentina-tem-licitacao-fracassada-no-dnit\/#primaryimage\"},\"thumbnailUrl\":\"https:\/\/agenciainfra.com\/blog\/wp-content\/uploads\/2022\/03\/ponte-br-argentina-foto-pref-sao-borja.jpeg\",\"datePublished\":\"2022-04-01T12:00:00+00:00\",\"breadcrumb\":{\"@id\":\"https:\/\/agenciainfra.com\/blog\/considerada-prioritaria-ponte-entre-brasil-e-argentina-tem-licitacao-fracassada-no-dnit\/#breadcrumb\"},\"inLanguage\":\"pt-BR\",\"potentialAction\":[{\"@type\":\"ReadAction\",\"target\":[\"https:\/\/agenciainfra.com\/blog\/considerada-prioritaria-ponte-entre-brasil-e-argentina-tem-licitacao-fracassada-no-dnit\/\"]}]},{\"@type\":\"ImageObject\",\"inLanguage\":\"pt-BR\",\"@id\":\"https:\/\/agenciainfra.com\/blog\/considerada-prioritaria-ponte-entre-brasil-e-argentina-tem-licitacao-fracassada-no-dnit\/#primaryimage\",\"url\":\"https:\/\/agenciainfra.com\/blog\/wp-content\/uploads\/2022\/03\/ponte-br-argentina-foto-pref-sao-borja.jpeg\",\"contentUrl\":\"https:\/\/agenciainfra.com\/blog\/wp-content\/uploads\/2022\/03\/ponte-br-argentina-foto-pref-sao-borja.jpeg\",\"width\":1300,\"height\":867},{\"@type\":\"BreadcrumbList\",\"@id\":\"https:\/\/agenciainfra.com\/blog\/considerada-prioritaria-ponte-entre-brasil-e-argentina-tem-licitacao-fracassada-no-dnit\/#breadcrumb\",\"itemListElement\":[{\"@type\":\"ListItem\",\"position\":1,\"name\":\"In\u00edcio\",\"item\":\"https:\/\/agenciainfra.com\/blog\/\"},{\"@type\":\"ListItem\",\"position\":2,\"name\":\"Considerada priorit\u00e1ria, ponte entre Brasil e Argentina tem licita\u00e7\u00e3o fracassada no DNIT\"}]},{\"@type\":\"WebSite\",\"@id\":\"https:\/\/agenciainfra.com\/blog\/#website\",\"url\":\"https:\/\/agenciainfra.com\/blog\/\",\"name\":\"Ag\u00eancia iNFRA\",\"description\":\"Multiplataforma de informa\u00e7\u00e3o jornal\u00edstica refer\u00eancia na \u00e1rea de infraestrutura no Brasil!\",\"publisher\":{\"@id\":\"https:\/\/agenciainfra.com\/blog\/#organization\"},\"potentialAction\":[{\"@type\":\"SearchAction\",\"target\":{\"@type\":\"EntryPoint\",\"urlTemplate\":\"https:\/\/agenciainfra.com\/blog\/?s={search_term_string}\"},\"query-input\":{\"@type\":\"PropertyValueSpecification\",\"valueRequired\":true,\"valueName\":\"search_term_string\"}}],\"inLanguage\":\"pt-BR\"},{\"@type\":\"Organization\",\"@id\":\"https:\/\/agenciainfra.com\/blog\/#organization\",\"name\":\"Ag\u00eancia iNFRA\",\"url\":\"https:\/\/agenciainfra.com\/blog\/\",\"logo\":{\"@type\":\"ImageObject\",\"inLanguage\":\"pt-BR\",\"@id\":\"https:\/\/agenciainfra.com\/blog\/#\/schema\/logo\/image\/\",\"url\":\"https:\/\/agenciainfra.com\/blog\/wp-content\/uploads\/2023\/09\/iNFRA_5-e1761735885940.png\",\"contentUrl\":\"https:\/\/agenciainfra.com\/blog\/wp-content\/uploads\/2023\/09\/iNFRA_5-e1761735885940.png\",\"width\":1672,\"height\":454,\"caption\":\"Ag\u00eancia iNFRA\"},\"image\":{\"@id\":\"https:\/\/agenciainfra.com\/blog\/#\/schema\/logo\/image\/\"},\"sameAs\":[\"https:\/\/www.facebook.com\/ageninfra\",\"https:\/\/x.com\/agencia_infra\",\"https:\/\/www.linkedin.com\/company\/ag\u00eanciainfra\/\",\"https:\/\/www.instagram.com\/agenciainfra\/\"]},{\"@type\":\"Person\",\"@id\":\"https:\/\/agenciainfra.com\/blog\/#\/schema\/person\/34af08dff6adea4cb22b06612ba7acfa\",\"name\":\"Ag\u00eancia iNFRA\",\"image\":{\"@type\":\"ImageObject\",\"inLanguage\":\"pt-BR\",\"@id\":\"https:\/\/agenciainfra.com\/blog\/#\/schema\/person\/image\/\",\"url\":\"https:\/\/secure.gravatar.com\/avatar\/d189e01678f06d8eb84d4e01f08eb848b3fffe3f8443818d3c356c66892f5be8?s=96&d=mm&r=g\",\"contentUrl\":\"https:\/\/secure.gravatar.com\/avatar\/d189e01678f06d8eb84d4e01f08eb848b3fffe3f8443818d3c356c66892f5be8?s=96&d=mm&r=g\",\"caption\":\"Ag\u00eancia iNFRA\"},\"url\":\"https:\/\/agenciainfra.com\/blog\/author\/admin\/\"}]}<\/script>\n<!-- \/ Yoast SEO Premium plugin. -->","yoast_head_json":{"title":"Considerada priorit\u00e1ria, ponte entre Brasil e Argentina tem licita\u00e7\u00e3o fracassada no DNIT - Ag\u00eancia iNFRA","robots":{"index":"index","follow":"follow","max-snippet":"max-snippet:-1","max-image-preview":"max-image-preview:large","max-video-preview":"max-video-preview:-1"},"canonical":"https:\/\/agenciainfra.com\/blog\/considerada-prioritaria-ponte-entre-brasil-e-argentina-tem-licitacao-fracassada-no-dnit\/","og_locale":"pt_BR","og_type":"article","og_title":"Considerada priorit\u00e1ria, ponte entre Brasil e Argentina tem licita\u00e7\u00e3o fracassada no DNIT","og_description":"Dimmi Amora, da Ag\u00eancia iNFRA A primeira tentativa para licitar a Ponte Internacional Porto Xavier e San Xavier, ligando Brasil e Argentina no Rio Grande do Sul, foi fracassada. Nenhuma das cinco empresas que entraram na disputa realizada pelo DNIT (Departamento Nacional de Infraestrutura de Transportes) chegou ao valor que o \u00f3rg\u00e3o entende adequado para [&hellip;]","og_url":"https:\/\/agenciainfra.com\/blog\/considerada-prioritaria-ponte-entre-brasil-e-argentina-tem-licitacao-fracassada-no-dnit\/","og_site_name":"Ag\u00eancia iNFRA","article_publisher":"https:\/\/www.facebook.com\/ageninfra","article_published_time":"2022-04-01T12:00:00+00:00","og_image":[{"width":1300,"height":867,"url":"https:\/\/agenciainfra.com\/blog\/wp-content\/uploads\/2022\/03\/ponte-br-argentina-foto-pref-sao-borja.jpeg","type":"image\/jpeg"}],"author":"Ag\u00eancia iNFRA","twitter_card":"summary_large_image","twitter_creator":"@agencia_infra","twitter_site":"@agencia_infra","twitter_misc":{"Escrito por":"Ag\u00eancia iNFRA","Est. tempo de leitura":"4 minutos"},"schema":{"@context":"https:\/\/schema.org","@graph":[{"@type":"Article","@id":"https:\/\/agenciainfra.com\/blog\/considerada-prioritaria-ponte-entre-brasil-e-argentina-tem-licitacao-fracassada-no-dnit\/#article","isPartOf":{"@id":"https:\/\/agenciainfra.com\/blog\/considerada-prioritaria-ponte-entre-brasil-e-argentina-tem-licitacao-fracassada-no-dnit\/"},"author":{"name":"Ag\u00eancia iNFRA","@id":"https:\/\/agenciainfra.com\/blog\/#\/schema\/person\/34af08dff6adea4cb22b06612ba7acfa"},"headline":"Considerada priorit\u00e1ria, ponte entre Brasil e Argentina tem licita\u00e7\u00e3o fracassada no DNIT","datePublished":"2022-04-01T12:00:00+00:00","mainEntityOfPage":{"@id":"https:\/\/agenciainfra.com\/blog\/considerada-prioritaria-ponte-entre-brasil-e-argentina-tem-licitacao-fracassada-no-dnit\/"},"wordCount":747,"publisher":{"@id":"https:\/\/agenciainfra.com\/blog\/#organization"},"image":{"@id":"https:\/\/agenciainfra.com\/blog\/considerada-prioritaria-ponte-entre-brasil-e-argentina-tem-licitacao-fracassada-no-dnit\/#primaryimage"},"thumbnailUrl":"https:\/\/agenciainfra.com\/blog\/wp-content\/uploads\/2022\/03\/ponte-br-argentina-foto-pref-sao-borja.jpeg","keywords":["ANTT","Argentina","BR-392\/RS","Brasil e Argentina","DNIT","Infraestrutura","infraestrutura de transportes","licita\u00e7\u00f5es","obras","ponte"],"articleSection":["Geral","iNFRATransporte"],"inLanguage":"pt-BR","copyrightYear":"2022","copyrightHolder":{"@id":"https:\/\/agenciainfra.com\/blog\/#organization"}},{"@type":"WebPage","@id":"https:\/\/agenciainfra.com\/blog\/considerada-prioritaria-ponte-entre-brasil-e-argentina-tem-licitacao-fracassada-no-dnit\/","url":"https:\/\/agenciainfra.com\/blog\/considerada-prioritaria-ponte-entre-brasil-e-argentina-tem-licitacao-fracassada-no-dnit\/","name":"Considerada priorit\u00e1ria, ponte entre Brasil e Argentina tem licita\u00e7\u00e3o fracassada no DNIT - Ag\u00eancia iNFRA","isPartOf":{"@id":"https:\/\/agenciainfra.com\/blog\/#website"},"primaryImageOfPage":{"@id":"https:\/\/agenciainfra.com\/blog\/considerada-prioritaria-ponte-entre-brasil-e-argentina-tem-licitacao-fracassada-no-dnit\/#primaryimage"},"image":{"@id":"https:\/\/agenciainfra.com\/blog\/considerada-prioritaria-ponte-entre-brasil-e-argentina-tem-licitacao-fracassada-no-dnit\/#primaryimage"},"thumbnailUrl":"https:\/\/agenciainfra.com\/blog\/wp-content\/uploads\/2022\/03\/ponte-br-argentina-foto-pref-sao-borja.jpeg","datePublished":"2022-04-01T12:00:00+00:00","breadcrumb":{"@id":"https:\/\/agenciainfra.com\/blog\/considerada-prioritaria-ponte-entre-brasil-e-argentina-tem-licitacao-fracassada-no-dnit\/#breadcrumb"},"inLanguage":"pt-BR","potentialAction":[{"@type":"ReadAction","target":["https:\/\/agenciainfra.com\/blog\/considerada-prioritaria-ponte-entre-brasil-e-argentina-tem-licitacao-fracassada-no-dnit\/"]}]},{"@type":"ImageObject","inLanguage":"pt-BR","@id":"https:\/\/agenciainfra.com\/blog\/considerada-prioritaria-ponte-entre-brasil-e-argentina-tem-licitacao-fracassada-no-dnit\/#primaryimage","url":"https:\/\/agenciainfra.com\/blog\/wp-content\/uploads\/2022\/03\/ponte-br-argentina-foto-pref-sao-borja.jpeg","contentUrl":"https:\/\/agenciainfra.com\/blog\/wp-content\/uploads\/2022\/03\/ponte-br-argentina-foto-pref-sao-borja.jpeg","width":1300,"height":867},{"@type":"BreadcrumbList","@id":"https:\/\/agenciainfra.com\/blog\/considerada-prioritaria-ponte-entre-brasil-e-argentina-tem-licitacao-fracassada-no-dnit\/#breadcrumb","itemListElement":[{"@type":"ListItem","position":1,"name":"In\u00edcio","item":"https:\/\/agenciainfra.com\/blog\/"},{"@type":"ListItem","position":2,"name":"Considerada priorit\u00e1ria, ponte entre Brasil e Argentina tem licita\u00e7\u00e3o fracassada no DNIT"}]},{"@type":"WebSite","@id":"https:\/\/agenciainfra.com\/blog\/#website","url":"https:\/\/agenciainfra.com\/blog\/","name":"Ag\u00eancia iNFRA","description":"Multiplataforma de informa\u00e7\u00e3o jornal\u00edstica refer\u00eancia na \u00e1rea de infraestrutura no Brasil!","publisher":{"@id":"https:\/\/agenciainfra.com\/blog\/#organization"},"potentialAction":[{"@type":"SearchAction","target":{"@type":"EntryPoint","urlTemplate":"https:\/\/agenciainfra.com\/blog\/?s={search_term_string}"},"query-input":{"@type":"PropertyValueSpecification","valueRequired":true,"valueName":"search_term_string"}}],"inLanguage":"pt-BR"},{"@type":"Organization","@id":"https:\/\/agenciainfra.com\/blog\/#organization","name":"Ag\u00eancia iNFRA","url":"https:\/\/agenciainfra.com\/blog\/","logo":{"@type":"ImageObject","inLanguage":"pt-BR","@id":"https:\/\/agenciainfra.com\/blog\/#\/schema\/logo\/image\/","url":"https:\/\/agenciainfra.com\/blog\/wp-content\/uploads\/2023\/09\/iNFRA_5-e1761735885940.png","contentUrl":"https:\/\/agenciainfra.com\/blog\/wp-content\/uploads\/2023\/09\/iNFRA_5-e1761735885940.png","width":1672,"height":454,"caption":"Ag\u00eancia iNFRA"},"image":{"@id":"https:\/\/agenciainfra.com\/blog\/#\/schema\/logo\/image\/"},"sameAs":["https:\/\/www.facebook.com\/ageninfra","https:\/\/x.com\/agencia_infra","https:\/\/www.linkedin.com\/company\/ag\u00eanciainfra\/","https:\/\/www.instagram.com\/agenciainfra\/"]},{"@type":"Person","@id":"https:\/\/agenciainfra.com\/blog\/#\/schema\/person\/34af08dff6adea4cb22b06612ba7acfa","name":"Ag\u00eancia iNFRA","image":{"@type":"ImageObject","inLanguage":"pt-BR","@id":"https:\/\/agenciainfra.com\/blog\/#\/schema\/person\/image\/","url":"https:\/\/secure.gravatar.com\/avatar\/d189e01678f06d8eb84d4e01f08eb848b3fffe3f8443818d3c356c66892f5be8?s=96&d=mm&r=g","contentUrl":"https:\/\/secure.gravatar.com\/avatar\/d189e01678f06d8eb84d4e01f08eb848b3fffe3f8443818d3c356c66892f5be8?s=96&d=mm&r=g","caption":"Ag\u00eancia iNFRA"},"url":"https:\/\/agenciainfra.com\/blog\/author\/admin\/"}]}},"_links":{"self":[{"href":"https:\/\/agenciainfra.com\/blog\/wp-json\/wp\/v2\/posts\/9913","targetHints":{"allow":["GET"]}}],"collection":[{"href":"https:\/\/agenciainfra.com\/blog\/wp-json\/wp\/v2\/posts"}],"about":[{"href":"https:\/\/agenciainfra.com\/blog\/wp-json\/wp\/v2\/types\/post"}],"author":[{"embeddable":true,"href":"https:\/\/agenciainfra.com\/blog\/wp-json\/wp\/v2\/users\/1"}],"replies":[{"embeddable":true,"href":"https:\/\/agenciainfra.com\/blog\/wp-json\/wp\/v2\/comments?post=9913"}],"version-history":[{"count":0,"href":"https:\/\/agenciainfra.com\/blog\/wp-json\/wp\/v2\/posts\/9913\/revisions"}],"wp:featuredmedia":[{"embeddable":true,"href":"https:\/\/agenciainfra.com\/blog\/wp-json\/wp\/v2\/media\/9914"}],"wp:attachment":[{"href":"https:\/\/agenciainfra.com\/blog\/wp-json\/wp\/v2\/media?parent=9913"}],"wp:term":[{"taxonomy":"category","embeddable":true,"href":"https:\/\/agenciainfra.com\/blog\/wp-json\/wp\/v2\/categories?post=9913"},{"taxonomy":"post_tag","embeddable":true,"href":"https:\/\/agenciainfra.com\/blog\/wp-json\/wp\/v2\/tags?post=9913"}],"curies":[{"name":"wp","href":"https:\/\/api.w.org\/{rel}","templated":true}]}}