{"id":9916,"date":"2022-04-01T10:00:00","date_gmt":"2022-04-01T13:00:00","guid":{"rendered":"https:\/\/www.agenciainfra.com\/blog\/?p=9916"},"modified":"2022-03-29T10:23:10","modified_gmt":"2022-03-29T13:23:10","slug":"infradebate-os-trilhos-tortuosos-das-ferrovias-do-brasil","status":"publish","type":"post","link":"https:\/\/agenciainfra.com\/blog\/infradebate-os-trilhos-tortuosos-das-ferrovias-do-brasil\/","title":{"rendered":"iNFRADebate: Os trilhos tortuosos das ferrovias do Brasil"},"content":{"rendered":"\n<p class=\"has-text-align-right\"><strong>Bernardo Figueiredo*<\/strong><\/p>\n\n\n\n<p><em>Novo marco legal e processo de autoriza\u00e7\u00f5es s\u00e3o insuficientes para elevar o modal ferrovi\u00e1rio ao patamar que se faz necess\u00e1rio.<\/em><\/p>\n\n\n\n<p>O Brasil precisa construir uma malha ferrovi\u00e1ria que tenha ampla cobertura do territ\u00f3rio nacional, interligando os centros de consumo aos polos de produ\u00e7\u00e3o. As vias f\u00e9rreas devem ser mais integradas, e o mercado tem uma forte demanda por maior flexibilidade de acesso das cargas aos trilhos. E tudo isso deve ser acompanhado por efici\u00eancia operacional, competitividade e tarifas justas. Mas ser\u00e1 que o novo marco legal das ferrovias (Lei 14.273\/2021) e o dispositivo das autoriza\u00e7\u00f5es conquistar\u00e3o essas metas? Definitivamente, a resposta \u00e9 n\u00e3o.<\/p>\n\n\n\n<p>Atribuir somente \u00e0 iniciativa privada a responsabilidade de incrementar a infraestrutura \u00e9 virar as costas para os desafios de um pa\u00eds como o Brasil, onde os produtos percorrem em m\u00e9dia 1.000 quil\u00f4metros para chegar ao seu destino. E n\u00e3o existe experi\u00eancia internacional de desenvolvimento de ferrovias sem uma forte participa\u00e7\u00e3o do poder p\u00fablico no suporte econ\u00f4mico-financeiro e regulat\u00f3rio.<\/p>\n\n\n\n<p>O governo atual vem justamente na contram\u00e3o de na\u00e7\u00f5es que, ironicamente, s\u00e3o usadas como exemplos. Para a Uni\u00e3o, a expans\u00e3o ferrovi\u00e1ria deve ser feita por meio de uma livre e desordenada iniciativa privada. E os t\u00e9cnicos do governo utilizam como refer\u00eancia os Estados Unidos com um vi\u00e9s desequilibrado. Ou h\u00e1 um grande desconhecimento sobre a hist\u00f3ria, ou podemos considerar a hip\u00f3tese de uma deturpa\u00e7\u00e3o proposital da realidade.<\/p>\n\n\n\n<p><strong>O exemplo da Am\u00e9rica<\/strong><br>Nos Estados Unidos, as ferrovias existentes foram constru\u00eddas no final do s\u00e9culo XIX e come\u00e7o do XX com uma forte participa\u00e7\u00e3o do governo em apoio \u00e0 iniciativa privada. Em 1916, a Am\u00e9rica j\u00e1 contava com 406 mil quil\u00f4metros de trilhos. Mas a crise econ\u00f4mica de 1929, a forte concorr\u00eancia da ind\u00fastria automotiva e a pouca racionalidade da malha (que tinha uma grande superposi\u00e7\u00e3o de trechos ferrovi\u00e1rios \u2013 pasme, como acontece hoje com algumas autoriza\u00e7\u00f5es no Centro-Oeste) comprometeram a competitividade e a viabilidade econ\u00f4mica dos operadores.<\/p>\n\n\n\n<p>Ao contr\u00e1rio do que se propaga, o <em>Staggers Act<\/em> de 1980 reduziu drasticamente a malha americana dos iniciais 406 mil para 222 mil quil\u00f4metros. Eliminou-se a superposi\u00e7\u00e3o de trechos antiecon\u00f4micos. E dos 56 operadores ferrovi\u00e1rios Classe I existentes em 1976, restaram apenas sete em 2015. Os Estados Unidos refor\u00e7aram a tese de monop\u00f3lio natural na ferrovia e geraram ganhos de escala e produtividade. Vale ressaltar que, recentemente, o governo de Joe Biden anunciou um agressivo programa p\u00fablico de investimentos para expandir as ferrovias.<\/p>\n\n\n\n<p><strong>Marco legal e autoriza\u00e7\u00f5es: um desencontro regulat\u00f3rio em desfavor do pa\u00eds<\/strong><br>O novo marco legal brasileiro estabelece que s\u00e3o pilares do modelo de autoriza\u00e7\u00e3o a liberdade dos autorizat\u00e1rios em cercear o acesso de terceiros \u00e0s ferrovias e de praticar pre\u00e7os sem nenhum tipo de limites. Se a ideia era se basear no modelo de sucesso norte-americano, n\u00f3s erramos. N\u00e3o s\u00f3 na Am\u00e9rica do Norte, mas tamb\u00e9m em muitos outros pa\u00edses desenvolvidos, o compartilhamento da infraestrutura \u00e9 uma pr\u00e1tica corriqueira. E os usu\u00e1rios norte-americanos s\u00e3o protegidos de abusos dos operadores \u2013 se as tarifas cobradas excederem 1,8 vez o custo vari\u00e1vel do transporte, elas podem ser revistas pelos \u00f3rg\u00e3os reguladores.<\/p>\n\n\n\n<p>O Brasil tem utilizado ferramentas estrat\u00e9gicas de maneira equivocada. Um exemplo \u00e9 o uso da outorga de autoriza\u00e7\u00e3o para construir novos trechos. Aportes dessa natureza s\u00e3o eficientes em situa\u00e7\u00f5es espec\u00edficas como, por exemplo, estender ferrovias existentes para aumentar a competitividade ou para eliminar a necessidade de viagens rodovi\u00e1rias longas para se acessar os trens. A autoriza\u00e7\u00e3o n\u00e3o \u00e9 um instrumento capaz de realizar todos os investimentos necess\u00e1rios para a infraestrutura nacional.<\/p>\n\n\n\n<p>Outro problema grave que se imp\u00f5e na esfera legal \u00e9 a falta de garantias de condi\u00e7\u00f5es m\u00ednimas de efetividade dos investimentos propostos. N\u00e3o estabelecer exig\u00eancias de qualifica\u00e7\u00e3o do projeto e do solicitante estimula especula\u00e7\u00e3o que serve somente para posicionar estrategicamente os proponentes de \u201cferrovias de papel\u201d e desestabilizar a concorr\u00eancia. Conceder m\u00faltiplas autoriza\u00e7\u00f5es para o mesmo par de origem e destino, muitas vezes com tra\u00e7ados superpostos, inviabiliza a realiza\u00e7\u00e3o do investimento por qualquer um dos proponentes ao impor um risco n\u00e3o-gerenci\u00e1vel.<\/p>\n\n\n\n<p>As concess\u00f5es de malhas que estejam na \u00e1rea de influ\u00eancia de autoriza\u00e7\u00f5es podem revisitar ou at\u00e9 cancelar investimentos programados. Afinal, nenhum <em>player <\/em>privado que se preze \u201crasgar\u00e1 dinheiro\u201d quando o cen\u00e1rio for de uma competi\u00e7\u00e3o predat\u00f3ria, na qual a \u201camea\u00e7a de fretes baixos\u201d serve apenas ao objetivo de eliminar concorrentes indesejados. Por \u00f3bvio, isso afeta gravemente o equil\u00edbrio econ\u00f4mico-financeiro de qualquer concession\u00e1rio e a conta ser\u00e1 cobrada do poder concedente e dos usu\u00e1rios.<\/p>\n\n\n\n<p>O instrumento da autoriza\u00e7\u00e3o foi precarizado, e seu uso hoje cria uma ilus\u00e3o de que ele tem o poder de viabilizar os investimentos necess\u00e1rios para as ferrovias. Se o governo n\u00e3o revisitar esse processo e o seu marco legal, assistiremos novamente a um novo ciclo de atrasos da infraestrutura do pa\u00eds.<\/p>\n\n\n\n<h6 class=\"wp-block-heading\">*Bernardo Figueiredo<strong> \u00e9 economista de forma\u00e7\u00e3o, j\u00e1 atuou como diretor-geral da ANTT (Ag\u00eancia Nacional de Transportes Terrestres); diretor administrativo e financeiro da Valec \u2013 Engenharia, Constru\u00e7\u00f5es e Ferrovias SA; diretor executivo da ANTF (Associa\u00e7\u00e3o Nacional dos Transportadores Ferrovi\u00e1rios); e presidente da estatal EPL (Empresa de Planejamento e Log\u00edstica S.A.)<\/strong><\/h6>\n\n\n\n<h5 class=\"wp-block-heading\" id=\"block-d67878ff-7627-4f15-b175-8f58269174ff\">O iNFRADebate \u00e9 o espa\u00e7o de artigos da Ag\u00eancia iNFRA com opini\u00f5es de seus atores que n\u00e3o refletem necessariamente o pensamento da Ag\u00eancia iNFRA, sendo de total responsabilidade do autor as informa\u00e7\u00f5es, ju\u00edzos de valor e conceitos descritos no texto.<\/h5>\n","protected":false},"excerpt":{"rendered":"<p>Bernardo Figueiredo* Novo marco legal e processo de autoriza\u00e7\u00f5es s\u00e3o insuficientes para elevar o modal ferrovi\u00e1rio ao patamar que se faz necess\u00e1rio. O Brasil precisa construir uma malha ferrovi\u00e1ria que tenha ampla cobertura do territ\u00f3rio nacional, interligando os centros de consumo aos polos de produ\u00e7\u00e3o. As vias f\u00e9rreas devem ser mais integradas, e o mercado [&hellip;]<\/p>\n","protected":false},"author":1,"featured_media":5625,"comment_status":"closed","ping_status":"closed","sticky":false,"template":"","format":"standard","meta":{"_monsterinsights_skip_tracking":false,"_monsterinsights_sitenote_active":false,"_monsterinsights_sitenote_note":"","_monsterinsights_sitenote_category":0,"footnotes":""},"categories":[1,11],"tags":[46,19,4651,3557,120,34,3853,270,1033,70],"class_list":["post-9916","post","type-post","status-publish","format-standard","has-post-thumbnail","hentry","category-geral","category-infradebate","tag-agencias-reguladoras","tag-antt","tag-autorizacoes-ferroviarias","tag-expansao","tag-ferrovias","tag-infraestrutura","tag-infraestrutura-ferroviaria","tag-malha-ferroviaria","tag-transporte-ferroviario","tag-transportes"],"yoast_head":"<!-- This site is optimized with the Yoast SEO Premium plugin v25.4 (Yoast SEO v26.0) - https:\/\/yoast.com\/wordpress\/plugins\/seo\/ -->\n<title>iNFRADebate: Os trilhos tortuosos das ferrovias do Brasil - Ag\u00eancia iNFRA<\/title>\n<meta name=\"robots\" content=\"index, follow, max-snippet:-1, max-image-preview:large, max-video-preview:-1\" \/>\n<link rel=\"canonical\" href=\"https:\/\/agenciainfra.com\/blog\/infradebate-os-trilhos-tortuosos-das-ferrovias-do-brasil\/\" \/>\n<meta property=\"og:locale\" content=\"pt_BR\" \/>\n<meta property=\"og:type\" content=\"article\" \/>\n<meta property=\"og:title\" content=\"iNFRADebate: Os trilhos tortuosos das ferrovias do Brasil\" \/>\n<meta property=\"og:description\" content=\"Bernardo Figueiredo* Novo marco legal e processo de autoriza\u00e7\u00f5es s\u00e3o insuficientes para elevar o modal ferrovi\u00e1rio ao patamar que se faz necess\u00e1rio. O Brasil precisa construir uma malha ferrovi\u00e1ria que tenha ampla cobertura do territ\u00f3rio nacional, interligando os centros de consumo aos polos de produ\u00e7\u00e3o. As vias f\u00e9rreas devem ser mais integradas, e o mercado [&hellip;]\" \/>\n<meta property=\"og:url\" content=\"https:\/\/agenciainfra.com\/blog\/infradebate-os-trilhos-tortuosos-das-ferrovias-do-brasil\/\" \/>\n<meta property=\"og:site_name\" content=\"Ag\u00eancia iNFRA\" \/>\n<meta property=\"article:publisher\" content=\"https:\/\/www.facebook.com\/ageninfra\" \/>\n<meta property=\"article:published_time\" content=\"2022-04-01T13:00:00+00:00\" \/>\n<meta property=\"og:image\" content=\"https:\/\/agenciainfra.com\/blog\/wp-content\/uploads\/2020\/08\/linha-ferroviaria-foto-dominio-publico.jpg\" \/>\n\t<meta property=\"og:image:width\" content=\"1280\" \/>\n\t<meta property=\"og:image:height\" content=\"852\" \/>\n\t<meta property=\"og:image:type\" content=\"image\/jpeg\" \/>\n<meta name=\"author\" content=\"Ag\u00eancia iNFRA\" \/>\n<meta name=\"twitter:card\" content=\"summary_large_image\" \/>\n<meta name=\"twitter:creator\" content=\"@agencia_infra\" \/>\n<meta name=\"twitter:site\" content=\"@agencia_infra\" \/>\n<meta name=\"twitter:label1\" content=\"Escrito por\" \/>\n\t<meta name=\"twitter:data1\" content=\"Ag\u00eancia iNFRA\" \/>\n\t<meta name=\"twitter:label2\" content=\"Est. tempo de leitura\" \/>\n\t<meta name=\"twitter:data2\" content=\"5 minutos\" \/>\n<script type=\"application\/ld+json\" class=\"yoast-schema-graph\">{\"@context\":\"https:\/\/schema.org\",\"@graph\":[{\"@type\":\"Article\",\"@id\":\"https:\/\/agenciainfra.com\/blog\/infradebate-os-trilhos-tortuosos-das-ferrovias-do-brasil\/#article\",\"isPartOf\":{\"@id\":\"https:\/\/agenciainfra.com\/blog\/infradebate-os-trilhos-tortuosos-das-ferrovias-do-brasil\/\"},\"author\":{\"name\":\"Ag\u00eancia iNFRA\",\"@id\":\"https:\/\/agenciainfra.com\/blog\/#\/schema\/person\/34af08dff6adea4cb22b06612ba7acfa\"},\"headline\":\"iNFRADebate: Os trilhos tortuosos das ferrovias do Brasil\",\"datePublished\":\"2022-04-01T13:00:00+00:00\",\"mainEntityOfPage\":{\"@id\":\"https:\/\/agenciainfra.com\/blog\/infradebate-os-trilhos-tortuosos-das-ferrovias-do-brasil\/\"},\"wordCount\":984,\"publisher\":{\"@id\":\"https:\/\/agenciainfra.com\/blog\/#organization\"},\"image\":{\"@id\":\"https:\/\/agenciainfra.com\/blog\/infradebate-os-trilhos-tortuosos-das-ferrovias-do-brasil\/#primaryimage\"},\"thumbnailUrl\":\"https:\/\/agenciainfra.com\/blog\/wp-content\/uploads\/2020\/08\/linha-ferroviaria-foto-dominio-publico.jpg\",\"keywords\":[\"Ag\u00eancias Reguladoras\",\"ANTT\",\"autoriza\u00e7\u00f5es ferrovi\u00e1rias\",\"expans\u00e3o\",\"Ferrovias\",\"Infraestrutura\",\"infraestrutura ferrovi\u00e1ria\",\"malha ferrovi\u00e1ria\",\"transporte ferrovi\u00e1rio\",\"transportes\"],\"articleSection\":[\"Geral\",\"iNFRADebate\"],\"inLanguage\":\"pt-BR\",\"copyrightYear\":\"2022\",\"copyrightHolder\":{\"@id\":\"https:\/\/agenciainfra.com\/blog\/#organization\"}},{\"@type\":\"WebPage\",\"@id\":\"https:\/\/agenciainfra.com\/blog\/infradebate-os-trilhos-tortuosos-das-ferrovias-do-brasil\/\",\"url\":\"https:\/\/agenciainfra.com\/blog\/infradebate-os-trilhos-tortuosos-das-ferrovias-do-brasil\/\",\"name\":\"iNFRADebate: Os trilhos tortuosos das ferrovias do Brasil - Ag\u00eancia iNFRA\",\"isPartOf\":{\"@id\":\"https:\/\/agenciainfra.com\/blog\/#website\"},\"primaryImageOfPage\":{\"@id\":\"https:\/\/agenciainfra.com\/blog\/infradebate-os-trilhos-tortuosos-das-ferrovias-do-brasil\/#primaryimage\"},\"image\":{\"@id\":\"https:\/\/agenciainfra.com\/blog\/infradebate-os-trilhos-tortuosos-das-ferrovias-do-brasil\/#primaryimage\"},\"thumbnailUrl\":\"https:\/\/agenciainfra.com\/blog\/wp-content\/uploads\/2020\/08\/linha-ferroviaria-foto-dominio-publico.jpg\",\"datePublished\":\"2022-04-01T13:00:00+00:00\",\"breadcrumb\":{\"@id\":\"https:\/\/agenciainfra.com\/blog\/infradebate-os-trilhos-tortuosos-das-ferrovias-do-brasil\/#breadcrumb\"},\"inLanguage\":\"pt-BR\",\"potentialAction\":[{\"@type\":\"ReadAction\",\"target\":[\"https:\/\/agenciainfra.com\/blog\/infradebate-os-trilhos-tortuosos-das-ferrovias-do-brasil\/\"]}]},{\"@type\":\"ImageObject\",\"inLanguage\":\"pt-BR\",\"@id\":\"https:\/\/agenciainfra.com\/blog\/infradebate-os-trilhos-tortuosos-das-ferrovias-do-brasil\/#primaryimage\",\"url\":\"https:\/\/agenciainfra.com\/blog\/wp-content\/uploads\/2020\/08\/linha-ferroviaria-foto-dominio-publico.jpg\",\"contentUrl\":\"https:\/\/agenciainfra.com\/blog\/wp-content\/uploads\/2020\/08\/linha-ferroviaria-foto-dominio-publico.jpg\",\"width\":1280,\"height\":852,\"caption\":\"Foto: Dom\u00ednio P\u00fablico\"},{\"@type\":\"BreadcrumbList\",\"@id\":\"https:\/\/agenciainfra.com\/blog\/infradebate-os-trilhos-tortuosos-das-ferrovias-do-brasil\/#breadcrumb\",\"itemListElement\":[{\"@type\":\"ListItem\",\"position\":1,\"name\":\"In\u00edcio\",\"item\":\"https:\/\/agenciainfra.com\/blog\/\"},{\"@type\":\"ListItem\",\"position\":2,\"name\":\"iNFRADebate: Os trilhos tortuosos das ferrovias do Brasil\"}]},{\"@type\":\"WebSite\",\"@id\":\"https:\/\/agenciainfra.com\/blog\/#website\",\"url\":\"https:\/\/agenciainfra.com\/blog\/\",\"name\":\"Ag\u00eancia iNFRA\",\"description\":\"Multiplataforma de informa\u00e7\u00e3o jornal\u00edstica refer\u00eancia na \u00e1rea de infraestrutura no Brasil!\",\"publisher\":{\"@id\":\"https:\/\/agenciainfra.com\/blog\/#organization\"},\"potentialAction\":[{\"@type\":\"SearchAction\",\"target\":{\"@type\":\"EntryPoint\",\"urlTemplate\":\"https:\/\/agenciainfra.com\/blog\/?s={search_term_string}\"},\"query-input\":{\"@type\":\"PropertyValueSpecification\",\"valueRequired\":true,\"valueName\":\"search_term_string\"}}],\"inLanguage\":\"pt-BR\"},{\"@type\":\"Organization\",\"@id\":\"https:\/\/agenciainfra.com\/blog\/#organization\",\"name\":\"Ag\u00eancia iNFRA\",\"url\":\"https:\/\/agenciainfra.com\/blog\/\",\"logo\":{\"@type\":\"ImageObject\",\"inLanguage\":\"pt-BR\",\"@id\":\"https:\/\/agenciainfra.com\/blog\/#\/schema\/logo\/image\/\",\"url\":\"https:\/\/agenciainfra.com\/blog\/wp-content\/uploads\/2023\/09\/iNFRA_5-e1761735885940.png\",\"contentUrl\":\"https:\/\/agenciainfra.com\/blog\/wp-content\/uploads\/2023\/09\/iNFRA_5-e1761735885940.png\",\"width\":1672,\"height\":454,\"caption\":\"Ag\u00eancia iNFRA\"},\"image\":{\"@id\":\"https:\/\/agenciainfra.com\/blog\/#\/schema\/logo\/image\/\"},\"sameAs\":[\"https:\/\/www.facebook.com\/ageninfra\",\"https:\/\/x.com\/agencia_infra\",\"https:\/\/www.linkedin.com\/company\/ag\u00eanciainfra\/\",\"https:\/\/www.instagram.com\/agenciainfra\/\"]},{\"@type\":\"Person\",\"@id\":\"https:\/\/agenciainfra.com\/blog\/#\/schema\/person\/34af08dff6adea4cb22b06612ba7acfa\",\"name\":\"Ag\u00eancia iNFRA\",\"image\":{\"@type\":\"ImageObject\",\"inLanguage\":\"pt-BR\",\"@id\":\"https:\/\/agenciainfra.com\/blog\/#\/schema\/person\/image\/\",\"url\":\"https:\/\/secure.gravatar.com\/avatar\/d189e01678f06d8eb84d4e01f08eb848b3fffe3f8443818d3c356c66892f5be8?s=96&d=mm&r=g\",\"contentUrl\":\"https:\/\/secure.gravatar.com\/avatar\/d189e01678f06d8eb84d4e01f08eb848b3fffe3f8443818d3c356c66892f5be8?s=96&d=mm&r=g\",\"caption\":\"Ag\u00eancia iNFRA\"},\"url\":\"https:\/\/agenciainfra.com\/blog\/author\/admin\/\"}]}<\/script>\n<!-- \/ Yoast SEO Premium plugin. -->","yoast_head_json":{"title":"iNFRADebate: Os trilhos tortuosos das ferrovias do Brasil - Ag\u00eancia iNFRA","robots":{"index":"index","follow":"follow","max-snippet":"max-snippet:-1","max-image-preview":"max-image-preview:large","max-video-preview":"max-video-preview:-1"},"canonical":"https:\/\/agenciainfra.com\/blog\/infradebate-os-trilhos-tortuosos-das-ferrovias-do-brasil\/","og_locale":"pt_BR","og_type":"article","og_title":"iNFRADebate: Os trilhos tortuosos das ferrovias do Brasil","og_description":"Bernardo Figueiredo* Novo marco legal e processo de autoriza\u00e7\u00f5es s\u00e3o insuficientes para elevar o modal ferrovi\u00e1rio ao patamar que se faz necess\u00e1rio. O Brasil precisa construir uma malha ferrovi\u00e1ria que tenha ampla cobertura do territ\u00f3rio nacional, interligando os centros de consumo aos polos de produ\u00e7\u00e3o. As vias f\u00e9rreas devem ser mais integradas, e o mercado [&hellip;]","og_url":"https:\/\/agenciainfra.com\/blog\/infradebate-os-trilhos-tortuosos-das-ferrovias-do-brasil\/","og_site_name":"Ag\u00eancia iNFRA","article_publisher":"https:\/\/www.facebook.com\/ageninfra","article_published_time":"2022-04-01T13:00:00+00:00","og_image":[{"width":1280,"height":852,"url":"https:\/\/agenciainfra.com\/blog\/wp-content\/uploads\/2020\/08\/linha-ferroviaria-foto-dominio-publico.jpg","type":"image\/jpeg"}],"author":"Ag\u00eancia iNFRA","twitter_card":"summary_large_image","twitter_creator":"@agencia_infra","twitter_site":"@agencia_infra","twitter_misc":{"Escrito por":"Ag\u00eancia iNFRA","Est. tempo de leitura":"5 minutos"},"schema":{"@context":"https:\/\/schema.org","@graph":[{"@type":"Article","@id":"https:\/\/agenciainfra.com\/blog\/infradebate-os-trilhos-tortuosos-das-ferrovias-do-brasil\/#article","isPartOf":{"@id":"https:\/\/agenciainfra.com\/blog\/infradebate-os-trilhos-tortuosos-das-ferrovias-do-brasil\/"},"author":{"name":"Ag\u00eancia iNFRA","@id":"https:\/\/agenciainfra.com\/blog\/#\/schema\/person\/34af08dff6adea4cb22b06612ba7acfa"},"headline":"iNFRADebate: Os trilhos tortuosos das ferrovias do Brasil","datePublished":"2022-04-01T13:00:00+00:00","mainEntityOfPage":{"@id":"https:\/\/agenciainfra.com\/blog\/infradebate-os-trilhos-tortuosos-das-ferrovias-do-brasil\/"},"wordCount":984,"publisher":{"@id":"https:\/\/agenciainfra.com\/blog\/#organization"},"image":{"@id":"https:\/\/agenciainfra.com\/blog\/infradebate-os-trilhos-tortuosos-das-ferrovias-do-brasil\/#primaryimage"},"thumbnailUrl":"https:\/\/agenciainfra.com\/blog\/wp-content\/uploads\/2020\/08\/linha-ferroviaria-foto-dominio-publico.jpg","keywords":["Ag\u00eancias Reguladoras","ANTT","autoriza\u00e7\u00f5es ferrovi\u00e1rias","expans\u00e3o","Ferrovias","Infraestrutura","infraestrutura ferrovi\u00e1ria","malha ferrovi\u00e1ria","transporte ferrovi\u00e1rio","transportes"],"articleSection":["Geral","iNFRADebate"],"inLanguage":"pt-BR","copyrightYear":"2022","copyrightHolder":{"@id":"https:\/\/agenciainfra.com\/blog\/#organization"}},{"@type":"WebPage","@id":"https:\/\/agenciainfra.com\/blog\/infradebate-os-trilhos-tortuosos-das-ferrovias-do-brasil\/","url":"https:\/\/agenciainfra.com\/blog\/infradebate-os-trilhos-tortuosos-das-ferrovias-do-brasil\/","name":"iNFRADebate: Os trilhos tortuosos das ferrovias do Brasil - Ag\u00eancia iNFRA","isPartOf":{"@id":"https:\/\/agenciainfra.com\/blog\/#website"},"primaryImageOfPage":{"@id":"https:\/\/agenciainfra.com\/blog\/infradebate-os-trilhos-tortuosos-das-ferrovias-do-brasil\/#primaryimage"},"image":{"@id":"https:\/\/agenciainfra.com\/blog\/infradebate-os-trilhos-tortuosos-das-ferrovias-do-brasil\/#primaryimage"},"thumbnailUrl":"https:\/\/agenciainfra.com\/blog\/wp-content\/uploads\/2020\/08\/linha-ferroviaria-foto-dominio-publico.jpg","datePublished":"2022-04-01T13:00:00+00:00","breadcrumb":{"@id":"https:\/\/agenciainfra.com\/blog\/infradebate-os-trilhos-tortuosos-das-ferrovias-do-brasil\/#breadcrumb"},"inLanguage":"pt-BR","potentialAction":[{"@type":"ReadAction","target":["https:\/\/agenciainfra.com\/blog\/infradebate-os-trilhos-tortuosos-das-ferrovias-do-brasil\/"]}]},{"@type":"ImageObject","inLanguage":"pt-BR","@id":"https:\/\/agenciainfra.com\/blog\/infradebate-os-trilhos-tortuosos-das-ferrovias-do-brasil\/#primaryimage","url":"https:\/\/agenciainfra.com\/blog\/wp-content\/uploads\/2020\/08\/linha-ferroviaria-foto-dominio-publico.jpg","contentUrl":"https:\/\/agenciainfra.com\/blog\/wp-content\/uploads\/2020\/08\/linha-ferroviaria-foto-dominio-publico.jpg","width":1280,"height":852,"caption":"Foto: Dom\u00ednio P\u00fablico"},{"@type":"BreadcrumbList","@id":"https:\/\/agenciainfra.com\/blog\/infradebate-os-trilhos-tortuosos-das-ferrovias-do-brasil\/#breadcrumb","itemListElement":[{"@type":"ListItem","position":1,"name":"In\u00edcio","item":"https:\/\/agenciainfra.com\/blog\/"},{"@type":"ListItem","position":2,"name":"iNFRADebate: Os trilhos tortuosos das ferrovias do Brasil"}]},{"@type":"WebSite","@id":"https:\/\/agenciainfra.com\/blog\/#website","url":"https:\/\/agenciainfra.com\/blog\/","name":"Ag\u00eancia iNFRA","description":"Multiplataforma de informa\u00e7\u00e3o jornal\u00edstica refer\u00eancia na \u00e1rea de infraestrutura no Brasil!","publisher":{"@id":"https:\/\/agenciainfra.com\/blog\/#organization"},"potentialAction":[{"@type":"SearchAction","target":{"@type":"EntryPoint","urlTemplate":"https:\/\/agenciainfra.com\/blog\/?s={search_term_string}"},"query-input":{"@type":"PropertyValueSpecification","valueRequired":true,"valueName":"search_term_string"}}],"inLanguage":"pt-BR"},{"@type":"Organization","@id":"https:\/\/agenciainfra.com\/blog\/#organization","name":"Ag\u00eancia iNFRA","url":"https:\/\/agenciainfra.com\/blog\/","logo":{"@type":"ImageObject","inLanguage":"pt-BR","@id":"https:\/\/agenciainfra.com\/blog\/#\/schema\/logo\/image\/","url":"https:\/\/agenciainfra.com\/blog\/wp-content\/uploads\/2023\/09\/iNFRA_5-e1761735885940.png","contentUrl":"https:\/\/agenciainfra.com\/blog\/wp-content\/uploads\/2023\/09\/iNFRA_5-e1761735885940.png","width":1672,"height":454,"caption":"Ag\u00eancia iNFRA"},"image":{"@id":"https:\/\/agenciainfra.com\/blog\/#\/schema\/logo\/image\/"},"sameAs":["https:\/\/www.facebook.com\/ageninfra","https:\/\/x.com\/agencia_infra","https:\/\/www.linkedin.com\/company\/ag\u00eanciainfra\/","https:\/\/www.instagram.com\/agenciainfra\/"]},{"@type":"Person","@id":"https:\/\/agenciainfra.com\/blog\/#\/schema\/person\/34af08dff6adea4cb22b06612ba7acfa","name":"Ag\u00eancia iNFRA","image":{"@type":"ImageObject","inLanguage":"pt-BR","@id":"https:\/\/agenciainfra.com\/blog\/#\/schema\/person\/image\/","url":"https:\/\/secure.gravatar.com\/avatar\/d189e01678f06d8eb84d4e01f08eb848b3fffe3f8443818d3c356c66892f5be8?s=96&d=mm&r=g","contentUrl":"https:\/\/secure.gravatar.com\/avatar\/d189e01678f06d8eb84d4e01f08eb848b3fffe3f8443818d3c356c66892f5be8?s=96&d=mm&r=g","caption":"Ag\u00eancia iNFRA"},"url":"https:\/\/agenciainfra.com\/blog\/author\/admin\/"}]}},"_links":{"self":[{"href":"https:\/\/agenciainfra.com\/blog\/wp-json\/wp\/v2\/posts\/9916","targetHints":{"allow":["GET"]}}],"collection":[{"href":"https:\/\/agenciainfra.com\/blog\/wp-json\/wp\/v2\/posts"}],"about":[{"href":"https:\/\/agenciainfra.com\/blog\/wp-json\/wp\/v2\/types\/post"}],"author":[{"embeddable":true,"href":"https:\/\/agenciainfra.com\/blog\/wp-json\/wp\/v2\/users\/1"}],"replies":[{"embeddable":true,"href":"https:\/\/agenciainfra.com\/blog\/wp-json\/wp\/v2\/comments?post=9916"}],"version-history":[{"count":0,"href":"https:\/\/agenciainfra.com\/blog\/wp-json\/wp\/v2\/posts\/9916\/revisions"}],"wp:featuredmedia":[{"embeddable":true,"href":"https:\/\/agenciainfra.com\/blog\/wp-json\/wp\/v2\/media\/5625"}],"wp:attachment":[{"href":"https:\/\/agenciainfra.com\/blog\/wp-json\/wp\/v2\/media?parent=9916"}],"wp:term":[{"taxonomy":"category","embeddable":true,"href":"https:\/\/agenciainfra.com\/blog\/wp-json\/wp\/v2\/categories?post=9916"},{"taxonomy":"post_tag","embeddable":true,"href":"https:\/\/agenciainfra.com\/blog\/wp-json\/wp\/v2\/tags?post=9916"}],"curies":[{"name":"wp","href":"https:\/\/api.w.org\/{rel}","templated":true}]}}