{"id":9938,"date":"2022-04-01T08:00:00","date_gmt":"2022-04-01T11:00:00","guid":{"rendered":"https:\/\/www.agenciainfra.com\/blog\/?p=9938"},"modified":"2022-03-31T10:22:11","modified_gmt":"2022-03-31T13:22:11","slug":"transmissoras-se-mobilizam-para-evitar-mudancas-na-regulacao-de-interrupcoes","status":"publish","type":"post","link":"https:\/\/agenciainfra.com\/blog\/transmissoras-se-mobilizam-para-evitar-mudancas-na-regulacao-de-interrupcoes\/","title":{"rendered":"Transmissoras se mobilizam para evitar mudan\u00e7as na regula\u00e7\u00e3o de interrup\u00e7\u00f5es"},"content":{"rendered":"\n<p class=\"has-text-align-right\"><strong>Antonio Carlos Sil, para a Ag\u00eancia iNFRA<\/strong><\/p>\n\n\n\n<p>As regras de penaliza\u00e7\u00e3o para casos de quedas de torres em linhas de transmiss\u00e3o, com interrup\u00e7\u00e3o no fluxo de energia, podem ficar mais rigorosas para as concession\u00e1rias do segmento, segundo informa\u00e7\u00e3o da Abrate&nbsp;(Associa\u00e7\u00e3o Brasileira das Empresas de Transmiss\u00e3o de Energia El\u00e9trica).<\/p>\n\n\n\n<p>De acordo com a entidade, h\u00e1 estudos por parte da ANEEL (Ag\u00eancia Nacional de Energia El\u00e9trica) e do ONS (Operador Nacional do Sistema El\u00e9trico) que visam mudan\u00e7as na regulamenta\u00e7\u00e3o em vigor. Se forem efetivadas, a tend\u00eancia \u00e9 impactar negativamente a remunera\u00e7\u00e3o das companhias, mais especificamente a chamada RAP (Receita Anual Permitida). A ideia dos reguladores \u00e9 buscar induzir restabelecimentos mais r\u00e1pidos do servi\u00e7o, mesmo em&nbsp;caso de acidentes provocados por vendavais.<\/p>\n\n\n\n<p>O centro da quest\u00e3o, explica o presidente da Abrate, Mario Miranda, \u00e9 que ANEEL e ONS est\u00e3o tendendo a chegar a um consenso de que, acima do per\u00edodo de toler\u00e2ncia previsto em contrato, deve haver penaliza\u00e7\u00e3o mesmo para acidentes provocados por eventos clim\u00e1ticos extremos ou causados por raz\u00f5es fortuitas, como queda de bal\u00e3o ou queimada. Hoje as empresas sofrem penalidades nos casos em que se venha constatar falhas estruturais nas torres ou erros de projeto, entre outras falhas de responsabilidade.<\/p>\n\n\n\n<p>Mario Miranda explica que, por mais que as concession\u00e1rias tenham, ao longo do tempo, evolu\u00eddo bastante em recursos tecnol\u00f3gicos de previs\u00e3o de tempo, em log\u00edstica e nas t\u00e9cnicas construtivas, elas n\u00e3o podem ser responsabilizadas por acidentes causados por ventos de intensidade imprevis\u00edvel. Principalmente porque, hoje, n\u00e3o raro eles ultrapassam 180 km&nbsp;por hora, devido \u00e0s mudan\u00e7as clim\u00e1ticas que v\u00eam ocorrendo n\u00e3o s\u00f3 no Brasil como no mundo todo.<\/p>\n\n\n\n<p>\u201cO C\u00f3digo Civil brasileiro \u00e9 pr\u00f3digo em dizer que \u00e9 excludente de responsabilidade se algu\u00e9m estiver sob for\u00e7a maior ou um caso fortuito. Ou seja, se ele n\u00e3o deu causa, em boa f\u00e9, daquela ocorr\u00eancia, como \u00e9 o fen\u00f4meno clim\u00e1tico\u201d, ressaltou Miranda, em entrevista \u00e0&nbsp;<strong>Ag\u00eancia iNFRA<\/strong>.<\/p>\n\n\n\n<p>As concession\u00e1rias de transmiss\u00e3o que integram a associa\u00e7\u00e3o, diz o executivo, est\u00e3o fazendo um levantamento de ocorr\u00eancias para poder levar dados consolidados \u00e0 ANEEL e assim tentar demover uma mudan\u00e7a na regula\u00e7\u00e3o. \u00c9 sabido, no entanto, que tem aumentado o n\u00famero de acidentes em linh\u00f5es, decorrentes de fortes vendavais.<\/p>\n\n\n\n<p>Miranda explica que somente os contratos dos projetos mais novos levados a leil\u00f5es recentes cont\u00eam exig\u00eancia de medi\u00e7\u00e3o pr\u00e9via de ventos nas regi\u00f5es onde v\u00e3o ser instalados. Ainda assim, isso n\u00e3o justificaria, afirma, uma penaliza\u00e7\u00e3o mais r\u00edgida caso esses futuros empreendimentos venham a enfrentar vendavais violentos.<\/p>\n\n\n\n<p>\u201cCom as medi\u00e7\u00f5es pr\u00e9vias, at\u00e9 posso projetar linhas mais robustas, por\u00e9m quem \u00e9 capaz de garantir que as novas torres ir\u00e3o resistir, tendo em vista a forma como os eventos clim\u00e1ticos est\u00e3o evoluindo para pior?\u201d, questiona o presidente da Abrate.<\/p>\n\n\n\n<p>Mario Miranda lembra que entre as d\u00e9cadas de 1960 e 1970, por conta da pobreza de dados meteorol\u00f3gicos, optou-se por seguir refer\u00eancias internacionais, na base de 110 km\/h para a fabrica\u00e7\u00e3o de torres met\u00e1licas com resist\u00eancia compat\u00edvel. S\u00f3 na d\u00e9cada de 1980, com a constru\u00e7\u00e3o dos linh\u00f5es para escoamento da energia produzida pela hidrel\u00e9trica Itaipu, \u00e9 que o padr\u00e3o mudou para 150 km\/h e, posteriormente, para 180 km\/h. Ou seja, fica claro, segundo o executivo, que historicamente o clima vem se tornando cada vez mais hostil. O problema \u00e9 que h\u00e1 muitas linhas de transmiss\u00e3o das d\u00e9cadas de 1960 e 1970, ainda em opera\u00e7\u00e3o.<\/p>\n\n\n\n<p>\u201cO que devemos fazer em rela\u00e7\u00e3o a essas linhas mais antigas? Refor\u00e7ar todas elas? A que custo?\u201d, questiona Miranda, lembrando ainda que s\u00e3o necess\u00e1rios 80 profissionais, pelo menos, para reconstruir trechos de linhas, sendo que em alguns acidentes, caem dez ou mais estruturas ao mesmo tempo. Segundo ele, \u00e9 preciso mobilizar uma s\u00e9rie de equipamentos \u2013 incluindo torres provis\u00f3rias que pesam toneladas \u2013 al\u00e9m de providenciar toda uma infraestrutura para a perman\u00eancia dos t\u00e9cnicos no local do evento, por tempo indeterminado.<\/p>\n\n\n\n<p>Dados preliminares, segundo Miranda, j\u00e1 permitem tra\u00e7ar uma esp\u00e9cie de mapa evolutivo da agressividades dos temporais ao longo do tempo. Os fen\u00f4menos mais fortes come\u00e7aram a ser observados com mais frequ\u00eancia e intensidade no estado do Paran\u00e1. Depois passaram a ser notados em Santa Catarina e Rio Grande do Sul. Agora tamb\u00e9m se verificam ocorr\u00eancias semelhantes no Oeste do estado de S\u00e3o Paulo e no Tri\u00e2ngulo Mineiro.<\/p>\n\n\n\n<p>Mario Miranda acredita no di\u00e1logo de sempre com os \u00f3rg\u00e3os reguladores, para se chegar a um bom termo nas negocia\u00e7\u00f5es. T\u00e3o logo o levantamento de dados em processo nas concession\u00e1rias seja conclu\u00eddo, a ideia \u00e9 ter uma reuni\u00e3o com ANEEL e ONS para debater o assunto. Isso s\u00f3 n\u00e3o foi poss\u00edvel at\u00e9 agora por conta de outras prioridades que vem se somando, como, por exemplo, o projeto de reforma do setor el\u00e9trico nacional, em tramita\u00e7\u00e3o no Congresso Nacional.<\/p>\n","protected":false},"excerpt":{"rendered":"<p>Antonio Carlos Sil, para a Ag\u00eancia iNFRA As regras de penaliza\u00e7\u00e3o para casos de quedas de torres em linhas de transmiss\u00e3o, com interrup\u00e7\u00e3o no fluxo de energia, podem ficar mais rigorosas para as concession\u00e1rias do segmento, segundo informa\u00e7\u00e3o da Abrate&nbsp;(Associa\u00e7\u00e3o Brasileira das Empresas de Transmiss\u00e3o de Energia El\u00e9trica). De acordo com a entidade, h\u00e1 estudos [&hellip;]<\/p>\n","protected":false},"author":1,"featured_media":4290,"comment_status":"closed","ping_status":"closed","sticky":false,"template":"","format":"standard","meta":{"_monsterinsights_skip_tracking":false,"_monsterinsights_sitenote_active":false,"_monsterinsights_sitenote_note":"","_monsterinsights_sitenote_category":0,"footnotes":""},"categories":[1,10],"tags":[576,53,282,5333,826,216,2222,48,575,2221],"class_list":["post-9938","post","type-post","status-publish","format-standard","has-post-thumbnail","hentry","category-geral","category-infraenergia","tag-abrate","tag-aneel","tag-energia-eletrica","tag-interrupcoes","tag-linhas-de-transmissao","tag-ons","tag-rap","tag-regulacao","tag-transmissao-de-energia","tag-transmissoras"],"yoast_head":"<!-- This site is optimized with the Yoast SEO Premium plugin v25.4 (Yoast SEO v26.0) - https:\/\/yoast.com\/wordpress\/plugins\/seo\/ -->\n<title>Transmissoras se mobilizam para evitar mudan\u00e7as na regula\u00e7\u00e3o de interrup\u00e7\u00f5es - Ag\u00eancia iNFRA<\/title>\n<meta name=\"robots\" content=\"index, follow, max-snippet:-1, max-image-preview:large, max-video-preview:-1\" \/>\n<link rel=\"canonical\" href=\"https:\/\/agenciainfra.com\/blog\/transmissoras-se-mobilizam-para-evitar-mudancas-na-regulacao-de-interrupcoes\/\" \/>\n<meta property=\"og:locale\" content=\"pt_BR\" \/>\n<meta property=\"og:type\" content=\"article\" \/>\n<meta property=\"og:title\" content=\"Transmissoras se mobilizam para evitar mudan\u00e7as na regula\u00e7\u00e3o de interrup\u00e7\u00f5es\" \/>\n<meta property=\"og:description\" content=\"Antonio Carlos Sil, para a Ag\u00eancia iNFRA As regras de penaliza\u00e7\u00e3o para casos de quedas de torres em linhas de transmiss\u00e3o, com interrup\u00e7\u00e3o no fluxo de energia, podem ficar mais rigorosas para as concession\u00e1rias do segmento, segundo informa\u00e7\u00e3o da Abrate&nbsp;(Associa\u00e7\u00e3o Brasileira das Empresas de Transmiss\u00e3o de Energia El\u00e9trica). De acordo com a entidade, h\u00e1 estudos [&hellip;]\" \/>\n<meta property=\"og:url\" content=\"https:\/\/agenciainfra.com\/blog\/transmissoras-se-mobilizam-para-evitar-mudancas-na-regulacao-de-interrupcoes\/\" \/>\n<meta property=\"og:site_name\" content=\"Ag\u00eancia iNFRA\" \/>\n<meta property=\"article:publisher\" content=\"https:\/\/www.facebook.com\/ageninfra\" \/>\n<meta property=\"article:published_time\" content=\"2022-04-01T11:00:00+00:00\" \/>\n<meta property=\"og:image\" content=\"https:\/\/agenciainfra.com\/blog\/wp-content\/uploads\/2020\/01\/mario-miranda-abrate-foto-saulo-cruz-mme.jpg\" \/>\n\t<meta property=\"og:image:width\" content=\"1280\" \/>\n\t<meta property=\"og:image:height\" content=\"853\" \/>\n\t<meta property=\"og:image:type\" content=\"image\/jpeg\" \/>\n<meta name=\"author\" content=\"Ag\u00eancia iNFRA\" \/>\n<meta name=\"twitter:card\" content=\"summary_large_image\" \/>\n<meta name=\"twitter:creator\" content=\"@agencia_infra\" \/>\n<meta name=\"twitter:site\" content=\"@agencia_infra\" \/>\n<meta name=\"twitter:label1\" content=\"Escrito por\" \/>\n\t<meta name=\"twitter:data1\" content=\"Ag\u00eancia iNFRA\" \/>\n\t<meta name=\"twitter:label2\" content=\"Est. tempo de leitura\" \/>\n\t<meta name=\"twitter:data2\" content=\"4 minutos\" \/>\n<script type=\"application\/ld+json\" class=\"yoast-schema-graph\">{\"@context\":\"https:\/\/schema.org\",\"@graph\":[{\"@type\":\"Article\",\"@id\":\"https:\/\/agenciainfra.com\/blog\/transmissoras-se-mobilizam-para-evitar-mudancas-na-regulacao-de-interrupcoes\/#article\",\"isPartOf\":{\"@id\":\"https:\/\/agenciainfra.com\/blog\/transmissoras-se-mobilizam-para-evitar-mudancas-na-regulacao-de-interrupcoes\/\"},\"author\":{\"name\":\"Ag\u00eancia iNFRA\",\"@id\":\"https:\/\/agenciainfra.com\/blog\/#\/schema\/person\/34af08dff6adea4cb22b06612ba7acfa\"},\"headline\":\"Transmissoras se mobilizam para evitar mudan\u00e7as na regula\u00e7\u00e3o de interrup\u00e7\u00f5es\",\"datePublished\":\"2022-04-01T11:00:00+00:00\",\"mainEntityOfPage\":{\"@id\":\"https:\/\/agenciainfra.com\/blog\/transmissoras-se-mobilizam-para-evitar-mudancas-na-regulacao-de-interrupcoes\/\"},\"wordCount\":891,\"publisher\":{\"@id\":\"https:\/\/agenciainfra.com\/blog\/#organization\"},\"image\":{\"@id\":\"https:\/\/agenciainfra.com\/blog\/transmissoras-se-mobilizam-para-evitar-mudancas-na-regulacao-de-interrupcoes\/#primaryimage\"},\"thumbnailUrl\":\"https:\/\/agenciainfra.com\/blog\/wp-content\/uploads\/2020\/01\/mario-miranda-abrate-foto-saulo-cruz-mme.jpg\",\"keywords\":[\"Abrate\",\"ANEEL\",\"energia el\u00e9trica\",\"interrup\u00e7\u00f5es\",\"Linhas de Transmiss\u00e3o\",\"ONS\",\"RAP\",\"Regula\u00e7\u00e3o\",\"transmiss\u00e3o de energia\",\"transmissoras\"],\"articleSection\":[\"Geral\",\"iNFRAEnergia\"],\"inLanguage\":\"pt-BR\",\"copyrightYear\":\"2022\",\"copyrightHolder\":{\"@id\":\"https:\/\/agenciainfra.com\/blog\/#organization\"}},{\"@type\":\"WebPage\",\"@id\":\"https:\/\/agenciainfra.com\/blog\/transmissoras-se-mobilizam-para-evitar-mudancas-na-regulacao-de-interrupcoes\/\",\"url\":\"https:\/\/agenciainfra.com\/blog\/transmissoras-se-mobilizam-para-evitar-mudancas-na-regulacao-de-interrupcoes\/\",\"name\":\"Transmissoras se mobilizam para evitar mudan\u00e7as na regula\u00e7\u00e3o de interrup\u00e7\u00f5es - Ag\u00eancia iNFRA\",\"isPartOf\":{\"@id\":\"https:\/\/agenciainfra.com\/blog\/#website\"},\"primaryImageOfPage\":{\"@id\":\"https:\/\/agenciainfra.com\/blog\/transmissoras-se-mobilizam-para-evitar-mudancas-na-regulacao-de-interrupcoes\/#primaryimage\"},\"image\":{\"@id\":\"https:\/\/agenciainfra.com\/blog\/transmissoras-se-mobilizam-para-evitar-mudancas-na-regulacao-de-interrupcoes\/#primaryimage\"},\"thumbnailUrl\":\"https:\/\/agenciainfra.com\/blog\/wp-content\/uploads\/2020\/01\/mario-miranda-abrate-foto-saulo-cruz-mme.jpg\",\"datePublished\":\"2022-04-01T11:00:00+00:00\",\"breadcrumb\":{\"@id\":\"https:\/\/agenciainfra.com\/blog\/transmissoras-se-mobilizam-para-evitar-mudancas-na-regulacao-de-interrupcoes\/#breadcrumb\"},\"inLanguage\":\"pt-BR\",\"potentialAction\":[{\"@type\":\"ReadAction\",\"target\":[\"https:\/\/agenciainfra.com\/blog\/transmissoras-se-mobilizam-para-evitar-mudancas-na-regulacao-de-interrupcoes\/\"]}]},{\"@type\":\"ImageObject\",\"inLanguage\":\"pt-BR\",\"@id\":\"https:\/\/agenciainfra.com\/blog\/transmissoras-se-mobilizam-para-evitar-mudancas-na-regulacao-de-interrupcoes\/#primaryimage\",\"url\":\"https:\/\/agenciainfra.com\/blog\/wp-content\/uploads\/2020\/01\/mario-miranda-abrate-foto-saulo-cruz-mme.jpg\",\"contentUrl\":\"https:\/\/agenciainfra.com\/blog\/wp-content\/uploads\/2020\/01\/mario-miranda-abrate-foto-saulo-cruz-mme.jpg\",\"width\":1280,\"height\":853},{\"@type\":\"BreadcrumbList\",\"@id\":\"https:\/\/agenciainfra.com\/blog\/transmissoras-se-mobilizam-para-evitar-mudancas-na-regulacao-de-interrupcoes\/#breadcrumb\",\"itemListElement\":[{\"@type\":\"ListItem\",\"position\":1,\"name\":\"In\u00edcio\",\"item\":\"https:\/\/agenciainfra.com\/blog\/\"},{\"@type\":\"ListItem\",\"position\":2,\"name\":\"Transmissoras se mobilizam para evitar mudan\u00e7as na regula\u00e7\u00e3o de interrup\u00e7\u00f5es\"}]},{\"@type\":\"WebSite\",\"@id\":\"https:\/\/agenciainfra.com\/blog\/#website\",\"url\":\"https:\/\/agenciainfra.com\/blog\/\",\"name\":\"Ag\u00eancia iNFRA\",\"description\":\"Multiplataforma de informa\u00e7\u00e3o jornal\u00edstica refer\u00eancia na \u00e1rea de infraestrutura no Brasil!\",\"publisher\":{\"@id\":\"https:\/\/agenciainfra.com\/blog\/#organization\"},\"potentialAction\":[{\"@type\":\"SearchAction\",\"target\":{\"@type\":\"EntryPoint\",\"urlTemplate\":\"https:\/\/agenciainfra.com\/blog\/?s={search_term_string}\"},\"query-input\":{\"@type\":\"PropertyValueSpecification\",\"valueRequired\":true,\"valueName\":\"search_term_string\"}}],\"inLanguage\":\"pt-BR\"},{\"@type\":\"Organization\",\"@id\":\"https:\/\/agenciainfra.com\/blog\/#organization\",\"name\":\"Ag\u00eancia iNFRA\",\"url\":\"https:\/\/agenciainfra.com\/blog\/\",\"logo\":{\"@type\":\"ImageObject\",\"inLanguage\":\"pt-BR\",\"@id\":\"https:\/\/agenciainfra.com\/blog\/#\/schema\/logo\/image\/\",\"url\":\"https:\/\/agenciainfra.com\/blog\/wp-content\/uploads\/2023\/09\/iNFRA_5-e1761735885940.png\",\"contentUrl\":\"https:\/\/agenciainfra.com\/blog\/wp-content\/uploads\/2023\/09\/iNFRA_5-e1761735885940.png\",\"width\":1672,\"height\":454,\"caption\":\"Ag\u00eancia iNFRA\"},\"image\":{\"@id\":\"https:\/\/agenciainfra.com\/blog\/#\/schema\/logo\/image\/\"},\"sameAs\":[\"https:\/\/www.facebook.com\/ageninfra\",\"https:\/\/x.com\/agencia_infra\",\"https:\/\/www.linkedin.com\/company\/ag\u00eanciainfra\/\",\"https:\/\/www.instagram.com\/agenciainfra\/\"]},{\"@type\":\"Person\",\"@id\":\"https:\/\/agenciainfra.com\/blog\/#\/schema\/person\/34af08dff6adea4cb22b06612ba7acfa\",\"name\":\"Ag\u00eancia iNFRA\",\"image\":{\"@type\":\"ImageObject\",\"inLanguage\":\"pt-BR\",\"@id\":\"https:\/\/agenciainfra.com\/blog\/#\/schema\/person\/image\/\",\"url\":\"https:\/\/secure.gravatar.com\/avatar\/d189e01678f06d8eb84d4e01f08eb848b3fffe3f8443818d3c356c66892f5be8?s=96&d=mm&r=g\",\"contentUrl\":\"https:\/\/secure.gravatar.com\/avatar\/d189e01678f06d8eb84d4e01f08eb848b3fffe3f8443818d3c356c66892f5be8?s=96&d=mm&r=g\",\"caption\":\"Ag\u00eancia iNFRA\"},\"url\":\"https:\/\/agenciainfra.com\/blog\/author\/admin\/\"}]}<\/script>\n<!-- \/ Yoast SEO Premium plugin. -->","yoast_head_json":{"title":"Transmissoras se mobilizam para evitar mudan\u00e7as na regula\u00e7\u00e3o de interrup\u00e7\u00f5es - Ag\u00eancia iNFRA","robots":{"index":"index","follow":"follow","max-snippet":"max-snippet:-1","max-image-preview":"max-image-preview:large","max-video-preview":"max-video-preview:-1"},"canonical":"https:\/\/agenciainfra.com\/blog\/transmissoras-se-mobilizam-para-evitar-mudancas-na-regulacao-de-interrupcoes\/","og_locale":"pt_BR","og_type":"article","og_title":"Transmissoras se mobilizam para evitar mudan\u00e7as na regula\u00e7\u00e3o de interrup\u00e7\u00f5es","og_description":"Antonio Carlos Sil, para a Ag\u00eancia iNFRA As regras de penaliza\u00e7\u00e3o para casos de quedas de torres em linhas de transmiss\u00e3o, com interrup\u00e7\u00e3o no fluxo de energia, podem ficar mais rigorosas para as concession\u00e1rias do segmento, segundo informa\u00e7\u00e3o da Abrate&nbsp;(Associa\u00e7\u00e3o Brasileira das Empresas de Transmiss\u00e3o de Energia El\u00e9trica). De acordo com a entidade, h\u00e1 estudos [&hellip;]","og_url":"https:\/\/agenciainfra.com\/blog\/transmissoras-se-mobilizam-para-evitar-mudancas-na-regulacao-de-interrupcoes\/","og_site_name":"Ag\u00eancia iNFRA","article_publisher":"https:\/\/www.facebook.com\/ageninfra","article_published_time":"2022-04-01T11:00:00+00:00","og_image":[{"width":1280,"height":853,"url":"https:\/\/agenciainfra.com\/blog\/wp-content\/uploads\/2020\/01\/mario-miranda-abrate-foto-saulo-cruz-mme.jpg","type":"image\/jpeg"}],"author":"Ag\u00eancia iNFRA","twitter_card":"summary_large_image","twitter_creator":"@agencia_infra","twitter_site":"@agencia_infra","twitter_misc":{"Escrito por":"Ag\u00eancia iNFRA","Est. tempo de leitura":"4 minutos"},"schema":{"@context":"https:\/\/schema.org","@graph":[{"@type":"Article","@id":"https:\/\/agenciainfra.com\/blog\/transmissoras-se-mobilizam-para-evitar-mudancas-na-regulacao-de-interrupcoes\/#article","isPartOf":{"@id":"https:\/\/agenciainfra.com\/blog\/transmissoras-se-mobilizam-para-evitar-mudancas-na-regulacao-de-interrupcoes\/"},"author":{"name":"Ag\u00eancia iNFRA","@id":"https:\/\/agenciainfra.com\/blog\/#\/schema\/person\/34af08dff6adea4cb22b06612ba7acfa"},"headline":"Transmissoras se mobilizam para evitar mudan\u00e7as na regula\u00e7\u00e3o de interrup\u00e7\u00f5es","datePublished":"2022-04-01T11:00:00+00:00","mainEntityOfPage":{"@id":"https:\/\/agenciainfra.com\/blog\/transmissoras-se-mobilizam-para-evitar-mudancas-na-regulacao-de-interrupcoes\/"},"wordCount":891,"publisher":{"@id":"https:\/\/agenciainfra.com\/blog\/#organization"},"image":{"@id":"https:\/\/agenciainfra.com\/blog\/transmissoras-se-mobilizam-para-evitar-mudancas-na-regulacao-de-interrupcoes\/#primaryimage"},"thumbnailUrl":"https:\/\/agenciainfra.com\/blog\/wp-content\/uploads\/2020\/01\/mario-miranda-abrate-foto-saulo-cruz-mme.jpg","keywords":["Abrate","ANEEL","energia el\u00e9trica","interrup\u00e7\u00f5es","Linhas de Transmiss\u00e3o","ONS","RAP","Regula\u00e7\u00e3o","transmiss\u00e3o de energia","transmissoras"],"articleSection":["Geral","iNFRAEnergia"],"inLanguage":"pt-BR","copyrightYear":"2022","copyrightHolder":{"@id":"https:\/\/agenciainfra.com\/blog\/#organization"}},{"@type":"WebPage","@id":"https:\/\/agenciainfra.com\/blog\/transmissoras-se-mobilizam-para-evitar-mudancas-na-regulacao-de-interrupcoes\/","url":"https:\/\/agenciainfra.com\/blog\/transmissoras-se-mobilizam-para-evitar-mudancas-na-regulacao-de-interrupcoes\/","name":"Transmissoras se mobilizam para evitar mudan\u00e7as na regula\u00e7\u00e3o de interrup\u00e7\u00f5es - Ag\u00eancia iNFRA","isPartOf":{"@id":"https:\/\/agenciainfra.com\/blog\/#website"},"primaryImageOfPage":{"@id":"https:\/\/agenciainfra.com\/blog\/transmissoras-se-mobilizam-para-evitar-mudancas-na-regulacao-de-interrupcoes\/#primaryimage"},"image":{"@id":"https:\/\/agenciainfra.com\/blog\/transmissoras-se-mobilizam-para-evitar-mudancas-na-regulacao-de-interrupcoes\/#primaryimage"},"thumbnailUrl":"https:\/\/agenciainfra.com\/blog\/wp-content\/uploads\/2020\/01\/mario-miranda-abrate-foto-saulo-cruz-mme.jpg","datePublished":"2022-04-01T11:00:00+00:00","breadcrumb":{"@id":"https:\/\/agenciainfra.com\/blog\/transmissoras-se-mobilizam-para-evitar-mudancas-na-regulacao-de-interrupcoes\/#breadcrumb"},"inLanguage":"pt-BR","potentialAction":[{"@type":"ReadAction","target":["https:\/\/agenciainfra.com\/blog\/transmissoras-se-mobilizam-para-evitar-mudancas-na-regulacao-de-interrupcoes\/"]}]},{"@type":"ImageObject","inLanguage":"pt-BR","@id":"https:\/\/agenciainfra.com\/blog\/transmissoras-se-mobilizam-para-evitar-mudancas-na-regulacao-de-interrupcoes\/#primaryimage","url":"https:\/\/agenciainfra.com\/blog\/wp-content\/uploads\/2020\/01\/mario-miranda-abrate-foto-saulo-cruz-mme.jpg","contentUrl":"https:\/\/agenciainfra.com\/blog\/wp-content\/uploads\/2020\/01\/mario-miranda-abrate-foto-saulo-cruz-mme.jpg","width":1280,"height":853},{"@type":"BreadcrumbList","@id":"https:\/\/agenciainfra.com\/blog\/transmissoras-se-mobilizam-para-evitar-mudancas-na-regulacao-de-interrupcoes\/#breadcrumb","itemListElement":[{"@type":"ListItem","position":1,"name":"In\u00edcio","item":"https:\/\/agenciainfra.com\/blog\/"},{"@type":"ListItem","position":2,"name":"Transmissoras se mobilizam para evitar mudan\u00e7as na regula\u00e7\u00e3o de interrup\u00e7\u00f5es"}]},{"@type":"WebSite","@id":"https:\/\/agenciainfra.com\/blog\/#website","url":"https:\/\/agenciainfra.com\/blog\/","name":"Ag\u00eancia iNFRA","description":"Multiplataforma de informa\u00e7\u00e3o jornal\u00edstica refer\u00eancia na \u00e1rea de infraestrutura no Brasil!","publisher":{"@id":"https:\/\/agenciainfra.com\/blog\/#organization"},"potentialAction":[{"@type":"SearchAction","target":{"@type":"EntryPoint","urlTemplate":"https:\/\/agenciainfra.com\/blog\/?s={search_term_string}"},"query-input":{"@type":"PropertyValueSpecification","valueRequired":true,"valueName":"search_term_string"}}],"inLanguage":"pt-BR"},{"@type":"Organization","@id":"https:\/\/agenciainfra.com\/blog\/#organization","name":"Ag\u00eancia iNFRA","url":"https:\/\/agenciainfra.com\/blog\/","logo":{"@type":"ImageObject","inLanguage":"pt-BR","@id":"https:\/\/agenciainfra.com\/blog\/#\/schema\/logo\/image\/","url":"https:\/\/agenciainfra.com\/blog\/wp-content\/uploads\/2023\/09\/iNFRA_5-e1761735885940.png","contentUrl":"https:\/\/agenciainfra.com\/blog\/wp-content\/uploads\/2023\/09\/iNFRA_5-e1761735885940.png","width":1672,"height":454,"caption":"Ag\u00eancia iNFRA"},"image":{"@id":"https:\/\/agenciainfra.com\/blog\/#\/schema\/logo\/image\/"},"sameAs":["https:\/\/www.facebook.com\/ageninfra","https:\/\/x.com\/agencia_infra","https:\/\/www.linkedin.com\/company\/ag\u00eanciainfra\/","https:\/\/www.instagram.com\/agenciainfra\/"]},{"@type":"Person","@id":"https:\/\/agenciainfra.com\/blog\/#\/schema\/person\/34af08dff6adea4cb22b06612ba7acfa","name":"Ag\u00eancia iNFRA","image":{"@type":"ImageObject","inLanguage":"pt-BR","@id":"https:\/\/agenciainfra.com\/blog\/#\/schema\/person\/image\/","url":"https:\/\/secure.gravatar.com\/avatar\/d189e01678f06d8eb84d4e01f08eb848b3fffe3f8443818d3c356c66892f5be8?s=96&d=mm&r=g","contentUrl":"https:\/\/secure.gravatar.com\/avatar\/d189e01678f06d8eb84d4e01f08eb848b3fffe3f8443818d3c356c66892f5be8?s=96&d=mm&r=g","caption":"Ag\u00eancia iNFRA"},"url":"https:\/\/agenciainfra.com\/blog\/author\/admin\/"}]}},"_links":{"self":[{"href":"https:\/\/agenciainfra.com\/blog\/wp-json\/wp\/v2\/posts\/9938","targetHints":{"allow":["GET"]}}],"collection":[{"href":"https:\/\/agenciainfra.com\/blog\/wp-json\/wp\/v2\/posts"}],"about":[{"href":"https:\/\/agenciainfra.com\/blog\/wp-json\/wp\/v2\/types\/post"}],"author":[{"embeddable":true,"href":"https:\/\/agenciainfra.com\/blog\/wp-json\/wp\/v2\/users\/1"}],"replies":[{"embeddable":true,"href":"https:\/\/agenciainfra.com\/blog\/wp-json\/wp\/v2\/comments?post=9938"}],"version-history":[{"count":0,"href":"https:\/\/agenciainfra.com\/blog\/wp-json\/wp\/v2\/posts\/9938\/revisions"}],"wp:featuredmedia":[{"embeddable":true,"href":"https:\/\/agenciainfra.com\/blog\/wp-json\/wp\/v2\/media\/4290"}],"wp:attachment":[{"href":"https:\/\/agenciainfra.com\/blog\/wp-json\/wp\/v2\/media?parent=9938"}],"wp:term":[{"taxonomy":"category","embeddable":true,"href":"https:\/\/agenciainfra.com\/blog\/wp-json\/wp\/v2\/categories?post=9938"},{"taxonomy":"post_tag","embeddable":true,"href":"https:\/\/agenciainfra.com\/blog\/wp-json\/wp\/v2\/tags?post=9938"}],"curies":[{"name":"wp","href":"https:\/\/api.w.org\/{rel}","templated":true}]}}