{"id":9956,"date":"2022-04-06T09:00:00","date_gmt":"2022-04-06T12:00:00","guid":{"rendered":"https:\/\/www.agenciainfra.com\/blog\/?p=9956"},"modified":"2022-04-04T12:04:18","modified_gmt":"2022-04-04T15:04:18","slug":"br-163-mt-pa-vai-ter-gargalos-ainda-no-contrato-de-concessao-preve-diretor-da-conasa","status":"publish","type":"post","link":"https:\/\/agenciainfra.com\/blog\/br-163-mt-pa-vai-ter-gargalos-ainda-no-contrato-de-concessao-preve-diretor-da-conasa\/","title":{"rendered":"BR-163\/MT-PA vai ter gargalos ainda no contrato de concess\u00e3o, prev\u00ea diretor da Conasa"},"content":{"rendered":"\n<p class=\"has-text-align-right\"><strong>Dimmi Amora, da Ag\u00eancia iNFRA<\/strong><\/p>\n\n\n\n<p>A concess\u00e3o da BR-163 no Par\u00e1 vai apresentar gargalos ainda dentro do per\u00edodo do contrato, precisar\u00e1 ser revista em breve por causa das mudan\u00e7as no cen\u00e1rio econ\u00f4mico e enfrentou resist\u00eancias corporativas contra a cobran\u00e7a de ped\u00e1gio.<\/p>\n\n\n\n<p>\u00c9 o que afirma o diretor-presidente da Conasa, M\u00e1rio Marcondes. A empresa, que atua em concess\u00f5es estaduais em alguns estados do pa\u00eds, est\u00e1 estreando numa concess\u00e3o federal que, segundo Marcondes, j\u00e1 chega cheia de desafios.<\/p>\n\n\n\n<p>&#8220;Temos um desafio grande. Estamos desde o dia em que ganhamos a concorr\u00eancia mobilizados l\u00e1. Estamos prevendo que em 10 de maio, quando acaba o per\u00edodo das chuvas, vamos iniciar os trabalhos de recupera\u00e7\u00e3o&#8221;, afirmou Marcondes, falando que precisa esperar a parada das chuvas e s\u00f3 tem seis meses para concluir os trabalhos por causa da volta do per\u00edodo \u00famido na regi\u00e3o amaz\u00f4nica.<\/p>\n\n\n\n<p>O per\u00edodo de trabalhos iniciais para recupera\u00e7\u00e3o da pista ser\u00e1 seguido de obras mais substanciais, com recupera\u00e7\u00e3o do pavimento em v\u00e1rios trechos, retifica\u00e7\u00e3o de curvas que dificultam o tr\u00e1fego de caminh\u00f5es de nove eixos, constru\u00e7\u00e3o de pontes.<\/p>\n\n\n\n<p>H\u00e1 ainda a previs\u00e3o de uma via que vai retirar o tr\u00e1fego que hoje \u00e9 feito por ruas do distrito de Miritituba, em Itaituba (PA), entre a rodovia e os termnais portu\u00e1rios da regi\u00e3o.&nbsp;<\/p>\n\n\n\n<p>O contrato de concess\u00e3o da BR-163\/MT-PA foi assinado na \u00faltima sexta-feira (1\u00ba) com a Via Brasil BR163, cons\u00f3rcio formado pelas empresas Conasa, Zeta Infraestrutura, Rocha Cavalcante e a M4 Participa\u00e7\u00f5es e Investimentos. A transmiss\u00e3o da assinatura do contrato est\u00e1 dispon\u00edvel&nbsp;<a rel=\"noreferrer noopener\" href=\"https:\/\/agenciainfra.us14.list-manage.com\/track\/click?u=d460dd1bcf9ba0ae040e1fc0f&amp;id=a05ba19fa2&amp;e=3cd2fde004\" target=\"_blank\">neste link<\/a>.<\/p>\n\n\n\n<p>Os 1.009 quil\u00f4metros de vias ser\u00e3o administrados pelo pr\u00f3ximos 10 anos pela empresa, com possibilidade de renova\u00e7\u00e3o por mais dois anos. Est\u00e3o previstos R$ 2 bilh\u00f5es em investimentos para implanta\u00e7\u00e3o de melhorias e amplia\u00e7\u00e3o de capacidade das rodovias.&nbsp;<\/p>\n\n\n\n<p>O cons\u00f3rcio entrou sozinho na disputa pelo ativo e \u00e9 o primeiro grupo a ganhar uma concorr\u00eancia de concess\u00e3o federal desde 2015 que n\u00e3o seja as duas empresas com maior participa\u00e7\u00e3o no mercado de concess\u00f5es rodovi\u00e1rias do pa\u00eds, a CCR e a EcoRodovias.<\/p>\n\n\n\n<p><strong>Guerra fora dos planos<\/strong><br>E chegou num momento complicado. O leil\u00e3o ocorreu em julho de 2021. Nesse per\u00edodo, houve uma disparada de pre\u00e7os de insumos de constru\u00e7\u00e3o civil. Nesses nove meses at\u00e9 a assinatura do contrato, ainda surgiu a guerra na Ucr\u00e2nia, que elevou os pre\u00e7os dos insumos baseados em petr\u00f3leo, entre eles o asfalto, essencial para o setor.<\/p>\n\n\n\n<p>Marcondes diz que os aumentos de insumos decorrentes do per\u00edodo da pandemia estavam dentro de fatores de risco que foram considerados pela concession\u00e1ria em suas avalia\u00e7\u00f5es. Mas a guerra, n\u00e3o. Mas ele afirmou que esse n\u00e3o \u00e9 um problema somente da concess\u00e3o da BR-163 e que est\u00e1 sendo trabalhado dentro da associa\u00e7\u00e3o das concession\u00e1rias.<\/p>\n\n\n\n<p>&#8220;E n\u00e3o \u00e9 um problema s\u00f3 da rodovia. \u00c9 de todos os setores. No mundo todo&#8221;, lembrou. &#8220;Isso vai ter que ser discutido entre todos, envolvendo associa\u00e7\u00f5es, tribunal de contas, ANTT [Ag\u00eancia Nacional de Transportes Terrestres]. \u00c9 um probema que ter\u00e1 que ser enfrentado.&#8221;<\/p>\n\n\n\n<p><strong>Projeto atrapalhado<\/strong><br>Marcondes afirmou ainda que o projeto foi atrapalhado por causa de den\u00fancias apresentadas na ag\u00eancia reguladora e no TCU (Tribunal de Contas da Uni\u00e2o) indicando falta de capacidade da concession\u00e1ria. Ele afirmou que os dois \u00f3rg\u00e3os atestaram que foram cumpridas todas as exig\u00eancias, inclusive a de apresenta\u00e7\u00e3o de capital social de R$ 400 milh\u00f5es.<\/p>\n\n\n\n<p>&#8220;S\u00e3o pol\u00edticos com interesse em outros segmentos que fazem isso para atrapalhar&#8221;, reclamou o CEO da companhia, dizendo que a demora na assinatura prejudicou os planos da empresa de mobiliza\u00e7\u00e3o.<\/p>\n\n\n\n<p>Segundo ele, os contratos com os epecistas (empresas construtoras) para realizar as obras n\u00e3o puderam ser assinados porque a empresa precisava de documentos que s\u00f3 podem ser feitos com o contrato de concess\u00e3o assinado, caso do Reidi, o regime de impostos que permite redu\u00e7\u00e3o de tributos.<\/p>\n\n\n\n<p>Para Marcondes, houve um movimento de grupos ligados ao agroneg\u00f3cio que n\u00e3o queriam pagar ped\u00e1gio na rodovia.<\/p>\n\n\n\n<p>&#8220;Ainda tem gente no Brasil que acha que tudo tem que ser de gra\u00e7a. O er\u00e1rio tem que pagar tudo&#8221;, reclamou.<\/p>\n\n\n\n<p><strong>Crescimento do Mato Grosso<\/strong><br>A BR-163\/MT-PA \u00e9 a \u00fanica liga\u00e7\u00e3o entre a maior regi\u00e3o produtora de soja e milho no Mato Grosso e os terminais portu\u00e1rios do Rio Tapaj\u00f3s, no Par\u00e1, de onde s\u00e3o escoados por balsas at\u00e9 os portos na regi\u00e3o de Bel\u00e9m. De l\u00e1, s\u00e3o exportados em navios graneleiros de grande porte.<\/p>\n\n\n\n<p>Marcondes afirma que a produ\u00e7\u00e3o no Mato Grosso deve crescer 50% nos pr\u00f3ximos cinco anos. Segundo ele, a concession\u00e1ria vai criar condi\u00e7\u00e3o melhor para os cerca de 2,5 mil caminh\u00f5es que trafegam por dia nesse trajeto.&nbsp;<\/p>\n\n\n\n<p>Mas, segundo ele, a estrada n\u00e3o ter\u00e1 condi\u00e7\u00f5es de suportar esse aumento de demanda se n\u00e3o houver uma outra solu\u00e7\u00e3o para o escoamento do excedente que est\u00e1 previsto para ser produzido nos pr\u00f3ximos anos.&nbsp;<\/p>\n\n\n\n<p>Ele n\u00e3o acredita que ser\u00e1 poss\u00edvel que a Ferrogr\u00e3o, a proposta de uma ferrovia no mesmo trajeto, esteja operando nesse per\u00edodo. O governo apresentou a proposta de uma concess\u00e3o da ferrovia ao TCU, mas a an\u00e1lise est\u00e1 suspensa por uma liminar do STF (Supremo Tribunal Federal).<\/p>\n\n\n\n<p>&#8220;A rodovia est\u00e1 fadada ao esgotamento se n\u00e3o houver uma solu\u00e7\u00e3o&#8221;, disse Marcondes.<\/p>\n","protected":false},"excerpt":{"rendered":"<p>Dimmi Amora, da Ag\u00eancia iNFRA A concess\u00e3o da BR-163 no Par\u00e1 vai apresentar gargalos ainda dentro do per\u00edodo do contrato, precisar\u00e1 ser revista em breve por causa das mudan\u00e7as no cen\u00e1rio econ\u00f4mico e enfrentou resist\u00eancias corporativas contra a cobran\u00e7a de ped\u00e1gio. \u00c9 o que afirma o diretor-presidente da Conasa, M\u00e1rio Marcondes. A empresa, que atua [&hellip;]<\/p>\n","protected":false},"author":1,"featured_media":3714,"comment_status":"closed","ping_status":"closed","sticky":false,"template":"","format":"standard","meta":{"_monsterinsights_skip_tracking":false,"_monsterinsights_sitenote_active":false,"_monsterinsights_sitenote_note":"","_monsterinsights_sitenote_category":0,"footnotes":""},"categories":[1,7],"tags":[19,3258,588,5338,4840,1340,34,126,18,70],"class_list":["post-9956","post","type-post","status-publish","format-standard","has-post-thumbnail","hentry","category-geral","category-infratransporte","tag-antt","tag-br-163-mt-pa","tag-ccr","tag-conasa","tag-contratos-de-concessao","tag-ecorodovias","tag-infraestrutura","tag-rodovias","tag-tcu","tag-transportes"],"yoast_head":"<!-- This site is optimized with the Yoast SEO Premium plugin v25.4 (Yoast SEO v26.0) - https:\/\/yoast.com\/wordpress\/plugins\/seo\/ -->\n<title>BR-163\/MT-PA vai ter gargalos ainda no contrato de concess\u00e3o, prev\u00ea diretor da Conasa - Ag\u00eancia iNFRA<\/title>\n<meta name=\"robots\" content=\"index, follow, max-snippet:-1, max-image-preview:large, max-video-preview:-1\" \/>\n<link rel=\"canonical\" href=\"https:\/\/agenciainfra.com\/blog\/br-163-mt-pa-vai-ter-gargalos-ainda-no-contrato-de-concessao-preve-diretor-da-conasa\/\" \/>\n<meta property=\"og:locale\" content=\"pt_BR\" \/>\n<meta property=\"og:type\" content=\"article\" \/>\n<meta property=\"og:title\" content=\"BR-163\/MT-PA vai ter gargalos ainda no contrato de concess\u00e3o, prev\u00ea diretor da Conasa\" \/>\n<meta property=\"og:description\" content=\"Dimmi Amora, da Ag\u00eancia iNFRA A concess\u00e3o da BR-163 no Par\u00e1 vai apresentar gargalos ainda dentro do per\u00edodo do contrato, precisar\u00e1 ser revista em breve por causa das mudan\u00e7as no cen\u00e1rio econ\u00f4mico e enfrentou resist\u00eancias corporativas contra a cobran\u00e7a de ped\u00e1gio. \u00c9 o que afirma o diretor-presidente da Conasa, M\u00e1rio Marcondes. A empresa, que atua [&hellip;]\" \/>\n<meta property=\"og:url\" content=\"https:\/\/agenciainfra.com\/blog\/br-163-mt-pa-vai-ter-gargalos-ainda-no-contrato-de-concessao-preve-diretor-da-conasa\/\" \/>\n<meta property=\"og:site_name\" content=\"Ag\u00eancia iNFRA\" \/>\n<meta property=\"article:publisher\" content=\"https:\/\/www.facebook.com\/ageninfra\" \/>\n<meta property=\"article:published_time\" content=\"2022-04-06T12:00:00+00:00\" \/>\n<meta property=\"og:image\" content=\"https:\/\/agenciainfra.com\/blog\/wp-content\/uploads\/2019\/09\/br-163-mt-foto-denatran.png\" \/>\n\t<meta property=\"og:image:width\" content=\"1280\" \/>\n\t<meta property=\"og:image:height\" content=\"822\" \/>\n\t<meta property=\"og:image:type\" content=\"image\/png\" \/>\n<meta name=\"author\" content=\"Ag\u00eancia iNFRA\" \/>\n<meta name=\"twitter:card\" content=\"summary_large_image\" \/>\n<meta name=\"twitter:creator\" content=\"@agencia_infra\" \/>\n<meta name=\"twitter:site\" content=\"@agencia_infra\" \/>\n<meta name=\"twitter:label1\" content=\"Escrito por\" \/>\n\t<meta name=\"twitter:data1\" content=\"Ag\u00eancia iNFRA\" \/>\n\t<meta name=\"twitter:label2\" content=\"Est. tempo de leitura\" \/>\n\t<meta name=\"twitter:data2\" content=\"5 minutos\" \/>\n<script type=\"application\/ld+json\" class=\"yoast-schema-graph\">{\"@context\":\"https:\/\/schema.org\",\"@graph\":[{\"@type\":\"Article\",\"@id\":\"https:\/\/agenciainfra.com\/blog\/br-163-mt-pa-vai-ter-gargalos-ainda-no-contrato-de-concessao-preve-diretor-da-conasa\/#article\",\"isPartOf\":{\"@id\":\"https:\/\/agenciainfra.com\/blog\/br-163-mt-pa-vai-ter-gargalos-ainda-no-contrato-de-concessao-preve-diretor-da-conasa\/\"},\"author\":{\"name\":\"Ag\u00eancia iNFRA\",\"@id\":\"https:\/\/agenciainfra.com\/blog\/#\/schema\/person\/34af08dff6adea4cb22b06612ba7acfa\"},\"headline\":\"BR-163\/MT-PA vai ter gargalos ainda no contrato de concess\u00e3o, prev\u00ea diretor da Conasa\",\"datePublished\":\"2022-04-06T12:00:00+00:00\",\"mainEntityOfPage\":{\"@id\":\"https:\/\/agenciainfra.com\/blog\/br-163-mt-pa-vai-ter-gargalos-ainda-no-contrato-de-concessao-preve-diretor-da-conasa\/\"},\"wordCount\":962,\"publisher\":{\"@id\":\"https:\/\/agenciainfra.com\/blog\/#organization\"},\"image\":{\"@id\":\"https:\/\/agenciainfra.com\/blog\/br-163-mt-pa-vai-ter-gargalos-ainda-no-contrato-de-concessao-preve-diretor-da-conasa\/#primaryimage\"},\"thumbnailUrl\":\"https:\/\/agenciainfra.com\/blog\/wp-content\/uploads\/2019\/09\/br-163-mt-foto-denatran.png\",\"keywords\":[\"ANTT\",\"BR-163\/MT-PA\",\"CCR\",\"Conasa\",\"contratos de concess\u00e3o\",\"EcoRodovias\",\"Infraestrutura\",\"rodovias\",\"TCU\",\"transportes\"],\"articleSection\":[\"Geral\",\"iNFRATransporte\"],\"inLanguage\":\"pt-BR\",\"copyrightYear\":\"2022\",\"copyrightHolder\":{\"@id\":\"https:\/\/agenciainfra.com\/blog\/#organization\"}},{\"@type\":\"WebPage\",\"@id\":\"https:\/\/agenciainfra.com\/blog\/br-163-mt-pa-vai-ter-gargalos-ainda-no-contrato-de-concessao-preve-diretor-da-conasa\/\",\"url\":\"https:\/\/agenciainfra.com\/blog\/br-163-mt-pa-vai-ter-gargalos-ainda-no-contrato-de-concessao-preve-diretor-da-conasa\/\",\"name\":\"BR-163\/MT-PA vai ter gargalos ainda no contrato de concess\u00e3o, prev\u00ea diretor da Conasa - Ag\u00eancia iNFRA\",\"isPartOf\":{\"@id\":\"https:\/\/agenciainfra.com\/blog\/#website\"},\"primaryImageOfPage\":{\"@id\":\"https:\/\/agenciainfra.com\/blog\/br-163-mt-pa-vai-ter-gargalos-ainda-no-contrato-de-concessao-preve-diretor-da-conasa\/#primaryimage\"},\"image\":{\"@id\":\"https:\/\/agenciainfra.com\/blog\/br-163-mt-pa-vai-ter-gargalos-ainda-no-contrato-de-concessao-preve-diretor-da-conasa\/#primaryimage\"},\"thumbnailUrl\":\"https:\/\/agenciainfra.com\/blog\/wp-content\/uploads\/2019\/09\/br-163-mt-foto-denatran.png\",\"datePublished\":\"2022-04-06T12:00:00+00:00\",\"breadcrumb\":{\"@id\":\"https:\/\/agenciainfra.com\/blog\/br-163-mt-pa-vai-ter-gargalos-ainda-no-contrato-de-concessao-preve-diretor-da-conasa\/#breadcrumb\"},\"inLanguage\":\"pt-BR\",\"potentialAction\":[{\"@type\":\"ReadAction\",\"target\":[\"https:\/\/agenciainfra.com\/blog\/br-163-mt-pa-vai-ter-gargalos-ainda-no-contrato-de-concessao-preve-diretor-da-conasa\/\"]}]},{\"@type\":\"ImageObject\",\"inLanguage\":\"pt-BR\",\"@id\":\"https:\/\/agenciainfra.com\/blog\/br-163-mt-pa-vai-ter-gargalos-ainda-no-contrato-de-concessao-preve-diretor-da-conasa\/#primaryimage\",\"url\":\"https:\/\/agenciainfra.com\/blog\/wp-content\/uploads\/2019\/09\/br-163-mt-foto-denatran.png\",\"contentUrl\":\"https:\/\/agenciainfra.com\/blog\/wp-content\/uploads\/2019\/09\/br-163-mt-foto-denatran.png\",\"width\":1280,\"height\":822},{\"@type\":\"BreadcrumbList\",\"@id\":\"https:\/\/agenciainfra.com\/blog\/br-163-mt-pa-vai-ter-gargalos-ainda-no-contrato-de-concessao-preve-diretor-da-conasa\/#breadcrumb\",\"itemListElement\":[{\"@type\":\"ListItem\",\"position\":1,\"name\":\"In\u00edcio\",\"item\":\"https:\/\/agenciainfra.com\/blog\/\"},{\"@type\":\"ListItem\",\"position\":2,\"name\":\"BR-163\/MT-PA vai ter gargalos ainda no contrato de concess\u00e3o, prev\u00ea diretor da Conasa\"}]},{\"@type\":\"WebSite\",\"@id\":\"https:\/\/agenciainfra.com\/blog\/#website\",\"url\":\"https:\/\/agenciainfra.com\/blog\/\",\"name\":\"Ag\u00eancia iNFRA\",\"description\":\"Multiplataforma de informa\u00e7\u00e3o jornal\u00edstica refer\u00eancia na \u00e1rea de infraestrutura no Brasil!\",\"publisher\":{\"@id\":\"https:\/\/agenciainfra.com\/blog\/#organization\"},\"potentialAction\":[{\"@type\":\"SearchAction\",\"target\":{\"@type\":\"EntryPoint\",\"urlTemplate\":\"https:\/\/agenciainfra.com\/blog\/?s={search_term_string}\"},\"query-input\":{\"@type\":\"PropertyValueSpecification\",\"valueRequired\":true,\"valueName\":\"search_term_string\"}}],\"inLanguage\":\"pt-BR\"},{\"@type\":\"Organization\",\"@id\":\"https:\/\/agenciainfra.com\/blog\/#organization\",\"name\":\"Ag\u00eancia iNFRA\",\"url\":\"https:\/\/agenciainfra.com\/blog\/\",\"logo\":{\"@type\":\"ImageObject\",\"inLanguage\":\"pt-BR\",\"@id\":\"https:\/\/agenciainfra.com\/blog\/#\/schema\/logo\/image\/\",\"url\":\"https:\/\/agenciainfra.com\/blog\/wp-content\/uploads\/2023\/09\/iNFRA_5-e1761735885940.png\",\"contentUrl\":\"https:\/\/agenciainfra.com\/blog\/wp-content\/uploads\/2023\/09\/iNFRA_5-e1761735885940.png\",\"width\":1672,\"height\":454,\"caption\":\"Ag\u00eancia iNFRA\"},\"image\":{\"@id\":\"https:\/\/agenciainfra.com\/blog\/#\/schema\/logo\/image\/\"},\"sameAs\":[\"https:\/\/www.facebook.com\/ageninfra\",\"https:\/\/x.com\/agencia_infra\",\"https:\/\/www.linkedin.com\/company\/ag\u00eanciainfra\/\",\"https:\/\/www.instagram.com\/agenciainfra\/\"]},{\"@type\":\"Person\",\"@id\":\"https:\/\/agenciainfra.com\/blog\/#\/schema\/person\/34af08dff6adea4cb22b06612ba7acfa\",\"name\":\"Ag\u00eancia iNFRA\",\"image\":{\"@type\":\"ImageObject\",\"inLanguage\":\"pt-BR\",\"@id\":\"https:\/\/agenciainfra.com\/blog\/#\/schema\/person\/image\/\",\"url\":\"https:\/\/secure.gravatar.com\/avatar\/d189e01678f06d8eb84d4e01f08eb848b3fffe3f8443818d3c356c66892f5be8?s=96&d=mm&r=g\",\"contentUrl\":\"https:\/\/secure.gravatar.com\/avatar\/d189e01678f06d8eb84d4e01f08eb848b3fffe3f8443818d3c356c66892f5be8?s=96&d=mm&r=g\",\"caption\":\"Ag\u00eancia iNFRA\"},\"url\":\"https:\/\/agenciainfra.com\/blog\/author\/admin\/\"}]}<\/script>\n<!-- \/ Yoast SEO Premium plugin. -->","yoast_head_json":{"title":"BR-163\/MT-PA vai ter gargalos ainda no contrato de concess\u00e3o, prev\u00ea diretor da Conasa - Ag\u00eancia iNFRA","robots":{"index":"index","follow":"follow","max-snippet":"max-snippet:-1","max-image-preview":"max-image-preview:large","max-video-preview":"max-video-preview:-1"},"canonical":"https:\/\/agenciainfra.com\/blog\/br-163-mt-pa-vai-ter-gargalos-ainda-no-contrato-de-concessao-preve-diretor-da-conasa\/","og_locale":"pt_BR","og_type":"article","og_title":"BR-163\/MT-PA vai ter gargalos ainda no contrato de concess\u00e3o, prev\u00ea diretor da Conasa","og_description":"Dimmi Amora, da Ag\u00eancia iNFRA A concess\u00e3o da BR-163 no Par\u00e1 vai apresentar gargalos ainda dentro do per\u00edodo do contrato, precisar\u00e1 ser revista em breve por causa das mudan\u00e7as no cen\u00e1rio econ\u00f4mico e enfrentou resist\u00eancias corporativas contra a cobran\u00e7a de ped\u00e1gio. \u00c9 o que afirma o diretor-presidente da Conasa, M\u00e1rio Marcondes. A empresa, que atua [&hellip;]","og_url":"https:\/\/agenciainfra.com\/blog\/br-163-mt-pa-vai-ter-gargalos-ainda-no-contrato-de-concessao-preve-diretor-da-conasa\/","og_site_name":"Ag\u00eancia iNFRA","article_publisher":"https:\/\/www.facebook.com\/ageninfra","article_published_time":"2022-04-06T12:00:00+00:00","og_image":[{"width":1280,"height":822,"url":"https:\/\/agenciainfra.com\/blog\/wp-content\/uploads\/2019\/09\/br-163-mt-foto-denatran.png","type":"image\/png"}],"author":"Ag\u00eancia iNFRA","twitter_card":"summary_large_image","twitter_creator":"@agencia_infra","twitter_site":"@agencia_infra","twitter_misc":{"Escrito por":"Ag\u00eancia iNFRA","Est. tempo de leitura":"5 minutos"},"schema":{"@context":"https:\/\/schema.org","@graph":[{"@type":"Article","@id":"https:\/\/agenciainfra.com\/blog\/br-163-mt-pa-vai-ter-gargalos-ainda-no-contrato-de-concessao-preve-diretor-da-conasa\/#article","isPartOf":{"@id":"https:\/\/agenciainfra.com\/blog\/br-163-mt-pa-vai-ter-gargalos-ainda-no-contrato-de-concessao-preve-diretor-da-conasa\/"},"author":{"name":"Ag\u00eancia iNFRA","@id":"https:\/\/agenciainfra.com\/blog\/#\/schema\/person\/34af08dff6adea4cb22b06612ba7acfa"},"headline":"BR-163\/MT-PA vai ter gargalos ainda no contrato de concess\u00e3o, prev\u00ea diretor da Conasa","datePublished":"2022-04-06T12:00:00+00:00","mainEntityOfPage":{"@id":"https:\/\/agenciainfra.com\/blog\/br-163-mt-pa-vai-ter-gargalos-ainda-no-contrato-de-concessao-preve-diretor-da-conasa\/"},"wordCount":962,"publisher":{"@id":"https:\/\/agenciainfra.com\/blog\/#organization"},"image":{"@id":"https:\/\/agenciainfra.com\/blog\/br-163-mt-pa-vai-ter-gargalos-ainda-no-contrato-de-concessao-preve-diretor-da-conasa\/#primaryimage"},"thumbnailUrl":"https:\/\/agenciainfra.com\/blog\/wp-content\/uploads\/2019\/09\/br-163-mt-foto-denatran.png","keywords":["ANTT","BR-163\/MT-PA","CCR","Conasa","contratos de concess\u00e3o","EcoRodovias","Infraestrutura","rodovias","TCU","transportes"],"articleSection":["Geral","iNFRATransporte"],"inLanguage":"pt-BR","copyrightYear":"2022","copyrightHolder":{"@id":"https:\/\/agenciainfra.com\/blog\/#organization"}},{"@type":"WebPage","@id":"https:\/\/agenciainfra.com\/blog\/br-163-mt-pa-vai-ter-gargalos-ainda-no-contrato-de-concessao-preve-diretor-da-conasa\/","url":"https:\/\/agenciainfra.com\/blog\/br-163-mt-pa-vai-ter-gargalos-ainda-no-contrato-de-concessao-preve-diretor-da-conasa\/","name":"BR-163\/MT-PA vai ter gargalos ainda no contrato de concess\u00e3o, prev\u00ea diretor da Conasa - Ag\u00eancia iNFRA","isPartOf":{"@id":"https:\/\/agenciainfra.com\/blog\/#website"},"primaryImageOfPage":{"@id":"https:\/\/agenciainfra.com\/blog\/br-163-mt-pa-vai-ter-gargalos-ainda-no-contrato-de-concessao-preve-diretor-da-conasa\/#primaryimage"},"image":{"@id":"https:\/\/agenciainfra.com\/blog\/br-163-mt-pa-vai-ter-gargalos-ainda-no-contrato-de-concessao-preve-diretor-da-conasa\/#primaryimage"},"thumbnailUrl":"https:\/\/agenciainfra.com\/blog\/wp-content\/uploads\/2019\/09\/br-163-mt-foto-denatran.png","datePublished":"2022-04-06T12:00:00+00:00","breadcrumb":{"@id":"https:\/\/agenciainfra.com\/blog\/br-163-mt-pa-vai-ter-gargalos-ainda-no-contrato-de-concessao-preve-diretor-da-conasa\/#breadcrumb"},"inLanguage":"pt-BR","potentialAction":[{"@type":"ReadAction","target":["https:\/\/agenciainfra.com\/blog\/br-163-mt-pa-vai-ter-gargalos-ainda-no-contrato-de-concessao-preve-diretor-da-conasa\/"]}]},{"@type":"ImageObject","inLanguage":"pt-BR","@id":"https:\/\/agenciainfra.com\/blog\/br-163-mt-pa-vai-ter-gargalos-ainda-no-contrato-de-concessao-preve-diretor-da-conasa\/#primaryimage","url":"https:\/\/agenciainfra.com\/blog\/wp-content\/uploads\/2019\/09\/br-163-mt-foto-denatran.png","contentUrl":"https:\/\/agenciainfra.com\/blog\/wp-content\/uploads\/2019\/09\/br-163-mt-foto-denatran.png","width":1280,"height":822},{"@type":"BreadcrumbList","@id":"https:\/\/agenciainfra.com\/blog\/br-163-mt-pa-vai-ter-gargalos-ainda-no-contrato-de-concessao-preve-diretor-da-conasa\/#breadcrumb","itemListElement":[{"@type":"ListItem","position":1,"name":"In\u00edcio","item":"https:\/\/agenciainfra.com\/blog\/"},{"@type":"ListItem","position":2,"name":"BR-163\/MT-PA vai ter gargalos ainda no contrato de concess\u00e3o, prev\u00ea diretor da Conasa"}]},{"@type":"WebSite","@id":"https:\/\/agenciainfra.com\/blog\/#website","url":"https:\/\/agenciainfra.com\/blog\/","name":"Ag\u00eancia iNFRA","description":"Multiplataforma de informa\u00e7\u00e3o jornal\u00edstica refer\u00eancia na \u00e1rea de infraestrutura no Brasil!","publisher":{"@id":"https:\/\/agenciainfra.com\/blog\/#organization"},"potentialAction":[{"@type":"SearchAction","target":{"@type":"EntryPoint","urlTemplate":"https:\/\/agenciainfra.com\/blog\/?s={search_term_string}"},"query-input":{"@type":"PropertyValueSpecification","valueRequired":true,"valueName":"search_term_string"}}],"inLanguage":"pt-BR"},{"@type":"Organization","@id":"https:\/\/agenciainfra.com\/blog\/#organization","name":"Ag\u00eancia iNFRA","url":"https:\/\/agenciainfra.com\/blog\/","logo":{"@type":"ImageObject","inLanguage":"pt-BR","@id":"https:\/\/agenciainfra.com\/blog\/#\/schema\/logo\/image\/","url":"https:\/\/agenciainfra.com\/blog\/wp-content\/uploads\/2023\/09\/iNFRA_5-e1761735885940.png","contentUrl":"https:\/\/agenciainfra.com\/blog\/wp-content\/uploads\/2023\/09\/iNFRA_5-e1761735885940.png","width":1672,"height":454,"caption":"Ag\u00eancia iNFRA"},"image":{"@id":"https:\/\/agenciainfra.com\/blog\/#\/schema\/logo\/image\/"},"sameAs":["https:\/\/www.facebook.com\/ageninfra","https:\/\/x.com\/agencia_infra","https:\/\/www.linkedin.com\/company\/ag\u00eanciainfra\/","https:\/\/www.instagram.com\/agenciainfra\/"]},{"@type":"Person","@id":"https:\/\/agenciainfra.com\/blog\/#\/schema\/person\/34af08dff6adea4cb22b06612ba7acfa","name":"Ag\u00eancia iNFRA","image":{"@type":"ImageObject","inLanguage":"pt-BR","@id":"https:\/\/agenciainfra.com\/blog\/#\/schema\/person\/image\/","url":"https:\/\/secure.gravatar.com\/avatar\/d189e01678f06d8eb84d4e01f08eb848b3fffe3f8443818d3c356c66892f5be8?s=96&d=mm&r=g","contentUrl":"https:\/\/secure.gravatar.com\/avatar\/d189e01678f06d8eb84d4e01f08eb848b3fffe3f8443818d3c356c66892f5be8?s=96&d=mm&r=g","caption":"Ag\u00eancia iNFRA"},"url":"https:\/\/agenciainfra.com\/blog\/author\/admin\/"}]}},"_links":{"self":[{"href":"https:\/\/agenciainfra.com\/blog\/wp-json\/wp\/v2\/posts\/9956","targetHints":{"allow":["GET"]}}],"collection":[{"href":"https:\/\/agenciainfra.com\/blog\/wp-json\/wp\/v2\/posts"}],"about":[{"href":"https:\/\/agenciainfra.com\/blog\/wp-json\/wp\/v2\/types\/post"}],"author":[{"embeddable":true,"href":"https:\/\/agenciainfra.com\/blog\/wp-json\/wp\/v2\/users\/1"}],"replies":[{"embeddable":true,"href":"https:\/\/agenciainfra.com\/blog\/wp-json\/wp\/v2\/comments?post=9956"}],"version-history":[{"count":0,"href":"https:\/\/agenciainfra.com\/blog\/wp-json\/wp\/v2\/posts\/9956\/revisions"}],"wp:featuredmedia":[{"embeddable":true,"href":"https:\/\/agenciainfra.com\/blog\/wp-json\/wp\/v2\/media\/3714"}],"wp:attachment":[{"href":"https:\/\/agenciainfra.com\/blog\/wp-json\/wp\/v2\/media?parent=9956"}],"wp:term":[{"taxonomy":"category","embeddable":true,"href":"https:\/\/agenciainfra.com\/blog\/wp-json\/wp\/v2\/categories?post=9956"},{"taxonomy":"post_tag","embeddable":true,"href":"https:\/\/agenciainfra.com\/blog\/wp-json\/wp\/v2\/tags?post=9956"}],"curies":[{"name":"wp","href":"https:\/\/api.w.org\/{rel}","templated":true}]}}