{"id":9996,"date":"2022-04-09T09:00:00","date_gmt":"2022-04-09T12:00:00","guid":{"rendered":"https:\/\/www.agenciainfra.com\/blog\/?p=9996"},"modified":"2022-04-09T10:33:19","modified_gmt":"2022-04-09T13:33:19","slug":"relatorio-da-mp-do-voo-simples-extingue-pagamentos-de-concessionarias-ao-fnac","status":"publish","type":"post","link":"https:\/\/agenciainfra.com\/blog\/relatorio-da-mp-do-voo-simples-extingue-pagamentos-de-concessionarias-ao-fnac\/","title":{"rendered":"Relat\u00f3rio da MP do Voo Simples extingue pagamento mensal de concession\u00e1rias ao FNAC"},"content":{"rendered":"\n<p class=\"has-text-align-right\"><strong>Rodrigo Zuquim, da&nbsp;Ag\u00eancia iNFRA<\/strong><\/p>\n\n\n\n<p>Artigo inclu\u00eddo pelo relator da MP (Medida Provis\u00f3ria) 1.089, chamada &#8220;MP do Voo Simples&#8221;, prop\u00f5e a extin\u00e7\u00e3o da cobran\u00e7a das contribui\u00e7\u00f5es mensais de concession\u00e1rias aeroportu\u00e1rias ao FNAC (Fundo Nacional de Avia\u00e7\u00e3o Civil) a partir de 2023. O parecer do deputado federal General Peternelli (Uni\u00e3o-SP) foi apresentado na \u00faltima ter\u00e7a-feira (5) e pode ser visto\u00a0<a rel=\"noreferrer noopener\" href=\"https:\/\/agenciainfra.us14.list-manage.com\/track\/click?u=d460dd1bcf9ba0ae040e1fc0f&amp;id=68f72322fa&amp;e=3cd2fde004\" target=\"_blank\">neste link<\/a>.<\/p>\n\n\n\n<p>De acordo com o texto, foi acrescentado \u00e0 MP o artigo 9\u00ba, que &#8220;extingue, a partir de 1\u00ba de janeiro de 2023, as contribui\u00e7\u00f5es pagas pelos concession\u00e1rios de aeroportos ao FNAC, relativas \u00e0 parcela do extinto Ataero, cujo valor foi incorporado \u00e0s tarifas aeroportu\u00e1rias, com base no art. 1\u00ba, <meta charset=\"utf-8\">\u00a71\u00ba da Lei n\u00ba 13.319, de 2016&#8243;.<\/p>\n\n\n\n<p>A obriga\u00e7\u00e3o de recolhimento de contribui\u00e7\u00f5es ao FNAC \u00e9 prevista nos contratos de concess\u00e3o da infraestrutura aeroportu\u00e1ria em contrapartida ao direito de explora\u00e7\u00e3o da infraestrutura concedida. Segundo o relat\u00f3rio, a inclus\u00e3o de um artigo que prev\u00ea o fim da contribui\u00e7\u00e3o foi proposta pelo governo e permitir\u00e1 a redu\u00e7\u00e3o tarif\u00e1ria em aeroportos das primeiras rodadas de concess\u00e3o.<\/p>\n\n\n\n<p><strong>Outras mudan\u00e7as<\/strong><br>O relator acatou 33 emendas de um total de 82 apresentadas. Al\u00e9m do dispositivo referente ao FNAC, o parecer destaca outras sete altera\u00e7\u00f5es, resumidas abaixo:<\/p>\n\n\n\n<p>1) A MP estipulava como compet\u00eancia da ANAC (Ag\u00eancia Nacional de Avia\u00e7\u00e3o Civil) a regulamenta\u00e7\u00e3o da suspens\u00e3o de servi\u00e7os por inadimpl\u00eancia. No relat\u00f3rio, o comando \u00e9 retirado da ag\u00eancia, e uma regra passar\u00e1 a prever a aplica\u00e7\u00e3o da suspens\u00e3o mediante aviso pr\u00e9vio e desde que n\u00e3o haja contesta\u00e7\u00e3o do inadimplemento.<\/p>\n\n\n\n<p>2) Foi feita uma altera\u00e7\u00e3o para prever isen\u00e7\u00f5es tarif\u00e1rias sem vincul\u00e1-las a tipos espec\u00edficos de tarifas aeroportu\u00e1rias.<\/p>\n\n\n\n<p>3) A ANAC fica obrigada a expedir regulamento espec\u00edfico para aer\u00f3dromos situados na Amaz\u00f4nia, o que antes era apenas facultado.<\/p>\n\n\n\n<p>4) Torna-se obrigat\u00f3rio o fornecimento de informa\u00e7\u00f5es dos passageiros do transporte a\u00e9reo \u00e0s autoridades competentes.<\/p>\n\n\n\n<p>5) Dispositivos foram acrescentados para conferir \u00e0 ANAC compet\u00eancia para adotar medidas cautelares, aplicar san\u00e7\u00f5es, requisitar aux\u00edlio policial e tipificar infra\u00e7\u00f5es.<\/p>\n\n\n\n<p>6) Estabelece que as rela\u00e7\u00f5es trabalhistas dos aeronautas continuam regidas pelo disposto na legisla\u00e7\u00e3o trabalhista, na Lei do Aeronauta (Lei 13.475\/2017) e nos acordos coletivos de trabalho.<\/p>\n\n\n\n<p>7) Autoriza o Poder Executivo a promover licita\u00e7\u00f5es para a celebra\u00e7\u00e3o de contratos de concess\u00e3o patrocinada com percentual de remunera\u00e7\u00e3o pago pela administra\u00e7\u00e3o p\u00fablica superior a 70%, no caso espec\u00edfico de oito aeroportos do Amazonas.<\/p>\n\n\n\n<p><strong>PPPs de aeroportos regionais e relicita\u00e7\u00f5es<\/strong><br>O secret\u00e1rio nacional de Avia\u00e7\u00e3o Civil, Ronei Glanzmann, que avaliou o parecer como &#8220;muito satisfat\u00f3rio&#8221;, destacou alguns pontos considerados fundamentais pelo Minfra (Minist\u00e9rio da Infraestrutura) para reduzir a burocracia no setor e que foram contemplados no relat\u00f3rio.<\/p>\n\n\n\n<p>Um deles \u00e9 a previs\u00e3o de autoriza\u00e7\u00e3o legislativa para as PPPs (parcerias p\u00fablico-privadas) no setor a\u00e9reo, que contemplar\u00e1 projeto do Minfra de desestatiza\u00e7\u00e3o de aeroportos regionais no Amazonas (Parintins, Carauari, Coari, Eirunep\u00e9, S\u00e3o Gabriel da Cachoeira, Barcelos, L\u00e1brea e Mau\u00e9s), com previs\u00e3o de investimentos na ordem de R$ 380 milh\u00f5es. O minist\u00e9rio espera iniciar o processo de consulta p\u00fablica neste ano, com realiza\u00e7\u00e3o de leil\u00e3o no in\u00edcio de 2023.<\/p>\n\n\n\n<p>Outro ponto ressaltado por Glanzmann \u00e9 a possibilidade de o governo federal publicar edital e promover leil\u00e3o para relicitar um aeroporto antes do c\u00e1lculo da indeniza\u00e7\u00e3o com a concession\u00e1ria que abre m\u00e3o da administra\u00e7\u00e3o do ativo. Atualmente, o governo defende essa situa\u00e7\u00e3o junto ao TCU (Tribunal de Contas da Uni\u00e3o) para os casos de relicita\u00e7\u00e3o dos aeroportos de S\u00e3o Gon\u00e7alo do Amarante (RN) e Viracopos (SP), o que dever\u00e1 ocorrer tamb\u00e9m no caso do Gale\u00e3o (RJ), ainda em an\u00e1lise.<\/p>\n\n\n\n<p><strong>Setor satisfeito<\/strong><br>Na avalia\u00e7\u00e3o da Abear (Associa\u00e7\u00e3o Brasileira das Empresas A\u00e9reas), o parecer est\u00e1 na dire\u00e7\u00e3o correta e \u00e9 fruto do di\u00e1logo entre todos os setores envolvidos, o Parlamento e o governo.<\/p>\n\n\n\n<p>A associa\u00e7\u00e3o ressalta a inclus\u00e3o de dois temas importantes para a avia\u00e7\u00e3o comercial: um que trata da regulamenta\u00e7\u00e3o do passageiro indisciplinado, fortalecendo o papel da ANAC para regular o tema, e o outro, um artigo que assegura o atual tratamento tribut\u00e1rio do setor.<\/p>\n\n\n\n<p>Na considera\u00e7\u00e3o dos aeroportos representados pela Aneaa (Associa\u00e7\u00e3o Nacional das Empresas Administradoras de Aeroportos), as discuss\u00f5es em torno do relat\u00f3rio resultaram em um texto final aceit\u00e1vel, com garantias de receitas e de continuidade dos servi\u00e7os aos aeroportos, o que \u00e9 importante no contexto da pandemia. Mas h\u00e1 pontos, segundo a associa\u00e7\u00e3o, que podem ser melhorados.<\/p>\n\n\n\n<p>Ainda na opini\u00e3o da Aneaa, \u00e9 preciso ter especial aten\u00e7\u00e3o aos itens que tratam da inadimpl\u00eancia das companhias a\u00e9reas e preservam a sustentabilidade do neg\u00f3cio das concession\u00e1rias, para evitar casos como o da Avianca, que ficou inoperante ainda antes da pandemia e pediu fal\u00eancia em 2020, e o da Itapemirim, que no final do ano passado chegou a cancelar todos os voos, alegando a necessidade de fazer ajustes operacionais, e teve sua licen\u00e7a suspensa pela ANAC.<\/p>\n\n\n\n<p>&#8220;\u00c9 importante que os aeroportos tenham seguran\u00e7a financeira, e estamos olhando com aten\u00e7\u00e3o os pontos que tratam desse assunto, debatendo isso com o governo e com o relator&#8221;, afirmou.<\/p>\n\n\n\n<p>O deputado federal Jer\u00f4nimo Goergen (PP-RS), presidente da Frente Parlamentar dos Aeronautas, achou o texto do relat\u00f3rio satisfat\u00f3rio. Segundo Goergen, as preocupa\u00e7\u00f5es que havia do ponto de vista dos aeronautas foram totalmente sanadas.<\/p>\n\n\n\n<p>Para o advogado Ricardo Fenelon Jr., ex-diretor da ANAC, as modifica\u00e7\u00f5es feitas \u00e0 MP parecem mais ajustes do que efetivamente altera\u00e7\u00f5es, o que ele avalia como algo positivo.<\/p>\n","protected":false},"excerpt":{"rendered":"<p>Rodrigo Zuquim, da&nbsp;Ag\u00eancia iNFRA Artigo inclu\u00eddo pelo relator da MP (Medida Provis\u00f3ria) 1.089, chamada &#8220;MP do Voo Simples&#8221;, prop\u00f5e a extin\u00e7\u00e3o da cobran\u00e7a das contribui\u00e7\u00f5es mensais de concession\u00e1rias aeroportu\u00e1rias ao FNAC (Fundo Nacional de Avia\u00e7\u00e3o Civil) a partir de 2023. O parecer do deputado federal General Peternelli (Uni\u00e3o-SP) foi apresentado na \u00faltima ter\u00e7a-feira (5) e [&hellip;]<\/p>\n","protected":false},"author":1,"featured_media":6895,"comment_status":"closed","ping_status":"closed","sticky":false,"template":"","format":"standard","meta":{"_monsterinsights_skip_tracking":false,"_monsterinsights_sitenote_active":false,"_monsterinsights_sitenote_note":"","_monsterinsights_sitenote_category":0,"footnotes":""},"categories":[1,7],"tags":[1393,242,599,734,34,5347,4113,5348,362,70],"class_list":["post-9996","post","type-post","status-publish","format-standard","has-post-thumbnail","hentry","category-geral","category-infratransporte","tag-abear","tag-anac","tag-aviacao-civil","tag-fnac","tag-infraestrutura","tag-mp-1-089","tag-mp-do-voo-simples","tag-tarifas-aeroportuarias","tag-transporte-aereo","tag-transportes"],"yoast_head":"<!-- This site is optimized with the Yoast SEO Premium plugin v25.4 (Yoast SEO v26.0) - https:\/\/yoast.com\/wordpress\/plugins\/seo\/ -->\n<title>Relat\u00f3rio da MP do Voo Simples extingue pagamento mensal de concession\u00e1rias ao FNAC - Ag\u00eancia iNFRA<\/title>\n<meta name=\"robots\" content=\"index, follow, max-snippet:-1, max-image-preview:large, max-video-preview:-1\" \/>\n<link rel=\"canonical\" href=\"https:\/\/agenciainfra.com\/blog\/relatorio-da-mp-do-voo-simples-extingue-pagamentos-de-concessionarias-ao-fnac\/\" \/>\n<meta property=\"og:locale\" content=\"pt_BR\" \/>\n<meta property=\"og:type\" content=\"article\" \/>\n<meta property=\"og:title\" content=\"Relat\u00f3rio da MP do Voo Simples extingue pagamento mensal de concession\u00e1rias ao FNAC\" \/>\n<meta property=\"og:description\" content=\"Rodrigo Zuquim, da&nbsp;Ag\u00eancia iNFRA Artigo inclu\u00eddo pelo relator da MP (Medida Provis\u00f3ria) 1.089, chamada &#8220;MP do Voo Simples&#8221;, prop\u00f5e a extin\u00e7\u00e3o da cobran\u00e7a das contribui\u00e7\u00f5es mensais de concession\u00e1rias aeroportu\u00e1rias ao FNAC (Fundo Nacional de Avia\u00e7\u00e3o Civil) a partir de 2023. O parecer do deputado federal General Peternelli (Uni\u00e3o-SP) foi apresentado na \u00faltima ter\u00e7a-feira (5) e [&hellip;]\" \/>\n<meta property=\"og:url\" content=\"https:\/\/agenciainfra.com\/blog\/relatorio-da-mp-do-voo-simples-extingue-pagamentos-de-concessionarias-ao-fnac\/\" \/>\n<meta property=\"og:site_name\" content=\"Ag\u00eancia iNFRA\" \/>\n<meta property=\"article:publisher\" content=\"https:\/\/www.facebook.com\/ageninfra\" \/>\n<meta property=\"article:published_time\" content=\"2022-04-09T12:00:00+00:00\" \/>\n<meta property=\"article:modified_time\" content=\"2022-04-09T13:33:19+00:00\" \/>\n<meta property=\"og:image\" content=\"https:\/\/agenciainfra.com\/blog\/wp-content\/uploads\/2021\/03\/aeroporto-sao-goncalo-do-amarante-foto-prefeitura-sao-goncalo-do-amarante.jpeg\" \/>\n\t<meta property=\"og:image:width\" content=\"1280\" \/>\n\t<meta property=\"og:image:height\" content=\"854\" \/>\n\t<meta property=\"og:image:type\" content=\"image\/jpeg\" \/>\n<meta name=\"author\" content=\"Ag\u00eancia iNFRA\" \/>\n<meta name=\"twitter:card\" content=\"summary_large_image\" \/>\n<meta name=\"twitter:creator\" content=\"@agencia_infra\" \/>\n<meta name=\"twitter:site\" content=\"@agencia_infra\" \/>\n<meta name=\"twitter:label1\" content=\"Escrito por\" \/>\n\t<meta name=\"twitter:data1\" content=\"Ag\u00eancia iNFRA\" \/>\n\t<meta name=\"twitter:label2\" content=\"Est. tempo de leitura\" \/>\n\t<meta name=\"twitter:data2\" content=\"5 minutos\" \/>\n<script type=\"application\/ld+json\" class=\"yoast-schema-graph\">{\"@context\":\"https:\/\/schema.org\",\"@graph\":[{\"@type\":\"Article\",\"@id\":\"https:\/\/agenciainfra.com\/blog\/relatorio-da-mp-do-voo-simples-extingue-pagamentos-de-concessionarias-ao-fnac\/#article\",\"isPartOf\":{\"@id\":\"https:\/\/agenciainfra.com\/blog\/relatorio-da-mp-do-voo-simples-extingue-pagamentos-de-concessionarias-ao-fnac\/\"},\"author\":{\"name\":\"Ag\u00eancia iNFRA\",\"@id\":\"https:\/\/agenciainfra.com\/blog\/#\/schema\/person\/34af08dff6adea4cb22b06612ba7acfa\"},\"headline\":\"Relat\u00f3rio da MP do Voo Simples extingue pagamento mensal de concession\u00e1rias ao FNAC\",\"datePublished\":\"2022-04-09T12:00:00+00:00\",\"dateModified\":\"2022-04-09T13:33:19+00:00\",\"mainEntityOfPage\":{\"@id\":\"https:\/\/agenciainfra.com\/blog\/relatorio-da-mp-do-voo-simples-extingue-pagamentos-de-concessionarias-ao-fnac\/\"},\"wordCount\":988,\"publisher\":{\"@id\":\"https:\/\/agenciainfra.com\/blog\/#organization\"},\"image\":{\"@id\":\"https:\/\/agenciainfra.com\/blog\/relatorio-da-mp-do-voo-simples-extingue-pagamentos-de-concessionarias-ao-fnac\/#primaryimage\"},\"thumbnailUrl\":\"https:\/\/agenciainfra.com\/blog\/wp-content\/uploads\/2021\/03\/aeroporto-sao-goncalo-do-amarante-foto-prefeitura-sao-goncalo-do-amarante.jpeg\",\"keywords\":[\"Abear\",\"ANAC\",\"avia\u00e7\u00e3o civil\",\"FNAC\",\"Infraestrutura\",\"MP 1.089\",\"MP do Voo Simples\",\"tarifas aeroportu\u00e1rias\",\"transporte a\u00e9reo\",\"transportes\"],\"articleSection\":[\"Geral\",\"iNFRATransporte\"],\"inLanguage\":\"pt-BR\",\"copyrightYear\":\"2022\",\"copyrightHolder\":{\"@id\":\"https:\/\/agenciainfra.com\/blog\/#organization\"}},{\"@type\":\"WebPage\",\"@id\":\"https:\/\/agenciainfra.com\/blog\/relatorio-da-mp-do-voo-simples-extingue-pagamentos-de-concessionarias-ao-fnac\/\",\"url\":\"https:\/\/agenciainfra.com\/blog\/relatorio-da-mp-do-voo-simples-extingue-pagamentos-de-concessionarias-ao-fnac\/\",\"name\":\"Relat\u00f3rio da MP do Voo Simples extingue pagamento mensal de concession\u00e1rias ao FNAC - Ag\u00eancia iNFRA\",\"isPartOf\":{\"@id\":\"https:\/\/agenciainfra.com\/blog\/#website\"},\"primaryImageOfPage\":{\"@id\":\"https:\/\/agenciainfra.com\/blog\/relatorio-da-mp-do-voo-simples-extingue-pagamentos-de-concessionarias-ao-fnac\/#primaryimage\"},\"image\":{\"@id\":\"https:\/\/agenciainfra.com\/blog\/relatorio-da-mp-do-voo-simples-extingue-pagamentos-de-concessionarias-ao-fnac\/#primaryimage\"},\"thumbnailUrl\":\"https:\/\/agenciainfra.com\/blog\/wp-content\/uploads\/2021\/03\/aeroporto-sao-goncalo-do-amarante-foto-prefeitura-sao-goncalo-do-amarante.jpeg\",\"datePublished\":\"2022-04-09T12:00:00+00:00\",\"dateModified\":\"2022-04-09T13:33:19+00:00\",\"breadcrumb\":{\"@id\":\"https:\/\/agenciainfra.com\/blog\/relatorio-da-mp-do-voo-simples-extingue-pagamentos-de-concessionarias-ao-fnac\/#breadcrumb\"},\"inLanguage\":\"pt-BR\",\"potentialAction\":[{\"@type\":\"ReadAction\",\"target\":[\"https:\/\/agenciainfra.com\/blog\/relatorio-da-mp-do-voo-simples-extingue-pagamentos-de-concessionarias-ao-fnac\/\"]}]},{\"@type\":\"ImageObject\",\"inLanguage\":\"pt-BR\",\"@id\":\"https:\/\/agenciainfra.com\/blog\/relatorio-da-mp-do-voo-simples-extingue-pagamentos-de-concessionarias-ao-fnac\/#primaryimage\",\"url\":\"https:\/\/agenciainfra.com\/blog\/wp-content\/uploads\/2021\/03\/aeroporto-sao-goncalo-do-amarante-foto-prefeitura-sao-goncalo-do-amarante.jpeg\",\"contentUrl\":\"https:\/\/agenciainfra.com\/blog\/wp-content\/uploads\/2021\/03\/aeroporto-sao-goncalo-do-amarante-foto-prefeitura-sao-goncalo-do-amarante.jpeg\",\"width\":1280,\"height\":854,\"caption\":\"Foto: Prefeitura de S\u00e3o Gon\u00e7alo do Amarante\"},{\"@type\":\"BreadcrumbList\",\"@id\":\"https:\/\/agenciainfra.com\/blog\/relatorio-da-mp-do-voo-simples-extingue-pagamentos-de-concessionarias-ao-fnac\/#breadcrumb\",\"itemListElement\":[{\"@type\":\"ListItem\",\"position\":1,\"name\":\"In\u00edcio\",\"item\":\"https:\/\/agenciainfra.com\/blog\/\"},{\"@type\":\"ListItem\",\"position\":2,\"name\":\"Relat\u00f3rio da MP do Voo Simples extingue pagamento mensal de concession\u00e1rias ao FNAC\"}]},{\"@type\":\"WebSite\",\"@id\":\"https:\/\/agenciainfra.com\/blog\/#website\",\"url\":\"https:\/\/agenciainfra.com\/blog\/\",\"name\":\"Ag\u00eancia iNFRA\",\"description\":\"Multiplataforma de informa\u00e7\u00e3o jornal\u00edstica refer\u00eancia na \u00e1rea de infraestrutura no Brasil!\",\"publisher\":{\"@id\":\"https:\/\/agenciainfra.com\/blog\/#organization\"},\"potentialAction\":[{\"@type\":\"SearchAction\",\"target\":{\"@type\":\"EntryPoint\",\"urlTemplate\":\"https:\/\/agenciainfra.com\/blog\/?s={search_term_string}\"},\"query-input\":{\"@type\":\"PropertyValueSpecification\",\"valueRequired\":true,\"valueName\":\"search_term_string\"}}],\"inLanguage\":\"pt-BR\"},{\"@type\":\"Organization\",\"@id\":\"https:\/\/agenciainfra.com\/blog\/#organization\",\"name\":\"Ag\u00eancia iNFRA\",\"url\":\"https:\/\/agenciainfra.com\/blog\/\",\"logo\":{\"@type\":\"ImageObject\",\"inLanguage\":\"pt-BR\",\"@id\":\"https:\/\/agenciainfra.com\/blog\/#\/schema\/logo\/image\/\",\"url\":\"https:\/\/agenciainfra.com\/blog\/wp-content\/uploads\/2023\/09\/iNFRA_5-e1761735885940.png\",\"contentUrl\":\"https:\/\/agenciainfra.com\/blog\/wp-content\/uploads\/2023\/09\/iNFRA_5-e1761735885940.png\",\"width\":1672,\"height\":454,\"caption\":\"Ag\u00eancia iNFRA\"},\"image\":{\"@id\":\"https:\/\/agenciainfra.com\/blog\/#\/schema\/logo\/image\/\"},\"sameAs\":[\"https:\/\/www.facebook.com\/ageninfra\",\"https:\/\/x.com\/agencia_infra\",\"https:\/\/www.linkedin.com\/company\/ag\u00eanciainfra\/\",\"https:\/\/www.instagram.com\/agenciainfra\/\"]},{\"@type\":\"Person\",\"@id\":\"https:\/\/agenciainfra.com\/blog\/#\/schema\/person\/34af08dff6adea4cb22b06612ba7acfa\",\"name\":\"Ag\u00eancia iNFRA\",\"image\":{\"@type\":\"ImageObject\",\"inLanguage\":\"pt-BR\",\"@id\":\"https:\/\/agenciainfra.com\/blog\/#\/schema\/person\/image\/\",\"url\":\"https:\/\/secure.gravatar.com\/avatar\/d189e01678f06d8eb84d4e01f08eb848b3fffe3f8443818d3c356c66892f5be8?s=96&d=mm&r=g\",\"contentUrl\":\"https:\/\/secure.gravatar.com\/avatar\/d189e01678f06d8eb84d4e01f08eb848b3fffe3f8443818d3c356c66892f5be8?s=96&d=mm&r=g\",\"caption\":\"Ag\u00eancia iNFRA\"},\"url\":\"https:\/\/agenciainfra.com\/blog\/author\/admin\/\"}]}<\/script>\n<!-- \/ Yoast SEO Premium plugin. -->","yoast_head_json":{"title":"Relat\u00f3rio da MP do Voo Simples extingue pagamento mensal de concession\u00e1rias ao FNAC - Ag\u00eancia iNFRA","robots":{"index":"index","follow":"follow","max-snippet":"max-snippet:-1","max-image-preview":"max-image-preview:large","max-video-preview":"max-video-preview:-1"},"canonical":"https:\/\/agenciainfra.com\/blog\/relatorio-da-mp-do-voo-simples-extingue-pagamentos-de-concessionarias-ao-fnac\/","og_locale":"pt_BR","og_type":"article","og_title":"Relat\u00f3rio da MP do Voo Simples extingue pagamento mensal de concession\u00e1rias ao FNAC","og_description":"Rodrigo Zuquim, da&nbsp;Ag\u00eancia iNFRA Artigo inclu\u00eddo pelo relator da MP (Medida Provis\u00f3ria) 1.089, chamada &#8220;MP do Voo Simples&#8221;, prop\u00f5e a extin\u00e7\u00e3o da cobran\u00e7a das contribui\u00e7\u00f5es mensais de concession\u00e1rias aeroportu\u00e1rias ao FNAC (Fundo Nacional de Avia\u00e7\u00e3o Civil) a partir de 2023. O parecer do deputado federal General Peternelli (Uni\u00e3o-SP) foi apresentado na \u00faltima ter\u00e7a-feira (5) e [&hellip;]","og_url":"https:\/\/agenciainfra.com\/blog\/relatorio-da-mp-do-voo-simples-extingue-pagamentos-de-concessionarias-ao-fnac\/","og_site_name":"Ag\u00eancia iNFRA","article_publisher":"https:\/\/www.facebook.com\/ageninfra","article_published_time":"2022-04-09T12:00:00+00:00","article_modified_time":"2022-04-09T13:33:19+00:00","og_image":[{"width":1280,"height":854,"url":"https:\/\/agenciainfra.com\/blog\/wp-content\/uploads\/2021\/03\/aeroporto-sao-goncalo-do-amarante-foto-prefeitura-sao-goncalo-do-amarante.jpeg","type":"image\/jpeg"}],"author":"Ag\u00eancia iNFRA","twitter_card":"summary_large_image","twitter_creator":"@agencia_infra","twitter_site":"@agencia_infra","twitter_misc":{"Escrito por":"Ag\u00eancia iNFRA","Est. tempo de leitura":"5 minutos"},"schema":{"@context":"https:\/\/schema.org","@graph":[{"@type":"Article","@id":"https:\/\/agenciainfra.com\/blog\/relatorio-da-mp-do-voo-simples-extingue-pagamentos-de-concessionarias-ao-fnac\/#article","isPartOf":{"@id":"https:\/\/agenciainfra.com\/blog\/relatorio-da-mp-do-voo-simples-extingue-pagamentos-de-concessionarias-ao-fnac\/"},"author":{"name":"Ag\u00eancia iNFRA","@id":"https:\/\/agenciainfra.com\/blog\/#\/schema\/person\/34af08dff6adea4cb22b06612ba7acfa"},"headline":"Relat\u00f3rio da MP do Voo Simples extingue pagamento mensal de concession\u00e1rias ao FNAC","datePublished":"2022-04-09T12:00:00+00:00","dateModified":"2022-04-09T13:33:19+00:00","mainEntityOfPage":{"@id":"https:\/\/agenciainfra.com\/blog\/relatorio-da-mp-do-voo-simples-extingue-pagamentos-de-concessionarias-ao-fnac\/"},"wordCount":988,"publisher":{"@id":"https:\/\/agenciainfra.com\/blog\/#organization"},"image":{"@id":"https:\/\/agenciainfra.com\/blog\/relatorio-da-mp-do-voo-simples-extingue-pagamentos-de-concessionarias-ao-fnac\/#primaryimage"},"thumbnailUrl":"https:\/\/agenciainfra.com\/blog\/wp-content\/uploads\/2021\/03\/aeroporto-sao-goncalo-do-amarante-foto-prefeitura-sao-goncalo-do-amarante.jpeg","keywords":["Abear","ANAC","avia\u00e7\u00e3o civil","FNAC","Infraestrutura","MP 1.089","MP do Voo Simples","tarifas aeroportu\u00e1rias","transporte a\u00e9reo","transportes"],"articleSection":["Geral","iNFRATransporte"],"inLanguage":"pt-BR","copyrightYear":"2022","copyrightHolder":{"@id":"https:\/\/agenciainfra.com\/blog\/#organization"}},{"@type":"WebPage","@id":"https:\/\/agenciainfra.com\/blog\/relatorio-da-mp-do-voo-simples-extingue-pagamentos-de-concessionarias-ao-fnac\/","url":"https:\/\/agenciainfra.com\/blog\/relatorio-da-mp-do-voo-simples-extingue-pagamentos-de-concessionarias-ao-fnac\/","name":"Relat\u00f3rio da MP do Voo Simples extingue pagamento mensal de concession\u00e1rias ao FNAC - Ag\u00eancia iNFRA","isPartOf":{"@id":"https:\/\/agenciainfra.com\/blog\/#website"},"primaryImageOfPage":{"@id":"https:\/\/agenciainfra.com\/blog\/relatorio-da-mp-do-voo-simples-extingue-pagamentos-de-concessionarias-ao-fnac\/#primaryimage"},"image":{"@id":"https:\/\/agenciainfra.com\/blog\/relatorio-da-mp-do-voo-simples-extingue-pagamentos-de-concessionarias-ao-fnac\/#primaryimage"},"thumbnailUrl":"https:\/\/agenciainfra.com\/blog\/wp-content\/uploads\/2021\/03\/aeroporto-sao-goncalo-do-amarante-foto-prefeitura-sao-goncalo-do-amarante.jpeg","datePublished":"2022-04-09T12:00:00+00:00","dateModified":"2022-04-09T13:33:19+00:00","breadcrumb":{"@id":"https:\/\/agenciainfra.com\/blog\/relatorio-da-mp-do-voo-simples-extingue-pagamentos-de-concessionarias-ao-fnac\/#breadcrumb"},"inLanguage":"pt-BR","potentialAction":[{"@type":"ReadAction","target":["https:\/\/agenciainfra.com\/blog\/relatorio-da-mp-do-voo-simples-extingue-pagamentos-de-concessionarias-ao-fnac\/"]}]},{"@type":"ImageObject","inLanguage":"pt-BR","@id":"https:\/\/agenciainfra.com\/blog\/relatorio-da-mp-do-voo-simples-extingue-pagamentos-de-concessionarias-ao-fnac\/#primaryimage","url":"https:\/\/agenciainfra.com\/blog\/wp-content\/uploads\/2021\/03\/aeroporto-sao-goncalo-do-amarante-foto-prefeitura-sao-goncalo-do-amarante.jpeg","contentUrl":"https:\/\/agenciainfra.com\/blog\/wp-content\/uploads\/2021\/03\/aeroporto-sao-goncalo-do-amarante-foto-prefeitura-sao-goncalo-do-amarante.jpeg","width":1280,"height":854,"caption":"Foto: Prefeitura de S\u00e3o Gon\u00e7alo do Amarante"},{"@type":"BreadcrumbList","@id":"https:\/\/agenciainfra.com\/blog\/relatorio-da-mp-do-voo-simples-extingue-pagamentos-de-concessionarias-ao-fnac\/#breadcrumb","itemListElement":[{"@type":"ListItem","position":1,"name":"In\u00edcio","item":"https:\/\/agenciainfra.com\/blog\/"},{"@type":"ListItem","position":2,"name":"Relat\u00f3rio da MP do Voo Simples extingue pagamento mensal de concession\u00e1rias ao FNAC"}]},{"@type":"WebSite","@id":"https:\/\/agenciainfra.com\/blog\/#website","url":"https:\/\/agenciainfra.com\/blog\/","name":"Ag\u00eancia iNFRA","description":"Multiplataforma de informa\u00e7\u00e3o jornal\u00edstica refer\u00eancia na \u00e1rea de infraestrutura no Brasil!","publisher":{"@id":"https:\/\/agenciainfra.com\/blog\/#organization"},"potentialAction":[{"@type":"SearchAction","target":{"@type":"EntryPoint","urlTemplate":"https:\/\/agenciainfra.com\/blog\/?s={search_term_string}"},"query-input":{"@type":"PropertyValueSpecification","valueRequired":true,"valueName":"search_term_string"}}],"inLanguage":"pt-BR"},{"@type":"Organization","@id":"https:\/\/agenciainfra.com\/blog\/#organization","name":"Ag\u00eancia iNFRA","url":"https:\/\/agenciainfra.com\/blog\/","logo":{"@type":"ImageObject","inLanguage":"pt-BR","@id":"https:\/\/agenciainfra.com\/blog\/#\/schema\/logo\/image\/","url":"https:\/\/agenciainfra.com\/blog\/wp-content\/uploads\/2023\/09\/iNFRA_5-e1761735885940.png","contentUrl":"https:\/\/agenciainfra.com\/blog\/wp-content\/uploads\/2023\/09\/iNFRA_5-e1761735885940.png","width":1672,"height":454,"caption":"Ag\u00eancia iNFRA"},"image":{"@id":"https:\/\/agenciainfra.com\/blog\/#\/schema\/logo\/image\/"},"sameAs":["https:\/\/www.facebook.com\/ageninfra","https:\/\/x.com\/agencia_infra","https:\/\/www.linkedin.com\/company\/ag\u00eanciainfra\/","https:\/\/www.instagram.com\/agenciainfra\/"]},{"@type":"Person","@id":"https:\/\/agenciainfra.com\/blog\/#\/schema\/person\/34af08dff6adea4cb22b06612ba7acfa","name":"Ag\u00eancia iNFRA","image":{"@type":"ImageObject","inLanguage":"pt-BR","@id":"https:\/\/agenciainfra.com\/blog\/#\/schema\/person\/image\/","url":"https:\/\/secure.gravatar.com\/avatar\/d189e01678f06d8eb84d4e01f08eb848b3fffe3f8443818d3c356c66892f5be8?s=96&d=mm&r=g","contentUrl":"https:\/\/secure.gravatar.com\/avatar\/d189e01678f06d8eb84d4e01f08eb848b3fffe3f8443818d3c356c66892f5be8?s=96&d=mm&r=g","caption":"Ag\u00eancia iNFRA"},"url":"https:\/\/agenciainfra.com\/blog\/author\/admin\/"}]}},"_links":{"self":[{"href":"https:\/\/agenciainfra.com\/blog\/wp-json\/wp\/v2\/posts\/9996","targetHints":{"allow":["GET"]}}],"collection":[{"href":"https:\/\/agenciainfra.com\/blog\/wp-json\/wp\/v2\/posts"}],"about":[{"href":"https:\/\/agenciainfra.com\/blog\/wp-json\/wp\/v2\/types\/post"}],"author":[{"embeddable":true,"href":"https:\/\/agenciainfra.com\/blog\/wp-json\/wp\/v2\/users\/1"}],"replies":[{"embeddable":true,"href":"https:\/\/agenciainfra.com\/blog\/wp-json\/wp\/v2\/comments?post=9996"}],"version-history":[{"count":0,"href":"https:\/\/agenciainfra.com\/blog\/wp-json\/wp\/v2\/posts\/9996\/revisions"}],"wp:featuredmedia":[{"embeddable":true,"href":"https:\/\/agenciainfra.com\/blog\/wp-json\/wp\/v2\/media\/6895"}],"wp:attachment":[{"href":"https:\/\/agenciainfra.com\/blog\/wp-json\/wp\/v2\/media?parent=9996"}],"wp:term":[{"taxonomy":"category","embeddable":true,"href":"https:\/\/agenciainfra.com\/blog\/wp-json\/wp\/v2\/categories?post=9996"},{"taxonomy":"post_tag","embeddable":true,"href":"https:\/\/agenciainfra.com\/blog\/wp-json\/wp\/v2\/tags?post=9996"}],"curies":[{"name":"wp","href":"https:\/\/api.w.org\/{rel}","templated":true}]}}